{"id":607564,"date":"2025-11-28T03:21:16","date_gmt":"2025-11-28T03:21:16","guid":{"rendered":"https:\/\/www.europesays.com\/de\/607564\/"},"modified":"2025-11-28T03:21:16","modified_gmt":"2025-11-28T03:21:16","slug":"berliner-hallenbaeder-schliessen-ueber-weihnachten-und-an-silvester","status":"publish","type":"post","link":"https:\/\/www.europesays.com\/de\/607564\/","title":{"rendered":"Berliner Hallenb\u00e4der schlie\u00dfen \u00fcber Weihnachten und an Silvester"},"content":{"rendered":"<p>Die Hallenb\u00e4der der Berliner B\u00e4derbetriebe bleiben zum Ende dieses Jahres an vier Tagen geschlossen. An Weihnachten (24. bis 26. Dezember) sowie Silvester (31. Dezember) wird es keinen Betrieb geben, wie die B\u00e4derbetriebe am Donnerstag mitteilten. Zum ersten Mal werden die Hallenb\u00e4der an diesen Tagen komplett geschlossen sein, wie eine Sprecherin rbb|24 auf Nachfrage mitteilte.<\/p>\n<p>&#8222;Die Berliner B\u00e4derbetriebe sehen sich verpflichtet, die zur Verf\u00fcgung stehenden Mittel aus Steuergeldern so effizient wie m\u00f6glich einzusetzen. Gleichzeitig ber\u00fccksichtigen wir die Interessen von Badeg\u00e4sten und Mitarbeitenden&#8220;, so die Sprecherin.<\/p>\n","protected":false},"excerpt":{"rendered":"Die Hallenb\u00e4der der Berliner B\u00e4derbetriebe bleiben zum Ende dieses Jahres an vier Tagen geschlossen. An Weihnachten (24. bis&hellip;\n","protected":false},"author":2,"featured_media":607565,"comment_status":"","ping_status":"","sticky":false,"template":"","format":"standard","meta":{"footnotes":""},"categories":[1825],"tags":[296,29,30,134296],"class_list":{"0":"post-607564","1":"post","2":"type-post","3":"status-publish","4":"format-standard","5":"has-post-thumbnail","7":"category-berlin","8":"tag-berlin","9":"tag-deutschland","10":"tag-germany","11":"tag-rbb24tagesschau"},"share_on_mastodon":{"url":"https:\/\/pubeurope.com\/@de\/115625176928670450","error":""},"_links":{"self":[{"href":"https:\/\/www.europesays.com\/de\/wp-json\/wp\/v2\/posts\/607564","targetHints":{"allow":["GET"]}}],"collection":[{"href":"https:\/\/www.europesays.com\/de\/wp-json\/wp\/v2\/posts"}],"about":[{"href":"https:\/\/www.europesays.com\/de\/wp-json\/wp\/v2\/types\/post"}],"author":[{"embeddable":true,"href":"https:\/\/www.europesays.com\/de\/wp-json\/wp\/v2\/users\/2"}],"replies":[{"embeddable":true,"href":"https:\/\/www.europesays.com\/de\/wp-json\/wp\/v2\/comments?post=607564"}],"version-history":[{"count":0,"href":"https:\/\/www.europesays.com\/de\/wp-json\/wp\/v2\/posts\/607564\/revisions"}],"wp:featuredmedia":[{"embeddable":true,"href":"https:\/\/www.europesays.com\/de\/wp-json\/wp\/v2\/media\/607565"}],"wp:attachment":[{"href":"https:\/\/www.europesays.com\/de\/wp-json\/wp\/v2\/media?parent=607564"}],"wp:term":[{"taxonomy":"category","embeddable":true,"href":"https:\/\/www.europesays.com\/de\/wp-json\/wp\/v2\/categories?post=607564"},{"taxonomy":"post_tag","embeddable":true,"href":"https:\/\/www.europesays.com\/de\/wp-json\/wp\/v2\/tags?post=607564"}],"curies":[{"name":"wp","href":"https:\/\/api.w.org\/{rel}","templated":true}]}}