{"id":607568,"date":"2025-11-28T03:23:14","date_gmt":"2025-11-28T03:23:14","guid":{"rendered":"https:\/\/www.europesays.com\/de\/607568\/"},"modified":"2025-11-28T03:23:14","modified_gmt":"2025-11-28T03:23:14","slug":"prinz-william-feiert-besonderes-jubilaeum-mit-rolling-stones-star","status":"publish","type":"post","link":"https:\/\/www.europesays.com\/de\/607568\/","title":{"rendered":"Prinz William feiert besonderes Jubil\u00e4um \u2013 mit &#8222;Rolling Stones&#8220;-Star"},"content":{"rendered":"<p>Mit einem &#8222;Rolling Stones&#8220;-Star<\/p>\n<p>Prinz William feiert besonderes Jubil\u00e4um<\/p>\n<p>von spot on news<\/p>\n<p>27.11.2025, 19:24 Uhr<\/p>\n<p>27. November 2025 um 19:24 Uhr<\/p>\n<p>Erschien in Kooperation mit<\/p>\n<p><a href=\"https:\/\/public.spot-on-news.de\/\" target=\"_blank\" rel=\"sponsored nofollow noopener\" data-qa-partner-block-logo-link=\"\"><img decoding=\"async\" data-hk=\"00932120a1410210010\" loading=\"lazy\" src=\"https:\/\/www.europesays.com\/de\/wp-content\/uploads\/2025\/11\/1764300192_821_dc5a1d89-de98-4020-9390-be44e6ef5c3e.a36fcdf3-493b-48ef-b839-58d541b4260c.png\" alt=\"spot on news\" width=\"61\" height=\"40\"\/><\/a><\/p>\n<p>Prinz William hat ein ganz besonderes Jubil\u00e4um gefeiert. Bei den Tusk Awards in London 20 Jahre Engagement f\u00fcr den Naturschutz gefeiert \u2013 Unterst\u00fctzung erhielt der Royal unter anderem von Rolling-Stones-Star Ron Wood.<\/p>\n<p><a href=\"https:\/\/www.bunte.de\/starprofile\/prinz-william\/page-1.html\" rel=\"follow nofollow noopener\" target=\"_self\">Prinz William <\/a>(43) hat am Mittwochabend ein besonderes Jubil\u00e4um gefeiert &#8211; und bekam dabei prominente Unterst\u00fctzung: In Anwesenheit von Rolling-Stones-Bassist Ron Wood (78) w\u00fcrdigte der Prinz von Wales in London 20 Jahre Engagement f\u00fcr die Wildtierschutzorganisation Tusk.<\/p>\n<p>Ronnie Wood mischte sich im roten Satin-Jackett und gemeinsam mit Ehefrau Sally Wood (47) unter die G\u00e4ste. <a href=\"https:\/\/www.bunte.de\/royals\/britisches-koenigshaus\/als-es-um-kate-geht-geraet-william-ins-schwaermen_9b9ce3c2-dad6-484f-8623-6a483748e287.html\" rel=\"follow nofollow noopener\" target=\"_self\">Prinz William, der erst \u00fcber Prinzessin Kate schw\u00e4rmte,<\/a> erschien in einem eleganten dunkelblauen Anzug zur j\u00e4hrlichen Tusk-Awards-Gala, wo er nicht nur eine Rede hielt, sondern auch die Auszeichnungen pers\u00f6nlich \u00fcberreichte &#8211; unter anderem den &#8222;Prince William Award for Conservation in Africa&#8220;. In seiner Rede w\u00fcrdigte William die Bedeutung jener Menschen, die &#8222;an vorderster Front&#8220; Tiere und Natur sch\u00fctzen.<\/p>\n<p>ANZEIGE<img decoding=\"async\" data-hk=\"00932120a20230302010\" loading=\"lazy\"  src=\"https:\/\/www.europesays.com\/de\/wp-content\/uploads\/2025\/11\/c49ab131-91c7-4761-9fea-0e7aae2706cb.098a3859-d657-481f-9727-3d3e659c18b3.jpg\"  alt=\"Prinz William bei den &quot;Tusk Conservation Awards&quot; im vergangenen Jahr (2024)\" width=\"1080\" height=\"720\"\/> Prinz William bei den &#8222;Tusk Conservation Awards&#8220; im vergangenen Jahr (2024)  ImagoImages Emotionaler R\u00fcckblick f\u00fcr Prinz William<\/p>\n<p>F\u00fcr William war der Abend ein emotionaler R\u00fcckblick auf zwei Jahrzehnte Engagement: Seit 2005 unterst\u00fctzt er Tusk, eine der ersten Wohlt\u00e4tigkeitsorganisationen, die er nach dem Studium \u00f6ffentlich annahm. Die Gala bot ihm Gelegenheit, mit Unterst\u00fctzern und Preistr\u00e4gern ins Gespr\u00e4ch zu kommen und die Fortschritte im Schutz gef\u00e4hrdeter Arten hervorzuheben.<\/p>\n<p>Ronnie Wood, selbst langj\u00e4hriger Unterst\u00fctzer verschiedener Naturschutzprojekte, zeigte sich begeistert, an Williams Seite zu stehen. Der Musiker hat immer wieder seine Liebe zur Tierwelt betont und engagiert sich privat f\u00fcr verschiedene Umweltinitiativen. Bereits vergangenes Jahr kam der Rockmusiker bei den Tusk Awards mit William ins Gespr\u00e4ch. Der er\u00f6ffnete ihm damals, dass sein j\u00fcngster Sohn, Prinz Louis (7), Schlagzeug lernt.<\/p>\n","protected":false},"excerpt":{"rendered":"Mit einem &#8222;Rolling Stones&#8220;-Star Prinz William feiert besonderes Jubil\u00e4um von spot on news 27.11.2025, 19:24 Uhr 27. November&hellip;\n","protected":false},"author":2,"featured_media":607569,"comment_status":"","ping_status":"","sticky":false,"template":"","format":"standard","meta":{"footnotes":""},"categories":[1776],"tags":[1801,29,214,30,1802,215],"class_list":{"0":"post-607568","1":"post","2":"type-post","3":"status-publish","4":"format-standard","5":"has-post-thumbnail","7":"category-prominente","8":"tag-celebrities","9":"tag-deutschland","10":"tag-entertainment","11":"tag-germany","12":"tag-prominente","13":"tag-unterhaltung"},"share_on_mastodon":{"url":"https:\/\/pubeurope.com\/@de\/115625185435866664","error":""},"_links":{"self":[{"href":"https:\/\/www.europesays.com\/de\/wp-json\/wp\/v2\/posts\/607568","targetHints":{"allow":["GET"]}}],"collection":[{"href":"https:\/\/www.europesays.com\/de\/wp-json\/wp\/v2\/posts"}],"about":[{"href":"https:\/\/www.europesays.com\/de\/wp-json\/wp\/v2\/types\/post"}],"author":[{"embeddable":true,"href":"https:\/\/www.europesays.com\/de\/wp-json\/wp\/v2\/users\/2"}],"replies":[{"embeddable":true,"href":"https:\/\/www.europesays.com\/de\/wp-json\/wp\/v2\/comments?post=607568"}],"version-history":[{"count":0,"href":"https:\/\/www.europesays.com\/de\/wp-json\/wp\/v2\/posts\/607568\/revisions"}],"wp:featuredmedia":[{"embeddable":true,"href":"https:\/\/www.europesays.com\/de\/wp-json\/wp\/v2\/media\/607569"}],"wp:attachment":[{"href":"https:\/\/www.europesays.com\/de\/wp-json\/wp\/v2\/media?parent=607568"}],"wp:term":[{"taxonomy":"category","embeddable":true,"href":"https:\/\/www.europesays.com\/de\/wp-json\/wp\/v2\/categories?post=607568"},{"taxonomy":"post_tag","embeddable":true,"href":"https:\/\/www.europesays.com\/de\/wp-json\/wp\/v2\/tags?post=607568"}],"curies":[{"name":"wp","href":"https:\/\/api.w.org\/{rel}","templated":true}]}}