{"id":607572,"date":"2025-11-28T03:26:18","date_gmt":"2025-11-28T03:26:18","guid":{"rendered":"https:\/\/www.europesays.com\/de\/607572\/"},"modified":"2025-11-28T03:26:18","modified_gmt":"2025-11-28T03:26:18","slug":"rbb24-abendschau-vom-27-11-2025-rbb","status":"publish","type":"post","link":"https:\/\/www.europesays.com\/de\/607572\/","title":{"rendered":"rbb24 Abendschau vom 27.11.2025 | rbb"},"content":{"rendered":"<p>\tweitere Themen der Sendung<\/p>\n<p class=\"manualteaserroofline\">Wirtschaft<\/p>\n<p>\t\t<a href=\"https:\/\/www.rbb-online.de\/abendschau\/videos\/20251127_1930\/black-week-kleine-labels-kaempfen-mit-rekord-retouren.html\" class=\"sendeplatz\" rel=\"nofollow noopener\" target=\"_blank\"><br \/>\n\t\tBlack Week: Kleine Labels k\u00e4mpfen mit Rekord-Retouren<\/p>\n<p>\t\t<\/a><\/p>\n<p>Retouren geh\u00f6ren im Onlinehandel l\u00e4ngst zum Alltag \u2013 mit Folgen f\u00fcr kleine Labels. Die Neuk\u00f6llner Designerin Aigerim Usabaev erlebt das seit Jahren: Rabattaktionen bringen &#8230;<\/p>\n<p class=\"manualteaserroofline\">Sport<\/p>\n<p>\t\t<a href=\"https:\/\/www.rbb-online.de\/abendschau\/videos\/20251127_1930\/buendnis-startet-volksbegehren-gegen-olympia-bewerbung.html\" class=\"sendeplatz\" rel=\"nofollow noopener\" target=\"_blank\"><br \/>\n\t\tB\u00fcndnis startet Volksbegehren gegen Olympia-Bewerbung<\/p>\n<p>\t\t<\/a><\/p>\n<p>Die NOlympia-Kampagne macht Ernst: Anfang 2026 will das B\u00fcndnis  Unterschriften f\u00fcr ein Volksbegehren gegen Berlins Olympia-Bewerbung sammeln.  Der jetzt vorgestellte Text &#8230;<\/p>\n<p class=\"manualteaserroofline\">Politik<\/p>\n<p>\t\t<a href=\"https:\/\/www.rbb-online.de\/abendschau\/videos\/20251127_1930\/landesrechnungshof-ruegt-berlins-haushaltspolitik.html\" class=\"sendeplatz\" rel=\"nofollow noopener\" target=\"_blank\"><br \/>\n\t\tLandesrechnungshof r\u00fcgt Berlins Haushaltspolitik<\/p>\n<p>\t\t<\/a><\/p>\n<p>Der Berliner Rechnungshof \u00fcbt  massive Kritik an der schwarz-roten Haushaltspolitik:  Berlin gebe seit Jahren rund zwei Milliarden Euro mehr aus, als hereinkommt \u2013 und drohe &#8230;<\/p>\n<p>\t\t<a href=\"https:\/\/www.rbb-online.de\/abendschau\/videos\/20251127_1930\/nachrichten-aus-berlin.html\" class=\"sendeplatz\" rel=\"nofollow noopener\" target=\"_blank\"><br \/>\n\t\tNachrichten I<\/p>\n<p>\t\t<\/a><\/p>\n<p>+++ Transporter mit mehr als einer Tonne illegaler Pyrotechnik gestoppt +++ Polizei sucht entflohenen Gefangenen +++  SEZ wird f\u00fcr Abriss vorbereitet  +++ Verdi fordert von &#8230;<\/p>\n<p class=\"manualteaserroofline\">Wohnen<\/p>\n<p>\t\t<a href=\"https:\/\/www.rbb-online.de\/abendschau\/videos\/20251127_1930\/bedarf-an-barrierefreien-wohnungen-steigt-rasant.html\" class=\"sendeplatz\" rel=\"nofollow noopener\" target=\"_blank\"><br \/>\n\t\tBedarf an barrierefreien Wohnungen steigt rasant<\/p>\n<p>\t\t<\/a><\/p>\n<p>Der Druck auf dem Berliner Wohnungsmarkt trifft Menschen mit Behinderung besonders hart: Weil zu wenig barrierefrei gebaut wird, landen viele von ihnen in teuren &#8230;<\/p>\n<p class=\"manualteaserroofline\">Kontraste<\/p>\n<p>\t\t<a href=\"https:\/\/www.rbb-online.de\/abendschau\/videos\/20251127_1930\/neue-palaestina-arbeitsgemeinschaft-verstaerkt-internen-streit-der-linken.html\" class=\"sendeplatz\" rel=\"nofollow noopener\" target=\"_blank\"><br \/>\n\t\tNeue Pal\u00e4stina-Arbeitsgemeinschaft verst\u00e4rkt internen Streit der Linken<\/p>\n<p>\t\t<\/a><\/p>\n<p>Die Nahost-Debatte wird f\u00fcr die Partei Die Linke zu einer Zerrei\u00dfprobe. Manche Genossen wollen die Partei zu einem radikalen Anti-Israel-Kurs treiben. An diesem Wochenende &#8230;<\/p>\n<p class=\"manualteaserroofline\">Politik<\/p>\n<p>\t\t<a href=\"https:\/\/www.rbb-online.de\/abendschau\/videos\/20251127_1930\/abgeordnete-debattieren-parlamentsberichterstattung-des-rbb.html\" class=\"sendeplatz\" rel=\"nofollow noopener\" target=\"_blank\"><br \/>\n\t\tAbgeordnete debattieren Parlamentsberichterstattung des rbb<\/p>\n<p>\t\t<\/a><\/p>\n<p>Die Parlamentsberichterstattung des rbb steht auf der Agenda: Abgeordnete aus Berlin und Brandenburg kritisieren das Aus der Sendung &#8222;Heute im Parlament&#8220; zum &#8230;<\/p>\n<p>\t\t<a href=\"https:\/\/www.rbb-online.de\/abendschau\/videos\/20251127_1930\/nachrichten-aus-berlin2.html\" class=\"sendeplatz\" rel=\"nofollow noopener\" target=\"_blank\"><br \/>\n\t\tNachrichten II<\/p>\n<p>\t\t<\/a><\/p>\n<p>+++ Spendenrat: Menschen in Berlin und Brandenburg 2025 deutlich weniger gespendet +++  Hallenb\u00e4der der Berliner B\u00e4der-Betriebe bleiben an den Weihnachtstagen sowie Silvester &#8230;<\/p>\n","protected":false},"excerpt":{"rendered":"weitere Themen der Sendung Wirtschaft Black Week: Kleine Labels k\u00e4mpfen mit Rekord-Retouren Retouren geh\u00f6ren im Onlinehandel l\u00e4ngst zum&hellip;\n","protected":false},"author":2,"featured_media":576192,"comment_status":"","ping_status":"","sticky":false,"template":"","format":"standard","meta":{"footnotes":""},"categories":[1773],"tags":[29,214,30,471,1780,215],"class_list":{"0":"post-607572","1":"post","2":"type-post","3":"status-publish","4":"format-standard","5":"has-post-thumbnail","7":"category-serien","8":"tag-deutschland","9":"tag-entertainment","10":"tag-germany","11":"tag-serien","12":"tag-series","13":"tag-unterhaltung"},"share_on_mastodon":{"url":"https:\/\/pubeurope.com\/@de\/115625196507740997","error":""},"_links":{"self":[{"href":"https:\/\/www.europesays.com\/de\/wp-json\/wp\/v2\/posts\/607572","targetHints":{"allow":["GET"]}}],"collection":[{"href":"https:\/\/www.europesays.com\/de\/wp-json\/wp\/v2\/posts"}],"about":[{"href":"https:\/\/www.europesays.com\/de\/wp-json\/wp\/v2\/types\/post"}],"author":[{"embeddable":true,"href":"https:\/\/www.europesays.com\/de\/wp-json\/wp\/v2\/users\/2"}],"replies":[{"embeddable":true,"href":"https:\/\/www.europesays.com\/de\/wp-json\/wp\/v2\/comments?post=607572"}],"version-history":[{"count":0,"href":"https:\/\/www.europesays.com\/de\/wp-json\/wp\/v2\/posts\/607572\/revisions"}],"wp:featuredmedia":[{"embeddable":true,"href":"https:\/\/www.europesays.com\/de\/wp-json\/wp\/v2\/media\/576192"}],"wp:attachment":[{"href":"https:\/\/www.europesays.com\/de\/wp-json\/wp\/v2\/media?parent=607572"}],"wp:term":[{"taxonomy":"category","embeddable":true,"href":"https:\/\/www.europesays.com\/de\/wp-json\/wp\/v2\/categories?post=607572"},{"taxonomy":"post_tag","embeddable":true,"href":"https:\/\/www.europesays.com\/de\/wp-json\/wp\/v2\/tags?post=607572"}],"curies":[{"name":"wp","href":"https:\/\/api.w.org\/{rel}","templated":true}]}}