{"id":607573,"date":"2025-11-28T03:27:17","date_gmt":"2025-11-28T03:27:17","guid":{"rendered":"https:\/\/www.europesays.com\/de\/607573\/"},"modified":"2025-11-28T03:27:17","modified_gmt":"2025-11-28T03:27:17","slug":"dave-abbruzzese-erinnert-an-grausamen-eddie-vedder-rolling-stone","status":"publish","type":"post","link":"https:\/\/www.europesays.com\/de\/607573\/","title":{"rendered":"Dave Abbruzzese erinnert an \u201egrausamen\u201c Eddie Vedder \u2014 Rolling Stone"},"content":{"rendered":"<p>        <img decoding=\"async\" src=\"https:\/\/www.europesays.com\/de\/wp-content\/uploads\/2025\/03\/rs-badge-recommendation.png\" alt=\"ROLLING STONE Badge\"\/><\/p>\n<p>Empfehlungen der\u00a0Redaktion<\/p>\n<p><img loading=\"lazy\" decoding=\"async\" src=\"https:\/\/www.europesays.com\/de\/wp-content\/uploads\/2025\/11\/053d77dc5d85448f9d3c689ccb8fbc64.gif\" alt=\"\" width=\"1\" height=\"1\"\/>Der ehemalige Pearl-Jam-Schlagzeuger <a href=\"https:\/\/www.rollingstone.de\/pearl-jam-dave-abbruzese-schaetzt-seine-chancen-ein-3038323\/\" rel=\"nofollow noopener\" target=\"_blank\">Dave Abbruzzese<\/a> teilt heftig gegen seinen fr\u00fcheren Bandkollegen Eddie Vedder aus. In einem Facebook-Posting erinnert sich der Musiker an sein letztes Konzert mit der Grunge-Band aus Seattle. Am 17. April 1994 spielte er mit Pearl Jam im Paramount Theatre in New York City \u2013 kurz darauf wurde er gefeuert.<\/p>\n<p class=\"p1\">Abbruzzese schreibt: \u201eMein letztes Konzert mit Pearl Jam. Eddie wusste, dass es mein letztes war. Soweit ich wei\u00df, wusste es sonst niemand, aber Eddie wusste es.\u201c Es sei ein besonderes Fanclub-Konzert gewesen, und gerade deshalb schmerze ihn bis heute, was dann geschah: \u201eDass er mir damals nicht die M\u00f6glichkeit gegeben hat, mich zu bedanken und mich von den Leuten im Publikum zu verabschieden, ist eine der grausamsten Dinge, die mir je ein Mensch angetan hat.\u201c Dann schreibt er: \u201eAber ich habe \u00fcberlebt.\u201c<\/p>\n<p>An dieser Stelle findest du Inhalte aus Facebook Content Feeds<\/p>\n<p>Um mit Inhalten aus Sozialen Netzwerken zu interagieren oder diese darzustellen, brauchen wir deine Zustimmung.<\/p>\n<p>\tSoziale Netzwerke aktivieren<\/p>\n<p>Dave Abbruzzese teilt aus<\/p>\n<p class=\"p1\">Unter seinem Beitrag entwickelte sich anschlie\u00dfend eine Konversation mit Fans. Auf die Frage, wann er zuletzt mit Vedder gesprochen habe, antwortete Abbruzzese: \u201eMonate sp\u00e4ter, drau\u00dfen, nach einer Show von Chris Cornell. Die anderen Jungs haben mich angerufen, nachdem ich gefeuert wurde. Ed hat mich nie angerufen.\u201c Stattdessen habe Vedder nur einmal reagiert \u2013 indem er Abbruzzeses damalige Freundin anschrie, weil dieser trotz des Rauswurfs eine bereits zugesagte Signierstunde in New York wahrnahm. \u201eEr rief an und schrie meine Freundin an, weil ich trotzdem eine In-Store-Promo in New York gemacht habe\u201c, schreibt Abbruzzese. Vedder habe sich dar\u00fcber emp\u00f6rt gezeigt, dass sich der Drummer blicken lie\u00df: \u201eEr war irritiert dar\u00fcber, wie ich es wagen k\u00f6nne, nach meiner Entlassung noch \u201amein Gesicht in der \u00d6ffentlichkeit zu zeigen\u2018.\u201c<\/p>\n<p class=\"p1\">Ein anderer Nutzer kommentierte schlie\u00dflich, man solle die Vergangenheit nach 30 Jahren ruhen lassen. Abbruzzese reagierte darauf leicht genervt: \u201eDu hast noch eine Menge Erwachsenwerden vor dir \u2013 so viel ist in diesem Kommentar offensichtlich.\u201c Richtig vers\u00f6hnlich zeigt sich der Drummer jedenfalls nicht. Auf die Frage, ob er Eddie vergeben habe, schrieb er: \u201eWas gibt es zu vergeben. Wenn Leute so sind, ist das nicht pers\u00f6nlich. Sie sind einfach in ihrer Welt.\u201c<\/p>\n<p>Pearl Jam ohne Drummer<\/p>\n<p class=\"p1\">Seit dem \u00fcberraschenden Ausstieg von Matt Cameron steht Pearl Jam derzeit ohne festen Schlagzeuger da. Die Ger\u00fcchtek\u00fcche brodelt, eine Menge prominenter Namen werden als m\u00f6gliche Nachfolger gehandelt, auch Abbruzzese tauchte immer wieder in Spekulationen auf. Dass er es wird, scheint zumindest nach diesem Posting noch unrealistischer als vorher.<\/p>\n<p class=\"p1\">Fakt ist, dass viele Fans gerade seine Arbeiten auf \u201eVs.\u201c (1993) und \u201eVitalogy\u201c (1994) besonders sch\u00e4tzen; nicht wenige halten ihn nicht nur f\u00fcr den besten Drummer der Band, sondern schreiben auch, dass es mit Pearl Jam nach seinem Rausschmiss bergab ging.<\/p>\n<p>An dieser Stelle findest du Inhalte aus Youtube<\/p>\n<p>Um mit Inhalten aus Sozialen Netzwerken zu interagieren oder diese darzustellen, brauchen wir deine Zustimmung.<\/p>\n<p>\tSoziale Netzwerke aktivieren<\/p>\n<p>Auff\u00e4llig ist zumindest, dass Abbruzzese 2022 schon auf YouTube und anderen Plattformen Drum-Videos postete, in denen er aktuell PJ-Klassiker wie \u201eAnimal\u201c vorf\u00fchrt \u2013 die er einst am Schlagzeug einspielte. Will er sich doch wieder bewerben?<\/p>\n","protected":false},"excerpt":{"rendered":"Empfehlungen der\u00a0Redaktion Der ehemalige Pearl-Jam-Schlagzeuger Dave Abbruzzese teilt heftig gegen seinen fr\u00fcheren Bandkollegen Eddie Vedder aus. In einem&hellip;\n","protected":false},"author":2,"featured_media":607574,"comment_status":"","ping_status":"","sticky":false,"template":"","format":"standard","meta":{"footnotes":""},"categories":[1772],"tags":[29,214,30,1779,810,215],"class_list":{"0":"post-607573","1":"post","2":"type-post","3":"status-publish","4":"format-standard","5":"has-post-thumbnail","7":"category-musik","8":"tag-deutschland","9":"tag-entertainment","10":"tag-germany","11":"tag-music","12":"tag-musik","13":"tag-unterhaltung"},"share_on_mastodon":{"url":"https:\/\/pubeurope.com\/@de\/115625201143796952","error":""},"_links":{"self":[{"href":"https:\/\/www.europesays.com\/de\/wp-json\/wp\/v2\/posts\/607573","targetHints":{"allow":["GET"]}}],"collection":[{"href":"https:\/\/www.europesays.com\/de\/wp-json\/wp\/v2\/posts"}],"about":[{"href":"https:\/\/www.europesays.com\/de\/wp-json\/wp\/v2\/types\/post"}],"author":[{"embeddable":true,"href":"https:\/\/www.europesays.com\/de\/wp-json\/wp\/v2\/users\/2"}],"replies":[{"embeddable":true,"href":"https:\/\/www.europesays.com\/de\/wp-json\/wp\/v2\/comments?post=607573"}],"version-history":[{"count":0,"href":"https:\/\/www.europesays.com\/de\/wp-json\/wp\/v2\/posts\/607573\/revisions"}],"wp:featuredmedia":[{"embeddable":true,"href":"https:\/\/www.europesays.com\/de\/wp-json\/wp\/v2\/media\/607574"}],"wp:attachment":[{"href":"https:\/\/www.europesays.com\/de\/wp-json\/wp\/v2\/media?parent=607573"}],"wp:term":[{"taxonomy":"category","embeddable":true,"href":"https:\/\/www.europesays.com\/de\/wp-json\/wp\/v2\/categories?post=607573"},{"taxonomy":"post_tag","embeddable":true,"href":"https:\/\/www.europesays.com\/de\/wp-json\/wp\/v2\/tags?post=607573"}],"curies":[{"name":"wp","href":"https:\/\/api.w.org\/{rel}","templated":true}]}}