{"id":607578,"date":"2025-11-28T03:30:18","date_gmt":"2025-11-28T03:30:18","guid":{"rendered":"https:\/\/www.europesays.com\/de\/607578\/"},"modified":"2025-11-28T03:30:18","modified_gmt":"2025-11-28T03:30:18","slug":"30-000-euro-brutto-was-hat-mich-da-bloss-geritten","status":"publish","type":"post","link":"https:\/\/www.europesays.com\/de\/607578\/","title":{"rendered":"30.000 Euro brutto. Was hat mich da blo\u00df geritten?"},"content":{"rendered":"<p>Ex-Fu\u00dfballer <\/p>\n<p>&#8222;30.000 Euro brutto. Was hat mich da blo\u00df geritten?&#8220;<\/p>\n<p>28.11.2025 &#8211; 02:52 UhrLesedauer: 3 Min.<\/p>\n<p><a href=\"#focus-0\" class=\"transition-colors duration-200 block text-current relative\" data-sctrack=\"FocusGalleryImage.Reference\"><img fetchpriority=\"high\" data-testid=\"Opener.Image\" style=\"--lqipURL:url('https:\/\/images.t-online.de\/2025\/11\/rx8F2D33Plef\/0x178:3428x1928\/fit-in\/150x0\/filters:blur(25)\/max-kruse-arbeitet-inzwischen-auch-als-fussball-kommentator.jpg')\"   loading=\"eager\" src=\"https:\/\/www.europesays.com\/de\/wp-content\/uploads\/2025\/11\/max-kruse-arbeitet-inzwischen-auch-als-fussball-kommentator.jpg\" alt=\"Max Kruse arbeitet inzwischen auch als Fu\u00dfball-Kommentator.\" title=\"Max Kruse arbeitet inzwischen auch als Fu\u00dfball-Kommentator.\" width=\"3428\" height=\"1928\" class=\"bg-[url:var(--lqipURL)] bg-cover bg-center flex h-full w-full max-w-full\" decoding=\"async\"\/><img style=\"--width:32;--height:32\" loading=\"lazy\" src=\"https:\/\/www.t-online.de\/s\/paper\/_next\/static\/media\/zoom-in.f7dae02f.svg\" alt=\"Vergr\u00f6\u00dfern des Bildes\" title=\"Vergr\u00f6\u00dfern des Bildes\" class=\"block h-[calc(var(--height)_\/_16_*_1rem)] w-[calc(var(--width)_\/_16_*_1rem)] max-w-none absolute bottom-8 right-8 rounded-4 bg-snow p-8\" decoding=\"async\"\/><\/a><\/p>\n<p>Max Kruse arbeitet inzwischen auch als Fu\u00dfball-Kommentator. (Quelle: IMAGO\/Max Maiwald\/DeFodi Images)<\/p>\n<p class=\"font-bold text-18 leading-17\">Fu\u00dfballprofis verdienen in der Regel etwas mehr als der Durchschnitt. Das war bei Max Kruse nicht anders. Nun legte der Ex-St\u00fcrmer sehr detailliert seine Eink\u00fcnfte offen.<\/p>\n<p class=\"text-18 leading-17\">Einmal hatte <a class=\"transition-colors duration-200 cursor-pointer text-inherit no-underline text-salemsfur md:hover:text-magenta md:hover:border-magenta md:focus:text-magenta border-current border-b border-solid break-words\" href=\"https:\/\/www.t-online.de\/themen\/max-kruse\/\" data-sctrack=\"BodyAnchor\" target=\"_blank\" rel=\"noopener\">Max Kruse<\/a> etwas im Taxi liegen gelassen. Nach einem Abend im Casino und anschlie\u00dfender Fahrt ins Restaurant, bei der er von zwei Damen begleitet wurde (&#8222;Ich musste in der Mitte sitzen&#8220;). 2015 war das. In dem Rucksack, den der damalige Bundesligaprofi im Kofferraum verga\u00df, steckten 75.000 Euro Bargeld. Kruse stellte Anzeige gegen den Taxifahrer, doch das Geld blieb verschwunden.<\/p>\n<p class=\"text-18 leading-17\">Von seinem Verein bekam er anschlie\u00dfend \u2013 kein Witz \u2013 eine Geldstrafe aufgebrummt. Bis heute ist nicht bekannt, ob Kruse das Bu\u00dfgeld wegen seines n\u00e4chtlichen Am\u00fcsier-Ausflugs erhielt, oder weil er relativ sorglos mit seinem Verm\u00f6gen umging. Die Episode geh\u00f6rt inzwischen zur Kruse-Folklore. Er selbst hat sie sp\u00e4ter oft zum Besten gegeben.<\/p>\n<p class=\"text-18 leading-17\">Bekannt ist seit dieser Woche auch, was Kruse w\u00e4hrend seiner Laufbahn als Fu\u00dfballer an Geh\u00e4ltern bezog. Dar\u00fcber plauderte der ehemalige Spitzensportler nun im Podcast &#8222;Flatterball&#8220; ausgiebig. Auch, wenn er in dem Gespr\u00e4ch betonte, sich allgemein nicht immer an alles erinnern zu k\u00f6nnen, daran aber schon \u2013 und dann nannte der 37-J\u00e4hrige konkrete Zahlen.<\/p>\n<p class=\"text-18 leading-17\">So habe er 2006 bei den Amateuren von <a class=\"transition-colors duration-200 cursor-pointer text-inherit no-underline text-salemsfur md:hover:text-magenta md:hover:border-magenta md:focus:text-magenta border-current border-b border-solid break-words\" href=\"https:\/\/www.t-online.de\/themen\/sv-werder-bremen\/\" data-sctrack=\"BodyAnchor\" target=\"_blank\" rel=\"noopener\">Werder Bremen<\/a> 1.250 Euro im Monat verdient. Mit der Unterschrift unter seinen ersten Profivertrag im Jahr 2007 waren es dann schon 6.000 Euro. Nach drei Jahren an der Weser zog es den Schleswig-Holsteiner 2009 zum Revierklub FC <a class=\"transition-colors duration-200 cursor-pointer text-inherit no-underline text-salemsfur md:hover:text-magenta md:hover:border-magenta md:focus:text-magenta border-current border-b border-solid break-words\" href=\"https:\/\/www.t-online.de\/themen\/fc-st-pauli\/\" data-sctrack=\"BodyAnchor\" target=\"_blank\" rel=\"noopener\">St. Pauli<\/a>, der damals in der <a class=\"transition-colors duration-200 cursor-pointer text-inherit no-underline text-salemsfur md:hover:text-magenta md:hover:border-magenta md:focus:text-magenta border-current border-b border-solid break-words\" href=\"https:\/\/www.t-online.de\/sport\/fussball\/2-bundesliga\/\" data-sctrack=\"BodyAnchor\" target=\"_blank\" rel=\"noopener\">2. Liga<\/a> kickte. Dort kassierte Kruse zun\u00e4chst 12.000 Euro und sp\u00e4ter 18.000 Monatsgehalt, beim <a class=\"transition-colors duration-200 cursor-pointer text-inherit no-underline text-salemsfur md:hover:text-magenta md:hover:border-magenta md:focus:text-magenta border-current border-b border-solid break-words\" href=\"https:\/\/www.t-online.de\/themen\/sc-freiburg\/\" data-sctrack=\"BodyAnchor\" target=\"_blank\" rel=\"noopener\">SC Freiburg<\/a>, f\u00fcr den er ab 2012 in der <a class=\"transition-colors duration-200 cursor-pointer text-inherit no-underline text-salemsfur md:hover:text-magenta md:hover:border-magenta md:focus:text-magenta border-current border-b border-solid break-words\" href=\"https:\/\/www.t-online.de\/sport\/fussball\/bundesliga\/\" data-sctrack=\"BodyAnchor\" target=\"_blank\" rel=\"noopener\">Bundesliga<\/a> auflief, stieg Kruses Sal\u00e4r dann auf 30.000 Euro.<\/p>\n<p class=\"text-18 leading-17\">Ein Jahr sp\u00e4ter verpflichtete <a class=\"transition-colors duration-200 cursor-pointer text-inherit no-underline text-salemsfur md:hover:text-magenta md:hover:border-magenta md:focus:text-magenta border-current border-b border-solid break-words\" href=\"https:\/\/www.t-online.de\/themen\/borussia-moenchengladbach\/\" data-sctrack=\"BodyAnchor\" target=\"_blank\" rel=\"noopener\">Borussia M\u00f6nchengladbach<\/a> den St\u00fcrmer. Nun wurden die Betr\u00e4ge auf den Kontoausz\u00fcgen sechsstellig. 100.000 Euro \u00fcberwies die Elf vom Niederrhein dem torgef\u00e4hrlichen Angreifer. Kruse zahlte das millionenschwere Jahresgehalt mit 25 Treffern und 22 Vorlagen in 77 Spielen f\u00fcr die &#8222;Fohlen&#8220; zur\u00fcck.<\/p>\n<p class=\"text-18 leading-17\">Einmal in der obersten Etage der Leistungsverg\u00fctung angekommen, ging es weiter. &#8222;Danach kam Wolfsburg, das waren 250.000. Dann Werder Bremen, auch 250.000&#8220;, so Kruse in dem Podcast, den er gemeinsam mit seinem ehemaligen Werder-Mitspieler Martin Harnik betreibt. Kruse wechselte dann in die t\u00fcrkische S\u00fcper Lig, wo er bei Fenerbahce Istanbul 300.000 Euro im Monat erhielt.<\/p>\n","protected":false},"excerpt":{"rendered":"Ex-Fu\u00dfballer &#8222;30.000 Euro brutto. Was hat mich da blo\u00df geritten?&#8220; 28.11.2025 &#8211; 02:52 UhrLesedauer: 3 Min. Max Kruse&hellip;\n","protected":false},"author":2,"featured_media":607579,"comment_status":"","ping_status":"","sticky":false,"template":"","format":"standard","meta":{"footnotes":""},"categories":[136],"tags":[297,1217,29,459,67868,30,144745,727,1598,298,265,2365,10021,931,4978,605],"class_list":{"0":"post-607578","1":"post","2":"type-post","3":"status-publish","4":"format-standard","5":"has-post-thumbnail","7":"category-sport","8":"tag-1-fc-union-berlin","9":"tag-1217","10":"tag-deutschland","11":"tag-fc-st-pauli","12":"tag-fenerbahce-sk","13":"tag-germany","14":"tag-max-kruse","15":"tag-paderborn","16":"tag-restaurant","17":"tag-sc-freiburg","18":"tag-sport","19":"tag-sv-werder-bremen","20":"tag-taxi","21":"tag-vfl-wolfsburg","22":"tag-weser","23":"tag-wolfsburg"},"share_on_mastodon":{"url":"https:\/\/pubeurope.com\/@de\/115625212490005901","error":""},"_links":{"self":[{"href":"https:\/\/www.europesays.com\/de\/wp-json\/wp\/v2\/posts\/607578","targetHints":{"allow":["GET"]}}],"collection":[{"href":"https:\/\/www.europesays.com\/de\/wp-json\/wp\/v2\/posts"}],"about":[{"href":"https:\/\/www.europesays.com\/de\/wp-json\/wp\/v2\/types\/post"}],"author":[{"embeddable":true,"href":"https:\/\/www.europesays.com\/de\/wp-json\/wp\/v2\/users\/2"}],"replies":[{"embeddable":true,"href":"https:\/\/www.europesays.com\/de\/wp-json\/wp\/v2\/comments?post=607578"}],"version-history":[{"count":0,"href":"https:\/\/www.europesays.com\/de\/wp-json\/wp\/v2\/posts\/607578\/revisions"}],"wp:featuredmedia":[{"embeddable":true,"href":"https:\/\/www.europesays.com\/de\/wp-json\/wp\/v2\/media\/607579"}],"wp:attachment":[{"href":"https:\/\/www.europesays.com\/de\/wp-json\/wp\/v2\/media?parent=607578"}],"wp:term":[{"taxonomy":"category","embeddable":true,"href":"https:\/\/www.europesays.com\/de\/wp-json\/wp\/v2\/categories?post=607578"},{"taxonomy":"post_tag","embeddable":true,"href":"https:\/\/www.europesays.com\/de\/wp-json\/wp\/v2\/tags?post=607578"}],"curies":[{"name":"wp","href":"https:\/\/api.w.org\/{rel}","templated":true}]}}