{"id":607583,"date":"2025-11-28T03:33:27","date_gmt":"2025-11-28T03:33:27","guid":{"rendered":"https:\/\/www.europesays.com\/de\/607583\/"},"modified":"2025-11-28T03:33:27","modified_gmt":"2025-11-28T03:33:27","slug":"inventar-von-insolventem-solarhersteller-kommt-unter-den-hammer","status":"publish","type":"post","link":"https:\/\/www.europesays.com\/de\/607583\/","title":{"rendered":"Inventar von insolventem Solarhersteller kommt unter den Hammer"},"content":{"rendered":"<p>Von Simon Kremer<\/p>\n<p>Thalheim\/Hohenstein-Ernstthal &#8211; <b>Beim insolventen Solarmodulhersteller Meyer Burger l\u00e4uft derzeit die Versteigerung des Inventars. <\/b><\/p>\n<p>            <img loading=\"lazy\" decoding=\"async\" class=\"article__img\" alt=\"In der stillgelegten Werkhalle von Meyer Burger in Bitterfeld-Wolfen arbeitet niemand mehr. Stattdessen kommt das Inventar nun unter den Hammer.\" width=\"951\" height=\"634\" src=\"https:\/\/www.europesays.com\/de\/wp-content\/uploads\/2025\/11\/f4e1cac69h1vvlkyh8xfyzr6w4crzgox.jpg\"  \/><\/p>\n<p>            In der stillgelegten Werkhalle von Meyer Burger in Bitterfeld-Wolfen arbeitet niemand mehr. Stattdessen kommt das Inventar nun unter den Hammer.\u00a0\u00a0\u00a9\u00a0Simon Kremer\/dpa<\/p>\n<p>Knapp 1.500 Einzelst\u00fccke von der Topfpflanze \u00fcber B\u00fcrom\u00f6bel und Werkzeuge bis hin zu Produktionsanlagen der Standorte Thalheim (<a href=\"https:\/\/www.tag24.de\/sachsen-anhalt\" target=\"_blank\" rel=\"noopener\">Sachsen-Anhalt<\/a>) und Freiberg (Sachsen) stehen nach Angaben des Auktionators zum Verkauf. <\/p>\n<p>Die Startpreise liegen laut Auktions-Katalog zwischen zehn Euro, etwa f\u00fcr eine Trittleiter, und 1,5 Millionen Euro f\u00fcr eine Solarzellen-Fertigungslinie.<\/p>\n<p>Der Betrieb in den beiden Werken wurde zum 1. September eingestellt, weil kein Investor f\u00fcr das insolvente Unternehmen gefunden werden konnte.<\/p>\n<p><b>Der Gro\u00dfteil der rund 540 Besch\u00e4ftigten wurde nach Angaben des Insolvenzverwalters freigestellt. Die deutschen Tochtergesellschaften des Schweizer Solarherstellers Meyer Burger hatten <\/b><a href=\"https:\/\/www.tag24.de\/nachrichten\/wirtschaft\/solarhersteller-meyer-burger-in-deutschland-insolvent-600-jobs-auf-der-kippe-3390955\" target=\"_blank\" rel=\"noopener\" data-aid=\"3390955\" data-vars-aid=\"3390955\" data-vars-url=\"https:\/\/www.tag24.de\/nachrichten\/wirtschaft\/solarhersteller-meyer-burger-in-deutschland-insolvent-600-jobs-auf-der-kippe-3390955\" data-vars-aplacement=\"intext\">im Mai Insolvenz angemeldet<\/a><b>.<\/b><\/p>\n","protected":false},"excerpt":{"rendered":"Von Simon Kremer Thalheim\/Hohenstein-Ernstthal &#8211; Beim insolventen Solarmodulhersteller Meyer Burger l\u00e4uft derzeit die Versteigerung des Inventars. In der&hellip;\n","protected":false},"author":2,"featured_media":607584,"comment_status":"","ping_status":"","sticky":false,"template":"","format":"standard","meta":{"footnotes":""},"categories":[134],"tags":[175,170,169,29,30,171,174,173,172],"class_list":{"0":"post-607583","1":"post","2":"type-post","3":"status-publish","4":"format-standard","5":"has-post-thumbnail","7":"category-unternehmen-maerkte","8":"tag-business","9":"tag-companies","10":"tag-companies-markets","11":"tag-deutschland","12":"tag-germany","13":"tag-markets","14":"tag-maerkte","15":"tag-unternehmen","16":"tag-unternehmen-maerkte"},"share_on_mastodon":{"url":"https:\/\/pubeurope.com\/@de\/115625224083113721","error":""},"_links":{"self":[{"href":"https:\/\/www.europesays.com\/de\/wp-json\/wp\/v2\/posts\/607583","targetHints":{"allow":["GET"]}}],"collection":[{"href":"https:\/\/www.europesays.com\/de\/wp-json\/wp\/v2\/posts"}],"about":[{"href":"https:\/\/www.europesays.com\/de\/wp-json\/wp\/v2\/types\/post"}],"author":[{"embeddable":true,"href":"https:\/\/www.europesays.com\/de\/wp-json\/wp\/v2\/users\/2"}],"replies":[{"embeddable":true,"href":"https:\/\/www.europesays.com\/de\/wp-json\/wp\/v2\/comments?post=607583"}],"version-history":[{"count":0,"href":"https:\/\/www.europesays.com\/de\/wp-json\/wp\/v2\/posts\/607583\/revisions"}],"wp:featuredmedia":[{"embeddable":true,"href":"https:\/\/www.europesays.com\/de\/wp-json\/wp\/v2\/media\/607584"}],"wp:attachment":[{"href":"https:\/\/www.europesays.com\/de\/wp-json\/wp\/v2\/media?parent=607583"}],"wp:term":[{"taxonomy":"category","embeddable":true,"href":"https:\/\/www.europesays.com\/de\/wp-json\/wp\/v2\/categories?post=607583"},{"taxonomy":"post_tag","embeddable":true,"href":"https:\/\/www.europesays.com\/de\/wp-json\/wp\/v2\/tags?post=607583"}],"curies":[{"name":"wp","href":"https:\/\/api.w.org\/{rel}","templated":true}]}}