{"id":607585,"date":"2025-11-28T03:34:13","date_gmt":"2025-11-28T03:34:13","guid":{"rendered":"https:\/\/www.europesays.com\/de\/607585\/"},"modified":"2025-11-28T03:34:13","modified_gmt":"2025-11-28T03:34:13","slug":"was-ueber-den-angriff-auf-zwei-us-nationalgardisten-bekannt-ist","status":"publish","type":"post","link":"https:\/\/www.europesays.com\/de\/607585\/","title":{"rendered":"Was \u00fcber den Angriff auf zwei US-Nationalgardisten bekannt ist"},"content":{"rendered":"<p>FAZ+Nationalgardisten in D.C. : <\/p>\n<p>Angriff aus dem Hinterhalt<\/p>\n<p>28.11.2025, 02:21Lesezeit: 4 Min.<\/p>\n<p><img decoding=\"async\" alt=\"Sicherheitsbeamte am Mittwoch am Tatort in Washington\" fetchpriority=\"high\" height=\"2000\" loading=\"eager\"  src=\"https:\/\/www.europesays.com\/de\/wp-content\/uploads\/2025\/11\/sicherheitsbeamte-am-mittwoch.webp.webp\" width=\"3000\" class=\"flex h-auto w-full\" tabindex=\"0\" data-selector=\"header-teaser-image\"\/>Bildbeschreibung ausklappen<\/p>\n<p>Sicherheitsbeamte am Mittwoch am Tatort in WashingtonLaif<\/p>\n<p class=\"xs:p1-intro sm:p1-intro-medium flex items-start gap-[10px] pb-[30px]\" data-external-selector=\"header-teaser\">Nach den t\u00f6dlichen Sch\u00fcssen auf zwei Nationalgardisten in Washington spricht Pr\u00e4sident Donald Trump von einem Terrorakt. Der Tatverd\u00e4chtige stammt aus Afghanistan und kam 2021 in die Vereinigten Staaten.<\/p>\n","protected":false},"excerpt":{"rendered":"FAZ+Nationalgardisten in D.C. : Angriff aus dem Hinterhalt 28.11.2025, 02:21Lesezeit: 4 Min. Bildbeschreibung ausklappen Sicherheitsbeamte am Mittwoch am&hellip;\n","protected":false},"author":2,"featured_media":607586,"comment_status":"","ping_status":"","sticky":false,"template":"","format":"standard","meta":{"footnotes":""},"categories":[3],"tags":[13,14,15,12,10,8,9,11,103,104],"class_list":{"0":"post-607585","1":"post","2":"type-post","3":"status-publish","4":"format-standard","5":"has-post-thumbnail","7":"category-welt","8":"tag-headlines","9":"tag-nachrichten","10":"tag-news","11":"tag-schlagzeilen","12":"tag-top-news","13":"tag-top-meldungen","14":"tag-topmeldungen","15":"tag-topnews","16":"tag-welt","17":"tag-world"},"share_on_mastodon":{"url":"https:\/\/pubeurope.com\/@de\/115625228202052109","error":""},"_links":{"self":[{"href":"https:\/\/www.europesays.com\/de\/wp-json\/wp\/v2\/posts\/607585","targetHints":{"allow":["GET"]}}],"collection":[{"href":"https:\/\/www.europesays.com\/de\/wp-json\/wp\/v2\/posts"}],"about":[{"href":"https:\/\/www.europesays.com\/de\/wp-json\/wp\/v2\/types\/post"}],"author":[{"embeddable":true,"href":"https:\/\/www.europesays.com\/de\/wp-json\/wp\/v2\/users\/2"}],"replies":[{"embeddable":true,"href":"https:\/\/www.europesays.com\/de\/wp-json\/wp\/v2\/comments?post=607585"}],"version-history":[{"count":0,"href":"https:\/\/www.europesays.com\/de\/wp-json\/wp\/v2\/posts\/607585\/revisions"}],"wp:featuredmedia":[{"embeddable":true,"href":"https:\/\/www.europesays.com\/de\/wp-json\/wp\/v2\/media\/607586"}],"wp:attachment":[{"href":"https:\/\/www.europesays.com\/de\/wp-json\/wp\/v2\/media?parent=607585"}],"wp:term":[{"taxonomy":"category","embeddable":true,"href":"https:\/\/www.europesays.com\/de\/wp-json\/wp\/v2\/categories?post=607585"},{"taxonomy":"post_tag","embeddable":true,"href":"https:\/\/www.europesays.com\/de\/wp-json\/wp\/v2\/tags?post=607585"}],"curies":[{"name":"wp","href":"https:\/\/api.w.org\/{rel}","templated":true}]}}