{"id":607591,"date":"2025-11-28T03:37:18","date_gmt":"2025-11-28T03:37:18","guid":{"rendered":"https:\/\/www.europesays.com\/de\/607591\/"},"modified":"2025-11-28T03:37:18","modified_gmt":"2025-11-28T03:37:18","slug":"sorge-um-mitteldeutsches-chemiedreieck","status":"publish","type":"post","link":"https:\/\/www.europesays.com\/de\/607591\/","title":{"rendered":"Sorge um Mitteldeutsches Chemiedreieck"},"content":{"rendered":"<p class=\"bold\">\n\t\t\t\t\t\t\t\t\t\tDroht der Absturz einer ganzen Region? Politiker schlagen Alarm, weil sich Unternehmen zur\u00fcckziehen \u2013 mit Folgen f\u00fcr einen ganzen Wirtschaftszweig.\t\t\t\t<\/p>\n<p>\t\t\t\t\t\t\t\t\t\t\t\t\t\t\t\t\t\t\tB\u00f6hlen\/Schkopau.<\/p>\n<p>Angesichts der geplanten Schlie\u00dfung von Anlagen beim US-Konzern Dow Chemical sorgen sich Politiker um die Zukunft im Mitteldeutschen Chemiedreieck. Der Ausstieg k\u00f6nne zu einem Dominoeffekt f\u00fchren, der die gesamte Chemieregion gef\u00e4hrde, teilte die Linke nach einer Sitzung des Wirtschaftsausschusses des Landtags mit. Die Partei forderte Bund und Land auf, sich einzumischen. Es gebe eine Vielzahl von Unternehmen, die sich um eine Nachfolge der Dow-Anlagen bewerben w\u00fcrden.\u00a0<\/p>\n<p>Der wirtschaftspolitische Sprecher der SPD-Fraktion in Sachsen-Anhalt, Holger H\u00f6velmann, appellierte neben der Bundesregierung auch in Richtung EU, sich um das Mitteldeutsche Chemiedreieck zu bem\u00fchen. Als systemrelevante Struktur des Chemiestandorts Mitteldeutschland m\u00fcsse es staatliche Intervention geben. Der US-Konzern hatte Anfang Juli bekanntgegeben, einen Teil seiner Anlagen in Schkopau in Sachsen-Anhalt und im s\u00e4chsischen B\u00f6hlen Ende 2027 zu schlie\u00dfen.\u00a0<\/p>\n<p>\tHiobsbotschaften aus der Chemiebranche: 1.500 Stellen werden gestrichen\u00a0<\/p>\n<p>Branchenverb\u00e4nde f\u00fcrchten, dass durch den Wegfall Lieferketten der Chemieindustrie gest\u00f6rt werden k\u00f6nnten. Dow ist ein wichtiger Produzent f\u00fcr viele relevante chemische Baustoffe wie Bindemittel oder Kleb- und Dichtstoffe. Die chemische Industrie sieht sich vor allem wegen hoher Energiekosten unter Druck.\u00a0<\/p>\n<p>Am Donnerstag teilte der Chemiekonzern Wacker mit, 1.500 Stellen zu streichen. Das Unternehmen unterh\u00e4lt im s\u00e4chsischen N\u00fcnchritz einen Standort mit 1.500 Mitarbeitern. In Halle (Saale) hat ein Tochterunternehmen von Wacker aus der Pharmabranche erst im vergangenen Jahr einen neuen Standort er\u00f6ffnet. Dort sind nach Unternehmensangaben rund 250 Mitarbeiter besch\u00e4ftigt. (dpa)<\/p>\n","protected":false},"excerpt":{"rendered":"Droht der Absturz einer ganzen Region? Politiker schlagen Alarm, weil sich Unternehmen zur\u00fcckziehen \u2013 mit Folgen f\u00fcr einen&hellip;\n","protected":false},"author":2,"featured_media":607592,"comment_status":"","ping_status":"","sticky":false,"template":"","format":"standard","meta":{"footnotes":""},"categories":[1860],"tags":[3364,29,548,663,3934,3858,30,4062,17332,13,14,15,17331,860,12],"class_list":{"0":"post-607591","1":"post","2":"type-post","3":"status-publish","4":"format-standard","5":"has-post-thumbnail","7":"category-halle-saale","8":"tag-de","9":"tag-deutschland","10":"tag-eu","11":"tag-europa","12":"tag-europe","13":"tag-firmenleben-firmen-in-not","14":"tag-germany","15":"tag-halle","16":"tag-halle-saale","17":"tag-headlines","18":"tag-nachrichten","19":"tag-news","20":"tag-saale","21":"tag-sachsen-anhalt","22":"tag-schlagzeilen"},"share_on_mastodon":{"url":"https:\/\/pubeurope.com\/@de\/115625239756249589","error":""},"_links":{"self":[{"href":"https:\/\/www.europesays.com\/de\/wp-json\/wp\/v2\/posts\/607591","targetHints":{"allow":["GET"]}}],"collection":[{"href":"https:\/\/www.europesays.com\/de\/wp-json\/wp\/v2\/posts"}],"about":[{"href":"https:\/\/www.europesays.com\/de\/wp-json\/wp\/v2\/types\/post"}],"author":[{"embeddable":true,"href":"https:\/\/www.europesays.com\/de\/wp-json\/wp\/v2\/users\/2"}],"replies":[{"embeddable":true,"href":"https:\/\/www.europesays.com\/de\/wp-json\/wp\/v2\/comments?post=607591"}],"version-history":[{"count":0,"href":"https:\/\/www.europesays.com\/de\/wp-json\/wp\/v2\/posts\/607591\/revisions"}],"wp:featuredmedia":[{"embeddable":true,"href":"https:\/\/www.europesays.com\/de\/wp-json\/wp\/v2\/media\/607592"}],"wp:attachment":[{"href":"https:\/\/www.europesays.com\/de\/wp-json\/wp\/v2\/media?parent=607591"}],"wp:term":[{"taxonomy":"category","embeddable":true,"href":"https:\/\/www.europesays.com\/de\/wp-json\/wp\/v2\/categories?post=607591"},{"taxonomy":"post_tag","embeddable":true,"href":"https:\/\/www.europesays.com\/de\/wp-json\/wp\/v2\/tags?post=607591"}],"curies":[{"name":"wp","href":"https:\/\/api.w.org\/{rel}","templated":true}]}}