{"id":607597,"date":"2025-11-28T03:40:15","date_gmt":"2025-11-28T03:40:15","guid":{"rendered":"https:\/\/www.europesays.com\/de\/607597\/"},"modified":"2025-11-28T03:40:15","modified_gmt":"2025-11-28T03:40:15","slug":"kraftklub-saenger-wuenscht-sich-klarerer-kante-gegen-rechts","status":"publish","type":"post","link":"https:\/\/www.europesays.com\/de\/607597\/","title":{"rendered":"Kraftklub-S\u00e4nger w\u00fcnscht sich klarerer Kante gegen Rechts"},"content":{"rendered":"<p>Felix Kummer, S\u00e4nger der Chemnitzer Band Kraftklub, hat im Kulturhauptstadtjahr mehr klare Kante gegen Rechtsextremismus vermisst. Er und seine Band-Kollegen h\u00e4tten das Jahr sehr genossen, sagte der 36-J\u00e4hrige der Deutschen Presse-Agentur. \u201eAber wir h\u00e4tten uns schon gew\u00fcnscht, dass das Problem mit dem Rechtsextremismus klarer adressiert wird und nicht wieder auf so eine Art, wie wir das eben schon immer kennen nach dem Motto: Man muss doch alle an einen Tisch holen und mit allen reden.\u201c\u00a0<\/p>\n<p>2018 hatte Kraftklub nach rechtsextremen Exzessen in der Stadt das Konzert #WirSindMehr initiiert &#8211; unter anderem mit K.I.Z. und Die Toten Hosen. An diesem Freitag erscheint ihr neues Album \u201eSterben in Karl-Marx-Stadt\u201c. So hie\u00df Chemnitz, das in diesem Jahr Kulturhauptstadt war, in der DDR.<\/p>\n<p>Schmetterlinge im Bauch beim \u201eKosmos\u201c-Festival <\/p>\n<p>Im zur\u00fcckliegenden Jahr habe sich in der Stadt einiges ver\u00e4ndert, sagt Kummer. Aber: \u201eMan darf sich keine Illusion dar\u00fcber machen, dass man mit einem Konzert oder auch mit einem Kulturhauptstadtjahr das Ruder herumrei\u00dfen und korrigieren kann, was die Politik in 30 Jahren vers\u00e4umt hat. Das w\u00e4re zu viel verlangt.\u201c Es sei aber gut, Menschen, die sich engagieren, zu best\u00e4rken. Daf\u00fcr sei so etwas wie das Kulturhauptstadtjahr \u201erichtig stark\u201c.\u00a0<\/p>\n<p>Sein Highlight sei das \u201eKosmos\u201c-Festival gewesen. \u201eDa l\u00e4uft man dann durch die Stadt, die man schon so lange kennt, und hat wieder Schmetterlinge im Bauch\u201c, schw\u00e4rmt der 36-J\u00e4hrige. \u201eDa ist so eine Euphorie, wo man denkt: Das ist eben auch diese Stadt, in der man lebt, und so kann sie eben auch aussehen. Das zu zeigen, so dass alle es sehen k\u00f6nnen, daf\u00fcr lohnt sich das schon.\u201c<\/p>\n<p><a href=\"https:\/\/chemnitz2025.de\/finale\/\" rel=\"nofollow noopener noreferrer\" target=\"_blank\">Programm zum Kulturhautpstad-Finale<\/a><\/p>\n<p>\u00a9 dpa-infocom, dpa:251128-930-351380\/1<\/p>\n","protected":false},"excerpt":{"rendered":"Felix Kummer, S\u00e4nger der Chemnitzer Band Kraftklub, hat im Kulturhauptstadtjahr mehr klare Kante gegen Rechtsextremismus vermisst. Er und&hellip;\n","protected":false},"author":2,"featured_media":607598,"comment_status":"","ping_status":"","sticky":false,"template":"","format":"standard","meta":{"footnotes":""},"categories":[1851],"tags":[2770,3364,29,7488,548,663,3934,30,13,80,45735,2075,2549,14,15,859,12,1163],"class_list":{"0":"post-607597","1":"post","2":"type-post","3":"status-publish","4":"format-standard","5":"has-post-thumbnail","7":"category-chemnitz","8":"tag-chemnitz","9":"tag-de","10":"tag-deutschland","11":"tag-dpa","12":"tag-eu","13":"tag-europa","14":"tag-europe","15":"tag-germany","16":"tag-headlines","17":"tag-kultur","18":"tag-kulturhauptstadt-europas","19":"tag-kunst","20":"tag-leute","21":"tag-nachrichten","22":"tag-news","23":"tag-sachsen","24":"tag-schlagzeilen","25":"tag-tourismus"},"share_on_mastodon":{"url":"https:\/\/pubeurope.com\/@de\/115625251547092697","error":""},"_links":{"self":[{"href":"https:\/\/www.europesays.com\/de\/wp-json\/wp\/v2\/posts\/607597","targetHints":{"allow":["GET"]}}],"collection":[{"href":"https:\/\/www.europesays.com\/de\/wp-json\/wp\/v2\/posts"}],"about":[{"href":"https:\/\/www.europesays.com\/de\/wp-json\/wp\/v2\/types\/post"}],"author":[{"embeddable":true,"href":"https:\/\/www.europesays.com\/de\/wp-json\/wp\/v2\/users\/2"}],"replies":[{"embeddable":true,"href":"https:\/\/www.europesays.com\/de\/wp-json\/wp\/v2\/comments?post=607597"}],"version-history":[{"count":0,"href":"https:\/\/www.europesays.com\/de\/wp-json\/wp\/v2\/posts\/607597\/revisions"}],"wp:featuredmedia":[{"embeddable":true,"href":"https:\/\/www.europesays.com\/de\/wp-json\/wp\/v2\/media\/607598"}],"wp:attachment":[{"href":"https:\/\/www.europesays.com\/de\/wp-json\/wp\/v2\/media?parent=607597"}],"wp:term":[{"taxonomy":"category","embeddable":true,"href":"https:\/\/www.europesays.com\/de\/wp-json\/wp\/v2\/categories?post=607597"},{"taxonomy":"post_tag","embeddable":true,"href":"https:\/\/www.europesays.com\/de\/wp-json\/wp\/v2\/tags?post=607597"}],"curies":[{"name":"wp","href":"https:\/\/api.w.org\/{rel}","templated":true}]}}