{"id":607621,"date":"2025-11-28T03:54:37","date_gmt":"2025-11-28T03:54:37","guid":{"rendered":"https:\/\/www.europesays.com\/de\/607621\/"},"modified":"2025-11-28T03:54:37","modified_gmt":"2025-11-28T03:54:37","slug":"bhc-und-hsv-graefrath-kaempfen-um-den-titel","status":"publish","type":"post","link":"https:\/\/www.europesays.com\/de\/607621\/","title":{"rendered":"BHC und HSV Gr\u00e4frath k\u00e4mpfen um den Titel"},"content":{"rendered":"<p>Handball<\/p>\n<p>Mit BHC und HSV Gr\u00e4frath: Finalrunde der Mini-WM steigt am Sonntag in der Wittkulle<\/p>\n<p class=\"Textstyled__Text-sc-1cqv9mi-0 cLyiiX ArticleHeadstyled__ArticleSubHeadline-sc-tdzyy5-11 fXdZot\">Die \u201eFinal-Fours\u201c der M\u00e4dchen und Jungen versprechen viel Spannung. Werden gleich zwei Solinger Mannschaften triumphieren?<\/p>\n<p class=\"Textstyled__Text-sc-1cqv9mi-0 cLyiiX\">Solingen. Es ist einer der absoluten H\u00f6hepunkte f\u00fcr die jungen Nachwuchshandballer. In der E-Jugend findet unter Schirmherrschaft des Deutschen Handballbundes in allen Bundesl\u00e4ndern die Mini-WM statt. F\u00fcr Solingen haben gleich zwei Mannschaften das Final-Four in der Wittkulle erreicht. Bei den M\u00e4dchen spielt am Sonntag (ab 11 Uhr) der HSV Solingen-Gr\u00e4frath um den Titel, bei den Jungs tritt ab 15 Uhr der gastgebende Bergische HC an.<\/p>\n<p>Weiterlesen nach der Anzeige<\/p>\n<p>Weiterlesen nach der Anzeige<\/p>\n<p class=\"Textstyled__Text-sc-1cqv9mi-0 cLyiiX\">Anwurf bei den HSV-M\u00e4dchen ist um 11.30 Uhr gegen den HC Weiden, im zweiten Halbfinale treffen die SG Unterrath und Adler K\u00f6nigshof aufeinander. Es folgen die Spiele um Bronze und Gold. Die BHC-Jungs, bei denen in dieser Altersklasse auch M\u00e4dchen mitspielen d\u00fcrfen, treffen um 16.15 Uhr auf die HSG Homberg-Rheinhausen. Zuvor haben bereits der MTV K\u00f6ln und JSG Anrath\/Korschenbroich den ersten Finalteilnehmer ermittelt.<\/p>\n<p class=\"Editorialstyled__Editorial-sc-1bfvh9l-0 cSmjnJ\">ST<\/p>\n","protected":false},"excerpt":{"rendered":"Handball Mit BHC und HSV Gr\u00e4frath: Finalrunde der Mini-WM steigt am Sonntag in der Wittkulle Die \u201eFinal-Fours\u201c der&hellip;\n","protected":false},"author":2,"featured_media":607622,"comment_status":"","ping_status":"","sticky":false,"template":"","format":"standard","meta":{"footnotes":""},"categories":[1840],"tags":[3364,29,30,1209,4418],"class_list":{"0":"post-607621","1":"post","2":"type-post","3":"status-publish","4":"format-standard","5":"has-post-thumbnail","7":"category-wuppertal","8":"tag-de","9":"tag-deutschland","10":"tag-germany","11":"tag-nordrhein-westfalen","12":"tag-wuppertal"},"share_on_mastodon":{"url":"https:\/\/pubeurope.com\/@de\/115625306683056091","error":""},"_links":{"self":[{"href":"https:\/\/www.europesays.com\/de\/wp-json\/wp\/v2\/posts\/607621","targetHints":{"allow":["GET"]}}],"collection":[{"href":"https:\/\/www.europesays.com\/de\/wp-json\/wp\/v2\/posts"}],"about":[{"href":"https:\/\/www.europesays.com\/de\/wp-json\/wp\/v2\/types\/post"}],"author":[{"embeddable":true,"href":"https:\/\/www.europesays.com\/de\/wp-json\/wp\/v2\/users\/2"}],"replies":[{"embeddable":true,"href":"https:\/\/www.europesays.com\/de\/wp-json\/wp\/v2\/comments?post=607621"}],"version-history":[{"count":0,"href":"https:\/\/www.europesays.com\/de\/wp-json\/wp\/v2\/posts\/607621\/revisions"}],"wp:featuredmedia":[{"embeddable":true,"href":"https:\/\/www.europesays.com\/de\/wp-json\/wp\/v2\/media\/607622"}],"wp:attachment":[{"href":"https:\/\/www.europesays.com\/de\/wp-json\/wp\/v2\/media?parent=607621"}],"wp:term":[{"taxonomy":"category","embeddable":true,"href":"https:\/\/www.europesays.com\/de\/wp-json\/wp\/v2\/categories?post=607621"},{"taxonomy":"post_tag","embeddable":true,"href":"https:\/\/www.europesays.com\/de\/wp-json\/wp\/v2\/tags?post=607621"}],"curies":[{"name":"wp","href":"https:\/\/api.w.org\/{rel}","templated":true}]}}