{"id":607711,"date":"2025-11-28T04:51:19","date_gmt":"2025-11-28T04:51:19","guid":{"rendered":"https:\/\/www.europesays.com\/de\/607711\/"},"modified":"2025-11-28T04:51:19","modified_gmt":"2025-11-28T04:51:19","slug":"dieser-schauspieler-aus-shelter-ist-bei-der-neuen-coben-serie-wieder-dabei","status":"publish","type":"post","link":"https:\/\/www.europesays.com\/de\/607711\/","title":{"rendered":"Dieser Schauspieler aus \u201eShelter\u201c ist bei der neuen Coben-Serie wieder dabei"},"content":{"rendered":"<ol class=\"id-DonaldBreadcrumb lp_west_breadcrumb id-DonaldBreadcrumb--default\" data-k5a-pos=\"west_breadcrumb\">\n<li class=\"id-Breadcrumb-item\"><a href=\"https:\/\/www.serienjunkies.de\/\" class=\"id-Breadcrumb-link\" data-id-ec=\"{\" shn=\"\" textlink=\"\" data-k5a-pos=\"1_serienjunkies\" rel=\"nofollow noopener\" target=\"_blank\">serienjunkies<\/a><\/li>\n<li class=\"id-Breadcrumb-item\"><a href=\"https:\/\/www.serienjunkies.de\/news\/\" class=\"id-Breadcrumb-link\" data-id-ec=\"{\" shn=\"\" textlink=\"\" data-k5a-pos=\"2_news\" rel=\"nofollow noopener\" target=\"_blank\">News<\/a><\/li>\n<li class=\"id-Breadcrumb-item\"><a href=\"https:\/\/www.serienjunkies.de\/news\/serien\/\" class=\"id-Breadcrumb-link\" data-id-ec=\"{\" shn=\"\" textlink=\"\" data-k5a-pos=\"3_serien\" rel=\"nofollow noopener\" target=\"_blank\">Serien<\/a><\/li>\n<\/ol>\n<p class=\"id-Story-timestamp id-Story-timestamp--default\">Stand: 28.11.2025, 04:54 Uhr<\/p>\n<p class=\"id-Story-authors id-Story-authors--default\">Von: <a class=\"id-Story-authors-link lp_west_author\" href=\"https:\/\/www.serienjunkies.de\/autor\/samantha-bellenbaum-29lln840.html\" title=\"Zur Autorenseite von Samantha Bellenbaum\" data-id-ec=\"{\" shn=\"\" author-link=\"\" bellenbaum=\"\" data-k5a-pos=\"west_author\" rel=\"nofollow noopener\" target=\"_blank\">Samantha Bellenbaum<\/a><\/p>\n<p class=\"id-Story-interactionBar id-Story-interactionBar--default\">DruckenTeilen<\/p>\n<p class=\"id-StoryElement-leadText\">Die zw\u00f6lfte Adaption des Bestseller-Autoren nimmt Gestalt an \u2013 und bringt ein vertrautes Gesicht aus einer fr\u00fcheren Produktion zur\u00fcck.<\/p>\n<p class=\"id-StoryElement-paragraph\"><a href=\"https:\/\/www.serienjunkies.de\/sender\/netflix\/\" target=\"_blank\" class=\"id-import-Link\" data-id-ec=\"{&quot;sht&quot;:&quot;Container&quot;,&quot;shn&quot;:&quot;Story&quot;,&quot;p&quot;:{&quot;containerType&quot;:&quot;Paragraph&quot;,&quot;displayType&quot;:&quot;Paragraph InlineLink&quot;,&quot;type&quot;:&quot;INLINE_LINK&quot;,&quot;value&quot;:&quot;Netflix&quot;,&quot;variant&quot;:&quot;standardLink&quot;,&quot;sponsored&quot;:false,&quot;linkHref&quot;:&quot;https:\/\/www.serienjunkies.de\/sender\/netflix\/&quot;,&quot;storyElementPosition&quot;:8,&quot;storyElementCount&quot;:17}}\" rel=\"nofollow noopener\">Netflix<\/a> und Harlan Coben verbindet eine au\u00dfergew\u00f6hnlich produktive Partnerschaft denn mit \u201e<a href=\"https:\/\/www.serienjunkies.de\/run-away\/\" target=\"_blank\" class=\"id-import-Link\" data-id-ec=\"{&quot;sht&quot;:&quot;Container&quot;,&quot;shn&quot;:&quot;Story&quot;,&quot;p&quot;:{&quot;containerType&quot;:&quot;Paragraph&quot;,&quot;displayType&quot;:&quot;Paragraph InlineLink&quot;,&quot;type&quot;:&quot;INLINE_LINK&quot;,&quot;value&quot;:&quot;Run Away&quot;,&quot;variant&quot;:&quot;standardLink&quot;,&quot;sponsored&quot;:false,&quot;linkHref&quot;:&quot;https:\/\/www.serienjunkies.de\/run-away\/&quot;,&quot;storyElementPosition&quot;:8,&quot;storyElementCount&quot;:17}}\" rel=\"nofollow noopener\">Run Away<\/a>\u201c steht der n\u00e4chste Stoff des umtriebigen US-Autors in den Startl\u00f6chern. Bereits elf Serien sind aus der Zusammenarbeit zwischen dem Streamingdienst und dem Bestseller-Autoren hervorgegangen, darunter echte Publikumsmagneten wie \u201e<a href=\"https:\/\/www.serienjunkies.de\/fool-me-once\/\" target=\"_blank\" class=\"id-import-Link\" data-id-ec=\"{&quot;sht&quot;:&quot;Container&quot;,&quot;shn&quot;:&quot;Story&quot;,&quot;p&quot;:{&quot;containerType&quot;:&quot;Paragraph&quot;,&quot;displayType&quot;:&quot;Paragraph InlineLink&quot;,&quot;type&quot;:&quot;INLINE_LINK&quot;,&quot;value&quot;:&quot;In ewiger Schuld&quot;,&quot;variant&quot;:&quot;standardLink&quot;,&quot;sponsored&quot;:false,&quot;linkHref&quot;:&quot;https:\/\/www.serienjunkies.de\/fool-me-once\/&quot;,&quot;storyElementPosition&quot;:8,&quot;storyElementCount&quot;:17}}\" rel=\"nofollow noopener\">In ewiger Schuld<\/a>\u201c, das mit 98,2 Millionen Views auf Platz 10 der meistgeschauten englischsprachigen Netflix-Serien rangiert. Die Thriller des US-Autoren treffen offenbar einen Nerv beim Streaming-Publikum und sorgen regelm\u00e4\u00dfig f\u00fcr hohe Einschaltquoten.<\/p>\n<p><img decoding=\"async\" class=\"id-RatioPlaceholder-element wv_story_el_image\" src=\"https:\/\/www.europesays.com\/de\/wp-content\/uploads\/2025\/11\/40591549-szenenbild-aus-harlan-cobens-shelter-mit-adrian-greensmith-jaden-michael-und-abby-corrigan-.jpeg\" loading=\"lazy\"   height=\"733\" width=\"1100\" alt=\"Szenenbild aus Harlan Cobens &#x201E;Shelter&#x201C; mit Adrian Greensmith, Jaden Michael und Abby Corrigan.\"\/>Ein bekanntes Gesicht aus \u201eShelter\u201c kehrt zur neuen Harlan Coben-Serie zur\u00fcck. \u00a9\u00a0IMAGO \/ Everett Collection<\/p>\n<p class=\"id-StoryElement-paragraph\">F\u00fcr \u201eRun Away\u201c hat Netflix nun die vollst\u00e4ndige Besetzung bekannt gegeben, die laut Harlan Coben selbst \u201eeine F\u00fclle an Reichtum\u201c darstellt. Neben <a href=\"https:\/\/www.serienjunkies.de\/person\/james-nesbitt\/40507\/\" target=\"_blank\" class=\"id-import-Link\" data-id-ec=\"{&quot;sht&quot;:&quot;Container&quot;,&quot;shn&quot;:&quot;Story&quot;,&quot;p&quot;:{&quot;containerType&quot;:&quot;Paragraph&quot;,&quot;displayType&quot;:&quot;Paragraph InlineLink&quot;,&quot;type&quot;:&quot;INLINE_LINK&quot;,&quot;value&quot;:&quot;James Nesbitt&quot;,&quot;variant&quot;:&quot;standardLink&quot;,&quot;sponsored&quot;:false,&quot;linkHref&quot;:&quot;https:\/\/www.serienjunkies.de\/person\/james-nesbitt\/40507\/&quot;,&quot;storyElementPosition&quot;:11,&quot;storyElementCount&quot;:17}}\" rel=\"nofollow noopener\">James Nesbitt<\/a> (\u201e<a href=\"https:\/\/www.serienjunkies.de\/missing-you\/\" target=\"_blank\" class=\"id-import-Link\" data-id-ec=\"{&quot;sht&quot;:&quot;Container&quot;,&quot;shn&quot;:&quot;Story&quot;,&quot;p&quot;:{&quot;containerType&quot;:&quot;Paragraph&quot;,&quot;displayType&quot;:&quot;Paragraph InlineLink&quot;,&quot;type&quot;:&quot;INLINE_LINK&quot;,&quot;value&quot;:&quot;Ich vermisse dich&quot;,&quot;variant&quot;:&quot;standardLink&quot;,&quot;sponsored&quot;:false,&quot;linkHref&quot;:&quot;https:\/\/www.serienjunkies.de\/missing-you\/&quot;,&quot;storyElementPosition&quot;:11,&quot;storyElementCount&quot;:17}}\" rel=\"nofollow noopener\">Ich vermisse dich<\/a>\u201c), <a href=\"https:\/\/www.serienjunkies.de\/person\/ruth-jones\/538070\/\" target=\"_blank\" class=\"id-import-Link\" data-id-ec=\"{&quot;sht&quot;:&quot;Container&quot;,&quot;shn&quot;:&quot;Story&quot;,&quot;p&quot;:{&quot;containerType&quot;:&quot;Paragraph&quot;,&quot;displayType&quot;:&quot;Paragraph InlineLink&quot;,&quot;type&quot;:&quot;INLINE_LINK&quot;,&quot;value&quot;:&quot;Ruth Jones&quot;,&quot;variant&quot;:&quot;standardLink&quot;,&quot;sponsored&quot;:false,&quot;linkHref&quot;:&quot;https:\/\/www.serienjunkies.de\/person\/ruth-jones\/538070\/&quot;,&quot;storyElementPosition&quot;:11,&quot;storyElementCount&quot;:17}}\" rel=\"nofollow noopener\">Ruth Jones<\/a>, <a href=\"https:\/\/www.serienjunkies.de\/person\/minnie-driver\/12050\/\" target=\"_blank\" class=\"id-import-Link\" data-id-ec=\"{&quot;sht&quot;:&quot;Container&quot;,&quot;shn&quot;:&quot;Story&quot;,&quot;p&quot;:{&quot;containerType&quot;:&quot;Paragraph&quot;,&quot;displayType&quot;:&quot;Paragraph InlineLink&quot;,&quot;type&quot;:&quot;INLINE_LINK&quot;,&quot;value&quot;:&quot;Minnie Driver&quot;,&quot;variant&quot;:&quot;standardLink&quot;,&quot;sponsored&quot;:false,&quot;linkHref&quot;:&quot;https:\/\/www.serienjunkies.de\/person\/minnie-driver\/12050\/&quot;,&quot;storyElementPosition&quot;:11,&quot;storyElementCount&quot;:17}}\" rel=\"nofollow noopener\">Minnie Driver<\/a>, <a href=\"https:\/\/www.serienjunkies.de\/person\/alfred-enoch\/97186\/\" target=\"_blank\" class=\"id-import-Link\" data-id-ec=\"{&quot;sht&quot;:&quot;Container&quot;,&quot;shn&quot;:&quot;Story&quot;,&quot;p&quot;:{&quot;containerType&quot;:&quot;Paragraph&quot;,&quot;displayType&quot;:&quot;Paragraph InlineLink&quot;,&quot;type&quot;:&quot;INLINE_LINK&quot;,&quot;value&quot;:&quot;Alfred Enoch&quot;,&quot;variant&quot;:&quot;standardLink&quot;,&quot;sponsored&quot;:false,&quot;linkHref&quot;:&quot;https:\/\/www.serienjunkies.de\/person\/alfred-enoch\/97186\/&quot;,&quot;storyElementPosition&quot;:11,&quot;storyElementCount&quot;:17}}\" rel=\"nofollow noopener\">Alfred Enoch<\/a> und <a href=\"https:\/\/www.serienjunkies.de\/person\/lucian-msamati\/42676\/\" target=\"_blank\" class=\"id-import-Link\" data-id-ec=\"{&quot;sht&quot;:&quot;Container&quot;,&quot;shn&quot;:&quot;Story&quot;,&quot;p&quot;:{&quot;containerType&quot;:&quot;Paragraph&quot;,&quot;displayType&quot;:&quot;Paragraph InlineLink&quot;,&quot;type&quot;:&quot;INLINE_LINK&quot;,&quot;value&quot;:&quot;Lucian Msamati&quot;,&quot;variant&quot;:&quot;standardLink&quot;,&quot;sponsored&quot;:false,&quot;linkHref&quot;:&quot;https:\/\/www.serienjunkies.de\/person\/lucian-msamati\/42676\/&quot;,&quot;storyElementPosition&quot;:11,&quot;storyElementCount&quot;:17}}\" rel=\"nofollow noopener\">Lucian Msamati<\/a> geh\u00f6ren <a href=\"https:\/\/www.serienjunkies.de\/person\/jonathan-pointing\/669878\/\" target=\"_blank\" class=\"id-import-Link\" data-id-ec=\"{&quot;sht&quot;:&quot;Container&quot;,&quot;shn&quot;:&quot;Story&quot;,&quot;p&quot;:{&quot;containerType&quot;:&quot;Paragraph&quot;,&quot;displayType&quot;:&quot;Paragraph InlineLink&quot;,&quot;type&quot;:&quot;INLINE_LINK&quot;,&quot;value&quot;:&quot;Jon Pointing&quot;,&quot;variant&quot;:&quot;standardLink&quot;,&quot;sponsored&quot;:false,&quot;linkHref&quot;:&quot;https:\/\/www.serienjunkies.de\/person\/jonathan-pointing\/669878\/&quot;,&quot;storyElementPosition&quot;:11,&quot;storyElementCount&quot;:17}}\" rel=\"nofollow noopener\">Jon Pointing<\/a>, <a href=\"https:\/\/www.serienjunkies.de\/person\/ellie-de-lange\/738499\/\" target=\"_blank\" class=\"id-import-Link\" data-id-ec=\"{&quot;sht&quot;:&quot;Container&quot;,&quot;shn&quot;:&quot;Story&quot;,&quot;p&quot;:{&quot;containerType&quot;:&quot;Paragraph&quot;,&quot;displayType&quot;:&quot;Paragraph InlineLink&quot;,&quot;type&quot;:&quot;INLINE_LINK&quot;,&quot;value&quot;:&quot;Ellie de Lange&quot;,&quot;variant&quot;:&quot;standardLink&quot;,&quot;sponsored&quot;:false,&quot;linkHref&quot;:&quot;https:\/\/www.serienjunkies.de\/person\/ellie-de-lange\/738499\/&quot;,&quot;storyElementPosition&quot;:11,&quot;storyElementCount&quot;:17}}\" rel=\"nofollow noopener\">Ellie de Lange<\/a>, <a href=\"https:\/\/www.serienjunkies.de\/person\/adrian-greensmith\/786394\/\" target=\"_blank\" class=\"id-import-Link\" data-id-ec=\"{&quot;sht&quot;:&quot;Container&quot;,&quot;shn&quot;:&quot;Story&quot;,&quot;p&quot;:{&quot;containerType&quot;:&quot;Paragraph&quot;,&quot;displayType&quot;:&quot;Paragraph InlineLink&quot;,&quot;type&quot;:&quot;INLINE_LINK&quot;,&quot;value&quot;:&quot;Adrian Greensmith&quot;,&quot;variant&quot;:&quot;standardLink&quot;,&quot;sponsored&quot;:false,&quot;linkHref&quot;:&quot;https:\/\/www.serienjunkies.de\/person\/adrian-greensmith\/786394\/&quot;,&quot;storyElementPosition&quot;:11,&quot;storyElementCount&quot;:17}}\" rel=\"nofollow noopener\">Adrian Greensmith<\/a>, Ellie Henry, <a href=\"https:\/\/www.serienjunkies.de\/person\/tracy-ann-oberman\/43994\/\" target=\"_blank\" class=\"id-import-Link\" data-id-ec=\"{&quot;sht&quot;:&quot;Container&quot;,&quot;shn&quot;:&quot;Story&quot;,&quot;p&quot;:{&quot;containerType&quot;:&quot;Paragraph&quot;,&quot;displayType&quot;:&quot;Paragraph InlineLink&quot;,&quot;type&quot;:&quot;INLINE_LINK&quot;,&quot;value&quot;:&quot;Tracy-Ann Oberman&quot;,&quot;variant&quot;:&quot;standardLink&quot;,&quot;sponsored&quot;:false,&quot;linkHref&quot;:&quot;https:\/\/www.serienjunkies.de\/person\/tracy-ann-oberman\/43994\/&quot;,&quot;storyElementPosition&quot;:11,&quot;storyElementCount&quot;:17}}\" rel=\"nofollow noopener\">Tracy-Ann Oberman<\/a>, <a href=\"https:\/\/www.serienjunkies.de\/person\/annette-badland\/528375\/\" target=\"_blank\" class=\"id-import-Link\" data-id-ec=\"{&quot;sht&quot;:&quot;Container&quot;,&quot;shn&quot;:&quot;Story&quot;,&quot;p&quot;:{&quot;containerType&quot;:&quot;Paragraph&quot;,&quot;displayType&quot;:&quot;Paragraph InlineLink&quot;,&quot;type&quot;:&quot;INLINE_LINK&quot;,&quot;value&quot;:&quot;Annette Badland&quot;,&quot;variant&quot;:&quot;standardLink&quot;,&quot;sponsored&quot;:false,&quot;linkHref&quot;:&quot;https:\/\/www.serienjunkies.de\/person\/annette-badland\/528375\/&quot;,&quot;storyElementPosition&quot;:11,&quot;storyElementCount&quot;:17}}\" rel=\"nofollow noopener\">Annette Badland<\/a>, <a href=\"https:\/\/www.serienjunkies.de\/person\/ingrid-oliver\/560031\/\" target=\"_blank\" class=\"id-import-Link\" data-id-ec=\"{&quot;sht&quot;:&quot;Container&quot;,&quot;shn&quot;:&quot;Story&quot;,&quot;p&quot;:{&quot;containerType&quot;:&quot;Paragraph&quot;,&quot;displayType&quot;:&quot;Paragraph InlineLink&quot;,&quot;type&quot;:&quot;INLINE_LINK&quot;,&quot;value&quot;:&quot;Ingrid Oliver&quot;,&quot;variant&quot;:&quot;standardLink&quot;,&quot;sponsored&quot;:false,&quot;linkHref&quot;:&quot;https:\/\/www.serienjunkies.de\/person\/ingrid-oliver\/560031\/&quot;,&quot;storyElementPosition&quot;:11,&quot;storyElementCount&quot;:17}}\" rel=\"nofollow noopener\">Ingrid Oliver<\/a>, Maeve Courtier-Lilley, Finty Williams, Joe McGann und Amy Gledhill zum Ensemble. Besonders bemerkenswert: Adrian Greensmith spielte bereits in \u201e<a href=\"https:\/\/www.serienjunkies.de\/shelter\/\" target=\"_blank\" class=\"id-import-Link\" data-id-ec=\"{&quot;sht&quot;:&quot;Container&quot;,&quot;shn&quot;:&quot;Story&quot;,&quot;p&quot;:{&quot;containerType&quot;:&quot;Paragraph&quot;,&quot;displayType&quot;:&quot;Paragraph InlineLink&quot;,&quot;type&quot;:&quot;INLINE_LINK&quot;,&quot;value&quot;:&quot;Harlan Coben&#x2018;s Shelter&quot;,&quot;variant&quot;:&quot;standardLink&quot;,&quot;sponsored&quot;:false,&quot;linkHref&quot;:&quot;https:\/\/www.serienjunkies.de\/shelter\/&quot;,&quot;storyElementPosition&quot;:11,&quot;storyElementCount&quot;:17}}\" rel=\"nofollow noopener\">Harlan Coben\u2018s Shelter<\/a>\u201c mit und kehrt damit ins Coben-Universum zur\u00fcck.<\/p>\n<p>\u201eRun Away\u201c: Harlan Coben lobt Hauptdarsteller und Newcomerin Ellie de Lange<\/p>\n<p class=\"id-StoryElement-paragraph\">Harlan Coben betont besonders die Leistung von Newcomerin Ellie de Lange, die er nach zahlreichen Vorsprechen f\u00fcr die komplexe Rolle der Paige ausw\u00e4hlte. Sie verk\u00f6rpere sowohl die St\u00e4rke als auch die Verletzlichkeit der Figur \u00fcberzeugend. \u00dcber Hauptdarsteller James Nesbitt sagt der Autor, dieser habe erkannt, dass er die ideale Besetzung sei: Nesbitt verf\u00fcge \u00fcber enorme Bandbreite, wirke stets nat\u00fcrlich und authentisch. Er sei ein empathischer Schauspieler, der f\u00fchle und dadurch beim Publikum Mitgef\u00fchl erzeuge.<\/p>\n<p class=\"id-StoryElement-paragraph\">Die Handlung dreht sich um Simon Greene, dessen perfektes Leben kollabiert, nachdem seine \u00e4lteste Tochter Paige von zu Hause wegl\u00e4uft. Als er sie drogenabh\u00e4ngig in einem Stadtpark wiederfindet, eskaliert ein Streit in schockierender Gewalt. Seine verzweifelte Suche f\u00fchrt ihn in die gef\u00e4hrliche Unterwelt und konfrontiert ihn mit tief verborgenen Familiengeheimnissen. Coben erkl\u00e4rt, die Serie handle davon, was Menschen tun, um ihre Familie zusammenzuhalten, welche Geheimnisse innerhalb von Familien existieren und was hinter verschlossenen T\u00fcren geschieht. Auch spannend: <a href=\"https:\/\/www.serienjunkies.de\/news\/serien\/thriller-fool-me-once-sorgt-fuer-spannung-serientipp-auf-netflix-93989859.html\" class=\"id-import-Link\" data-id-ec=\"{&quot;sht&quot;:&quot;Container&quot;,&quot;shn&quot;:&quot;Story&quot;,&quot;p&quot;:{&quot;containerType&quot;:&quot;Paragraph&quot;,&quot;displayType&quot;:&quot;Paragraph InlineLink&quot;,&quot;type&quot;:&quot;INLINE_LINK&quot;,&quot;value&quot;:&quot;Harlan Cobens Thriller-Hit bei Netflix: 8 Folgen, die einen nicht mehr loslassen&quot;,&quot;variant&quot;:&quot;standardLink&quot;,&quot;sponsored&quot;:false,&quot;linkHref&quot;:&quot;https:\/\/www.serienjunkies.de\/news\/serien\/thriller-fool-me-once-sorgt-fuer-spannung-serientipp-auf-netflix-93989859.html&quot;,&quot;storyElementPosition&quot;:15,&quot;storyElementCount&quot;:17}}\" rel=\"nofollow noopener\" target=\"_blank\">Harlan Cobens Thriller-Hit bei Netflix: 8 Folgen, die einen nicht mehr loslassen<\/a>.<\/p>\n<p>Harlan Coben: Alle Serienhits und geplante Projekte des Bestsellerautors<img decoding=\"async\" class=\"id-RatioPlaceholder-element wv_story_el_interstitialImage\" src=\"https:\/\/www.europesays.com\/de\/wp-content\/uploads\/2025\/04\/36836336-serien-von-harlan-coben-missing-you-the-stranger-fool-me-once-1Zfe.jpg\" loading=\"lazy\"   height=\"1125\" width=\"2000\" alt=\"Serien von Harlan Coben: Missing you, The Stranger, Fool me once\"\/><a href=\"https:\/\/www.serienjunkies.de\/news\/storys\/alle-serien-und-geplante-projekte-des-bestsellerautors-harlan-coben-zr-93532407.html\" class=\"id-StoryElement-intestitialLink-link\" data-id-ec=\"{\" shn=\"\" ansehen=\"\" data-k5a-pos=\"west_story_15_photoGalleryLink\" title=\"Zur Fotostrecke: Harlan Coben: Alle Serienhits und geplante Projekte des Bestsellerautors\" rel=\"nofollow noopener\" target=\"_blank\">Fotostrecke ansehen<\/a><\/p>\n<p class=\"id-StoryElement-paragraph\">\u201eRun Away\u201c basiert auf Harlan Cobens gleichnamigem Roman von 2019 und erscheint am 1. Januar 2026 auf Netflix \u2013 genau wie die Vorg\u00e4nger \u201eIn ewiger Schuld\u201c und \u201eIch vermisse dich\u201c. Daniel Brocklehurst, bereits verantwortlich f\u00fcr \u201eIn ewiger Schuld\u201c, \u00fcbernimmt die Hauptverantwortung, w\u00e4hrend Coben als Executive Producer fungiert. Auch<a href=\"https:\/\/www.serienjunkies.de\/news\/serien\/trotz-schlechter-kritiken-harlan-cobens-neuester-thriller-raeumt-in-den-streaming-charts-ab-94007653.html\" class=\"id-import-Link\" data-id-ec=\"{&quot;sht&quot;:&quot;Container&quot;,&quot;shn&quot;:&quot;Story&quot;,&quot;p&quot;:{&quot;containerType&quot;:&quot;Paragraph&quot;,&quot;displayType&quot;:&quot;Paragraph InlineLink&quot;,&quot;type&quot;:&quot;INLINE_LINK&quot;,&quot;value&quot;:&quot; Cobens neuester Thriller r&#xE4;umt trotz schlechter Kritiken in den Streaming-Charts ab&quot;,&quot;variant&quot;:&quot;standardLink&quot;,&quot;sponsored&quot;:false,&quot;linkHref&quot;:&quot;https:\/\/www.serienjunkies.de\/news\/serien\/trotz-schlechter-kritiken-harlan-cobens-neuester-thriller-raeumt-in-den-streaming-charts-ab-94007653.html&quot;,&quot;storyElementPosition&quot;:17,&quot;storyElementCount&quot;:17}}\" rel=\"nofollow noopener\" target=\"_blank\"> Cobens neuester Thriller r\u00e4umt trotz schlechter Kritiken in den Streaming-Charts ab<\/a>.<\/p>\n","protected":false},"excerpt":{"rendered":"serienjunkies News Serien Stand: 28.11.2025, 04:54 Uhr Von: Samantha Bellenbaum DruckenTeilen Die zw\u00f6lfte Adaption des Bestseller-Autoren nimmt Gestalt&hellip;\n","protected":false},"author":2,"featured_media":607712,"comment_status":"","ping_status":"","sticky":false,"template":"","format":"standard","meta":{"footnotes":""},"categories":[1773],"tags":[29,214,30,471,1780,215],"class_list":{"0":"post-607711","1":"post","2":"type-post","3":"status-publish","4":"format-standard","5":"has-post-thumbnail","7":"category-serien","8":"tag-deutschland","9":"tag-entertainment","10":"tag-germany","11":"tag-serien","12":"tag-series","13":"tag-unterhaltung"},"share_on_mastodon":{"url":"https:\/\/pubeurope.com\/@de\/115625531428102127","error":""},"_links":{"self":[{"href":"https:\/\/www.europesays.com\/de\/wp-json\/wp\/v2\/posts\/607711","targetHints":{"allow":["GET"]}}],"collection":[{"href":"https:\/\/www.europesays.com\/de\/wp-json\/wp\/v2\/posts"}],"about":[{"href":"https:\/\/www.europesays.com\/de\/wp-json\/wp\/v2\/types\/post"}],"author":[{"embeddable":true,"href":"https:\/\/www.europesays.com\/de\/wp-json\/wp\/v2\/users\/2"}],"replies":[{"embeddable":true,"href":"https:\/\/www.europesays.com\/de\/wp-json\/wp\/v2\/comments?post=607711"}],"version-history":[{"count":0,"href":"https:\/\/www.europesays.com\/de\/wp-json\/wp\/v2\/posts\/607711\/revisions"}],"wp:featuredmedia":[{"embeddable":true,"href":"https:\/\/www.europesays.com\/de\/wp-json\/wp\/v2\/media\/607712"}],"wp:attachment":[{"href":"https:\/\/www.europesays.com\/de\/wp-json\/wp\/v2\/media?parent=607711"}],"wp:term":[{"taxonomy":"category","embeddable":true,"href":"https:\/\/www.europesays.com\/de\/wp-json\/wp\/v2\/categories?post=607711"},{"taxonomy":"post_tag","embeddable":true,"href":"https:\/\/www.europesays.com\/de\/wp-json\/wp\/v2\/tags?post=607711"}],"curies":[{"name":"wp","href":"https:\/\/api.w.org\/{rel}","templated":true}]}}