{"id":607853,"date":"2025-11-28T06:19:19","date_gmt":"2025-11-28T06:19:19","guid":{"rendered":"https:\/\/www.europesays.com\/de\/607853\/"},"modified":"2025-11-28T06:19:19","modified_gmt":"2025-11-28T06:19:19","slug":"gzsz-vorschau-heute-auf-rtl-lillys-gefuehle-sind-verletzt","status":"publish","type":"post","link":"https:\/\/www.europesays.com\/de\/607853\/","title":{"rendered":"GZSZ-Vorschau heute auf RTL+: Lillys Gef\u00fchle sind verletzt"},"content":{"rendered":"<p>GZSZ-Folge 8415 vom 28. November 2025 auf RTL+ GZSZ-Vorschau auf RTL+: Lillys Gef\u00fchle sind verletzt28. November 2025 um 06:05 Uhr<\/p>\n<p class=\"AnnotatedMarkup-module-scss-module__KC7sFW__paragraph\"><strong>Leidet Lilly unter Liebeskummer?<\/strong><br \/><a href=\"https:\/\/www.rtl.de\/sendungen\/gzsz\/gzsz-sex-geheimnis-iris-mareike-steen-verraet-was-sie-sich-fuer-ihre-rolle-lilly-wuenscht-id5568647.html\" target=\"_self\" rel=\"noopener\">Lilly (Iris Mareike Steen)<\/a> will die ganze Geschichte mit <a href=\"https:\/\/www.rtl.de\/videos\/gzsz-folge-8403-vom-19-november-2025-im-tv-lilly-erfaehrt-endlich-alles-ueber-marens-affaere-mit-julian-690a181c73119d2482048124.html\" target=\"_self\" rel=\"noopener\">Julian (Onno Bu\u00df) und Maren (Eva Mona Rodekirchen)<\/a> einfach nur vergessen. Dass <a href=\"https:\/\/www.rtl.de\/sendungen\/gzsz\/gzsz-star-onno-buss-ist-der-altersunterschied-in-der-liebe-egal-id4360868.html\" target=\"_self\" rel=\"noopener\">die beiden eine Aff\u00e4re hatten<\/a>, kann sie immer noch nicht wirklich glauben. Wie hat ihre eigene Mutter ihr das nur antun k\u00f6nnen? Dass das mit dem Vergessen nicht ganz so leicht ist, wird Lilly schmerzlich bewusst, als sie den beiden zuf\u00e4llig zusammen sieht. Das GZSZ-Vorschau-Video zeigt, wie sehr Lilly unter dem Vertrauensbruch leidet.<\/p>\n<p>Laura ist zur\u00fcck in der Agentur<img alt=\"Erster Arbeitstag f\u00fcr Laura\" fetchpriority=\"auto\" loading=\"lazy\" width=\"940\" height=\"529\" decoding=\"async\" data-nimg=\"1\" class=\"Image-module-scss-module__ad4lTq__image Picture-module-scss-module__qzG4NW__image\" style=\"color:transparent\"   src=\"https:\/\/www.europesays.com\/de\/wp-content\/uploads\/2025\/11\/bild-2025-11-27t155426571.webp.webp\"\/><\/p>\n<p>Erster Arbeitstag f\u00fcr Laura im Berliner B\u00fcro. <\/p>\n<p>RTL<\/p>\n<p class=\"AnnotatedMarkup-module-scss-module__KC7sFW__paragraph\">Seit <a href=\"https:\/\/www.rtl.de\/sendungen\/gzsz\/gzsz-anna-katharina-fecher-und-patrick-heinrich-im-interview-zum-affaeren-sex-von-matilda-und-erik-id30050469.html\" target=\"_self\" rel=\"noopener\">dem Seitensprung mit Matilda (Katharina Fecher)<\/a> kann <a href=\"https:\/\/www.rtl.de\/sendungen\/gzsz\/gzsz-star-patrick-heinrich-liebt-die-neue-story-seiner-rolle-der-zornige-erik-macht-mir-am-meisten-spass-id2030335.html\" target=\"_self\" rel=\"noopener\">Erik (Patrick Heinrich)<\/a> keine Nacht mehr ruhig schlafen. St\u00e4ndig plagt ihn sein schlechtes Gewissen. Mittlerweile f\u00e4llt es ihm sogar schwer, <a href=\"https:\/\/www.rtl.de\/sendungen\/gzsz\/heiratsantrag-bei-gzsz-olivia-marei-erinnert-sich-an-ihren-und-macht-eine-feststellung-id2180348.html\" target=\"_self\" rel=\"noopener\">Toni (Olivia Marei)<\/a> auch nur in die Augen zu gucken. In seiner Verzweiflung vertraut er sich <a href=\"https:\/\/www.rtl.de\/cms\/gzsz-niklas-osterloh-spielt-paul-wiedmann-4052064.html\" target=\"_self\" rel=\"noopener\">Paul (Niklas Osterloh)<\/a> an. <strong>\u201eIch habe richtig Schei\u00dfe gebaut\u201c<\/strong>, gesteht er seinem besten Kumpel. \u201eIch liebe Toni und sonst niemanden, aber ich f\u00fchle mich schei\u00dfe, dass ich sie bel\u00fcgen muss\u201c, setzt er direkt nach. Wie Paul darauf reagiert, zeigt das Vorschau-Video.<\/p>\n<p>Michi bekommt Probleme mit den Beh\u00f6rden<img alt=\"Michi bekommt unliebsamen Besuch.\" fetchpriority=\"auto\" loading=\"lazy\" width=\"940\" height=\"529\" decoding=\"async\" data-nimg=\"1\" class=\"Image-module-scss-module__ad4lTq__image Picture-module-scss-module__qzG4NW__image\" style=\"color:transparent\"   src=\"https:\/\/www.europesays.com\/de\/wp-content\/uploads\/2025\/11\/bild-2025-11-27t155434060.webp.webp\"\/><\/p>\n<p>Michi bekommt unliebsamen Besuch.<\/p>\n<p>RTL<\/p>\n<p class=\"AnnotatedMarkup-module-scss-module__KC7sFW__paragraph\">Mit selbstgemachtem Gl\u00fchwein will <a href=\"https:\/\/www.rtl.de\/cms\/gzsz-lars-pape-spielt-michael-michi-bode-4997831.html\" target=\"_self\" rel=\"noopener\">Michi (Lars Pape)<\/a> das Weihnachtsgesch\u00e4ft des Kiezkauf ankurbeln. \u201eKannst du dir das \u00fcberhaupt leisten bei so viel Konkurrenz?\u201c, witzelt <a href=\"https:\/\/www.rtl.de\/sendungen\/gzsz\/gzsz-patrick-fernandez-spielt-carlos-lopez-id1962304.html\" target=\"_self\" rel=\"noopener\">Carlos (Patrick Fernandez)<\/a> als Michi ihm einen Becher aufs Haus anbietet. \u201eAlso das Zeug von Nina ist ein billiger Abklatsch von meinem Original\u201c, prahlt Michi. Doch seine Freude wird getr\u00fcbt, als das Ordnungsamt unerwartet bei ihm auf der Matte steht. Was die beiden Beamten von ihm m\u00f6chten, verr\u00e4t das GZSZ-Vorschau-Video ganz oben.<\/p>\n<p>Anzeige:<\/p>\n<p>Empfehlungen unserer Partner<\/p>\n<p>Schon jetzt die neueste GZSZ-Folge auf RTL+ streamen<img alt=\"GZSZ\" fetchpriority=\"auto\" loading=\"lazy\" width=\"615\" height=\"346\" decoding=\"async\" data-nimg=\"1\" class=\"Image-module-scss-module__ad4lTq__image RtlPlusContent-module-scss-module__HqmqMa__image\" style=\"color:transparent\"   src=\"https:\/\/www.europesays.com\/de\/wp-content\/uploads\/2025\/08\/gzsz.webp.webp\"\/><\/p>\n<p class=\"AnnotatedMarkup-module-scss-module__KC7sFW__paragraph\">Die ganze GZSZ-Folge von Freitag, den 5. Dezember, k\u00f6nnt ihr bereits eine Woche vorher, also am 28. November ab 19.40 Uhr <a href=\"https:\/\/plus.rtl.de\/video-tv\/serien\/gute-zeiten-schlechte-zeiten-6908?utm_source=rtl&amp;utm_content=30078530&amp;utm_medium=owned&amp;utm_campaign=textlink&amp;utm_term=gute-zeiten-schlechte-zeiten\" target=\"_blank\" rel=\"noopener\">auf RTL+ streamen<\/a>. (kpl)<\/p>\n<p class=\"AnnotatedMarkup-module-scss-module__KC7sFW__paragraph\">Verwendete Quellen: RTL<\/p>\n","protected":false},"excerpt":{"rendered":"GZSZ-Folge 8415 vom 28. November 2025 auf RTL+ GZSZ-Vorschau auf RTL+: Lillys Gef\u00fchle sind verletzt28. November 2025 um&hellip;\n","protected":false},"author":2,"featured_media":607854,"comment_status":"","ping_status":"","sticky":false,"template":"","format":"standard","meta":{"footnotes":""},"categories":[1773],"tags":[84387,29,214,30,1807,725,1810,1809,137307,68435,1806,471,1780,1808,684,215],"class_list":{"0":"post-607853","1":"post","2":"type-post","3":"status-publish","4":"format-standard","5":"has-post-thumbnail","7":"category-serien","8":"tag-chryssanthi-kavazi","9":"tag-deutschland","10":"tag-entertainment","11":"tag-germany","12":"tag-gute-zeiten-schlechte-zeiten","13":"tag-gzsz","14":"tag-gzsz-schauspieler","15":"tag-gzsz-vorschau","16":"tag-iris-mareike-steen","17":"tag-lars-pape","18":"tag-serie","19":"tag-serien","20":"tag-series","21":"tag-soap","22":"tag-tv","23":"tag-unterhaltung"},"share_on_mastodon":{"url":"https:\/\/pubeurope.com\/@de\/115625877639926797","error":""},"_links":{"self":[{"href":"https:\/\/www.europesays.com\/de\/wp-json\/wp\/v2\/posts\/607853","targetHints":{"allow":["GET"]}}],"collection":[{"href":"https:\/\/www.europesays.com\/de\/wp-json\/wp\/v2\/posts"}],"about":[{"href":"https:\/\/www.europesays.com\/de\/wp-json\/wp\/v2\/types\/post"}],"author":[{"embeddable":true,"href":"https:\/\/www.europesays.com\/de\/wp-json\/wp\/v2\/users\/2"}],"replies":[{"embeddable":true,"href":"https:\/\/www.europesays.com\/de\/wp-json\/wp\/v2\/comments?post=607853"}],"version-history":[{"count":0,"href":"https:\/\/www.europesays.com\/de\/wp-json\/wp\/v2\/posts\/607853\/revisions"}],"wp:featuredmedia":[{"embeddable":true,"href":"https:\/\/www.europesays.com\/de\/wp-json\/wp\/v2\/media\/607854"}],"wp:attachment":[{"href":"https:\/\/www.europesays.com\/de\/wp-json\/wp\/v2\/media?parent=607853"}],"wp:term":[{"taxonomy":"category","embeddable":true,"href":"https:\/\/www.europesays.com\/de\/wp-json\/wp\/v2\/categories?post=607853"},{"taxonomy":"post_tag","embeddable":true,"href":"https:\/\/www.europesays.com\/de\/wp-json\/wp\/v2\/tags?post=607853"}],"curies":[{"name":"wp","href":"https:\/\/api.w.org\/{rel}","templated":true}]}}