{"id":607861,"date":"2025-11-28T06:23:18","date_gmt":"2025-11-28T06:23:18","guid":{"rendered":"https:\/\/www.europesays.com\/de\/607861\/"},"modified":"2025-11-28T06:23:18","modified_gmt":"2025-11-28T06:23:18","slug":"biathlon-auftakt-in-oestersund-preuss-grotian-und-co-starten-in-die-mission-olympia","status":"publish","type":"post","link":"https:\/\/www.europesays.com\/de\/607861\/","title":{"rendered":"Biathlon-Auftakt in \u00d6stersund: Preu\u00df, Grotian und Co. starten in die Mission &#8222;Olympia&#8220;"},"content":{"rendered":"<p>            <img loading=\"lazy\" decoding=\"async\" class=\"ts-image\" src=\"https:\/\/www.europesays.com\/de\/wp-content\/uploads\/2025\/11\/jubel-preuss-100.jpg\" alt=\"Franziska Preu\u00df freut sich \u00fcber ihren zweiten Platz im Einzel von \u00d6stersund\" title=\"Franziska Preu\u00df freut sich \u00fcber ihren zweiten Platz im Einzel von \u00d6stersund | IMAGO \/ TT\"\/><\/p>\n<p class=\"metatextline\">Stand: 27.11.2025 20:20 Uhr<\/p>\n<p class=\"textabsatz columns twelve  m-ten  m-offset-one l-eight l-offset-two\">\n        <strong>In \u00d6stersund starten die Biathleten am Wochenende in die Olympiasaison. Nach dem Sieg im Gesamtweltcup vergangenen Winter liegt vor allem bei Franziska Preu\u00df der Fokus auf olympischem Edelmetall. <\/strong>\n    <\/p>\n<p class=\"textabsatz m-ten m-offset-one l-eight l-offset-two columns twelve\">Am Wochenende starten die Biathleten in die Olympiasaison. Gut acht Monate nach dem <a href=\"https:\/\/www.sportschau.de\/wintersport\/biathlon\/franziska-preuss-ist-die-neue-biathlon-koenigin,biathlon-massenstart-frauen-oslo-106.html\" title=\"Biathlon: Franziska Preu\u00df ist die neue K\u00f6nigin - Drama pur gegen Lou Jeanmonnot\" rel=\"nofollow noopener\" target=\"_blank\">dramatischen Saisonabschluss in Oslo<\/a> werden die Uhren wieder auf null gestellt. Franziska Preu\u00df hat sich mit dem Gewinn des Gesamtweltcups im letzten Rennen des vergangenen Winters ihren gr\u00f6\u00dften sportlichen Traum erf\u00fcllt. Trotzdem startet sie noch einmal voll motiviert in die neue Saison, denn im Februar geht es in Antholz um olympisches Edelmetall: &#8222;Olympia war die Motivation, noch mal weiterzumachen.&#8220;<\/p>\n<p class=\"textabsatz m-ten m-offset-one l-eight l-offset-two columns twelve\">Druck versp\u00fcrt Preu\u00df aber keinesfalls: &#8222;Ich bin gl\u00fccklich mit dem, was ich schon erreicht habe. Alles, was dieses Jahr noch kommt, ist f\u00fcr mich definitiv Zugabe.&#8220;<\/p>\n<p>    Preu\u00df wieder Top-Favoritin im Weltcup<\/p>\n<p class=\"textabsatz m-ten m-offset-one l-eight l-offset-two columns twelve\">Felix Bitterling, der Sportdirektor des Deutschen Skiverband (DSV), rechnet damit, dass Preu\u00df trotz der neuen Gelassenheit wieder zu den absoluten Top-Athletinnen im kommenden Winter z\u00e4hlen wird: &#8222;Ich traue ihr alles zu. Sofern es da nicht wieder irgendeinen bl\u00f6den Unfall oder \u00e4hnliches gibt, sieht es gut aus. Franzi geh\u00f6rt zu einer\u00a0Handvoll internationaler Athletinnen, die es zu schlagen gilt.&#8220;<\/p>\n<p class=\"textabsatz m-ten m-offset-one l-eight l-offset-two columns twelve\">Er schiebt aber gleich hinterher, dass der Fokus f\u00fcr Preu\u00df klar auf Olympia liegt, denn Gesamtweltcupsiegerin kann sie sich ja bereits nennen. Die 31-J\u00e4hrige ist aber bei weitem nicht die einzige Hoffnungstr\u00e4gerin im deutschen Team.<\/p>\n<p>    Starkes Frauen-Team<\/p>\n<p class=\"textabsatz m-ten m-offset-one l-eight l-offset-two columns twelve\">Auch Selina Grotian, immerhin Neunte im Gesamtweltcup 2024\/25, kann im Weltcup ganz vorne mitmischen. &#8222;Sofern sie gesund bleibt und ihre Sachen weiterhin macht, dann wird sie mit Sicherheit eine von den Frauen sein, die in Zukunft die Weltspitze mitbestimmen&#8220;, erkl\u00e4rt Bitterling.<\/p>\n<p class=\"textabsatz m-ten m-offset-one l-eight l-offset-two columns twelve\">Auch Top-Talent Julia Tannheimer ist jederzeit f\u00fcr eine \u00dcberraschung gut, haupts\u00e4chlich gilt es f\u00fcr die 20-J\u00e4hrige aber erstmal, m\u00f6glichst viel Weltcup-Erfahrung zu sammeln.<\/p>\n<p class=\"textabsatz m-ten m-offset-one l-eight l-offset-two columns twelve\">Die bringt Vanessa Voigt bereits mit. Sportdirektor Bitterling glaubt, dass sie noch ein bisschen Zeit braucht, um wieder in absoluter Top-Form zu sein, aber &#8222;gerade mit Blick auf Olympia wird mit ihr absolut zu rechnen sein. Und wenn sie k\u00f6rperlich stabil bleibt, wird man noch das eine oder andere Top-Resultat in diesem Winter sehen.&#8220;<\/p>\n<p>    Furioses Baby-Comeback?<\/p>\n<p class=\"textabsatz m-ten m-offset-one l-eight l-offset-two columns twelve\">F\u00fcr die wohl gr\u00f6\u00dfte \u00dcberraschung im Frauen-Team sorgt aktuell Janina Hettich-Walz, die sich bereits eindr\u00fccklich aus der Babypause zur\u00fcckgemeldet hat. Bei den deutschen Meisterschaften sicherte sie sich die Titel im verk\u00fcrzten Einzel und Sprint. Auch bei den internationalen Rennen im schwedischen Idre Fj\u00e4ll \u00fcberzeugte sie und wurde somit direkt wieder f\u00fcr den Weltcup nominiert.<\/p>\n<p class=\"textabsatz m-ten m-offset-one l-eight l-offset-two columns twelve\">&#8222;Was Janina seit ihrer R\u00fcckkehr gemacht hat, da reicht es eigentlich gar nicht, einen Hut zu ziehen. Es ist fantastisch, es gibt kein anderes Wort daf\u00fcr. Sie ist eine Mutter, f\u00fcr die es nat\u00fcrlich schwer ist, ihre Kleine ein paar Wochen zu Hause zu lassen. Es ist sehr beeindruckend, wie sie das organisiert&#8220;, schw\u00e4rmt Bitterling von Hettich-Walz und erg\u00e4nzt: &#8222;Ich habe das Gef\u00fchl, dass Janina noch mal einen Riesenschritt nach vorne gemacht hat. Mit ihr wird schwer zu rechnen sein.&#8220;<\/p>\n<p>    Gro\u00dfe Fragezeichen bei den Biathleten<\/p>\n<p class=\"textabsatz m-ten m-offset-one l-eight l-offset-two columns twelve\">Bei den M\u00e4nnern gab es nach der vergangenen Saison viel aufzuarbeiten. Abgesehen von WM-Bronze mit der Staffel gab es nicht viel zu jubeln f\u00fcr die DSV-Athleten. Bester Deutscher in der Weltcupwertung war Philipp Nawrath auf Platz 14. &#8222;Die Gesamtleistung der M\u00e4nner-Mannschaft wurde in den allermeisten F\u00e4llen unseren Erwartungen und auch der der Athleten selbst nicht gerecht&#8220;, blickt Bitterling zur\u00fcck.<\/p>\n<p class=\"textabsatz m-ten m-offset-one l-eight l-offset-two columns twelve\">Mit Justus Strelow, Philipp Nawrath, Lucas Fratzscher, Simon Kaiser, Philipp Horn und Danilo Riethm\u00fcller startet der DSV in den Olympia-Winter und hofft vor allem auf Patzer der Konkurrenz f\u00fcr Top-Platzierungen: &#8222;Wir wissen, dass die Dichte von absoluten Topathleten bei Norwegen und Frankreich h\u00f6her ist, dass wir uns gesamtheitlich da schwer tun werden. Wir wollen aber gute Leistungen anbieten und unsere Chance nutzen, wenn die Topfavoriten mal nicht so einen guten Tag haben. Und wenn man diese nutzt, dann kann man eine richtig gute Saison haben.&#8220;<\/p>\n<p>    Mit Mentaltrainer zur\u00fcck an die Spitze?<\/p>\n<p class=\"textabsatz m-ten m-offset-one l-eight l-offset-two columns twelve\">Vor allem am Schie\u00dfstand hatte das deutsche Team vergangene Saison Probleme. Darauf hat der Verband reagiert: Bundestrainer Tobias Reiter geht erstmals mit der Unterst\u00fctzung eines Mentaltrainers in den Weltcup-Winter. &#8222;Das ist gut angenommen worden&#8220;, erkl\u00e4rte Bitterling. Schie\u00dfen sei ein &#8222;sehr, sehr mentales Thema&#8220;, so Bitterling weiter: &#8222;Die Jungs haben das Schie\u00dfen nicht verlernt.&#8220;<\/p>\n<p class=\"textabsatz m-ten m-offset-one l-eight l-offset-two columns twelve\">Das k\u00f6nnen sie ab Samstag <a href=\"https:\/\/www.sportschau.de\/wintersport\/wintersport-im-ersten,livestream-wintersport-118.html\" title=\"Livestream - Wintersport im Ersten\" rel=\"nofollow noopener\" target=\"_blank\">(ab 16.55 Uhr live in der ARD<\/a>) beim Weltcup-Auftakt in \u00d6stersund gleich unter Beweis stellen. Die Zielsetzung f\u00fcr Sportdirektor Bitterling: &#8222;F\u00fcr uns ist erst mal wichtig jetzt, dass wir gut reinstarten. Wenn wir es uns aussuchen k\u00f6nnten, dann w\u00fcrden wir einen soliden Start hinlegen und dann stetig besser werden.&#8220; In Top-Form sind die deutschen Biathleten dann im Idealfall im Februar bei den Olympischen Spielen in Antholz.<\/p>\n","protected":false},"excerpt":{"rendered":"Stand: 27.11.2025 20:20 Uhr In \u00d6stersund starten die Biathleten am Wochenende in die Olympiasaison. Nach dem Sieg im&hellip;\n","protected":false},"author":2,"featured_media":607862,"comment_status":"","ping_status":"","sticky":false,"template":"","format":"standard","meta":{"footnotes":""},"categories":[136],"tags":[862,29,30,265,864],"class_list":{"0":"post-607861","1":"post","2":"type-post","3":"status-publish","4":"format-standard","5":"has-post-thumbnail","7":"category-sport","8":"tag-biathlon","9":"tag-deutschland","10":"tag-germany","11":"tag-sport","12":"tag-wintersport"},"share_on_mastodon":{"url":"https:\/\/pubeurope.com\/@de\/115625893357402015","error":""},"_links":{"self":[{"href":"https:\/\/www.europesays.com\/de\/wp-json\/wp\/v2\/posts\/607861","targetHints":{"allow":["GET"]}}],"collection":[{"href":"https:\/\/www.europesays.com\/de\/wp-json\/wp\/v2\/posts"}],"about":[{"href":"https:\/\/www.europesays.com\/de\/wp-json\/wp\/v2\/types\/post"}],"author":[{"embeddable":true,"href":"https:\/\/www.europesays.com\/de\/wp-json\/wp\/v2\/users\/2"}],"replies":[{"embeddable":true,"href":"https:\/\/www.europesays.com\/de\/wp-json\/wp\/v2\/comments?post=607861"}],"version-history":[{"count":0,"href":"https:\/\/www.europesays.com\/de\/wp-json\/wp\/v2\/posts\/607861\/revisions"}],"wp:featuredmedia":[{"embeddable":true,"href":"https:\/\/www.europesays.com\/de\/wp-json\/wp\/v2\/media\/607862"}],"wp:attachment":[{"href":"https:\/\/www.europesays.com\/de\/wp-json\/wp\/v2\/media?parent=607861"}],"wp:term":[{"taxonomy":"category","embeddable":true,"href":"https:\/\/www.europesays.com\/de\/wp-json\/wp\/v2\/categories?post=607861"},{"taxonomy":"post_tag","embeddable":true,"href":"https:\/\/www.europesays.com\/de\/wp-json\/wp\/v2\/tags?post=607861"}],"curies":[{"name":"wp","href":"https:\/\/api.w.org\/{rel}","templated":true}]}}