{"id":607911,"date":"2025-11-28T06:50:17","date_gmt":"2025-11-28T06:50:17","guid":{"rendered":"https:\/\/www.europesays.com\/de\/607911\/"},"modified":"2025-11-28T06:50:17","modified_gmt":"2025-11-28T06:50:17","slug":"orban-kuendigt-treffen-mit-putin-in-moskau-an","status":"publish","type":"post","link":"https:\/\/www.europesays.com\/de\/607911\/","title":{"rendered":"Orb\u00e1n k\u00fcndigt Treffen mit Putin in Moskau an"},"content":{"rendered":"<p>Newsblog zum Ukraine-Krieg <\/p>\n<p>Orb\u00e1n k\u00fcndigt Treffen mit Putin in Moskau an<\/p>\n<p>Aktualisiert am 28.11.2025 &#8211; 07:28 UhrLesedauer: 35 Min.<\/p>\n<p><a href=\"#focus-0\" class=\"transition-colors duration-200 block text-current relative\" data-sctrack=\"FocusGalleryImage.Reference\"><img fetchpriority=\"high\" data-testid=\"Opener.Image\" style=\"--lqipURL:url('https:\/\/images.t-online.de\/2025\/10\/QmDMOe-e3PW9\/0x119:4000x2250\/fit-in\/150x0\/filters:blur(25)\/viktor-orban-zusammen-mit-wladimir-putin-bei-einem-besuch-in-moskau-vergangenes-jahr-archivbild.jpg')\"   loading=\"eager\" src=\"https:\/\/www.europesays.com\/de\/wp-content\/uploads\/2025\/11\/viktor-orban-zusammen-mit-wladimir-putin-bei-einem-besuch-in-moskau-vergangenes-jahr-archivbild.jpg\" alt=\"Viktor Orb\u00e1n zusammen mit Wladimir Putin bei einem Besuch in Moskau vergangenes Jahr (Archivbild).\" title=\"Viktor Orb\u00e1n zusammen mit Wladimir Putin bei einem Besuch in Moskau vergangenes Jahr (Archivbild).\" width=\"4000\" height=\"2250\" class=\"bg-[url:var(--lqipURL)] bg-cover bg-center flex h-full w-full max-w-full\" decoding=\"async\"\/><img style=\"--width:32;--height:32\" loading=\"lazy\" src=\"https:\/\/www.t-online.de\/s\/paper\/_next\/static\/media\/zoom-in.f7dae02f.svg\" alt=\"Vergr\u00f6\u00dfern des Bildes\" title=\"Vergr\u00f6\u00dfern des Bildes\" class=\"block h-[calc(var(--height)_\/_16_*_1rem)] w-[calc(var(--width)_\/_16_*_1rem)] max-w-none absolute bottom-8 right-8 rounded-4 bg-snow p-8\" decoding=\"async\"\/><\/a><\/p>\n<p>Viktor Orb\u00e1n zusammen mit Wladimir Putin bei einem Besuch in Moskau vergangenes Jahr (Archivbild): Ungarns Ministerpr\u00e4sident reist erneut in Russlands Hauptstadt. (Quelle: IMAGO\/Valeriy Sharifulin\/imago-images-bilder)<\/p>\n<p class=\"font-bold text-18 leading-17\">Ungarns Ministerpr\u00e4sident reist f\u00fcr Gespr\u00e4che \u00fcber die Ukraine nach Russland. Putin nennt seine Bedingungen f\u00fcr ein Ende des Krieges. Alle Entwicklungen im Newsblog.<\/p>\n<p class=\"text-18 leading-17\">Ungarns Ministerpr\u00e4sident Viktor Orb\u00e1n wird nach eigenen Angaben im Laufe des Tages den russischen Pr\u00e4sidenten <a class=\"transition-colors duration-200 cursor-pointer text-inherit no-underline text-salemsfur md:hover:text-magenta md:hover:border-magenta md:focus:text-magenta border-current border-b border-solid break-words\" href=\"https:\/\/www.t-online.de\/themen\/wladimir-putin\/\" data-sctrack=\"BodyAnchor\" target=\"_blank\" rel=\"noopener\">Wladimir Putin<\/a> in <a class=\"transition-colors duration-200 cursor-pointer text-inherit no-underline text-salemsfur md:hover:text-magenta md:hover:border-magenta md:focus:text-magenta border-current border-b border-solid break-words\" href=\"https:\/\/www.t-online.de\/themen\/moskau\/\" data-sctrack=\"BodyAnchor\" target=\"_blank\" rel=\"noopener\">Moskau<\/a> treffen. Er werde mit Putin \u00fcber \u00d6l- und Gaslieferungen nach <a class=\"transition-colors duration-200 cursor-pointer text-inherit no-underline text-salemsfur md:hover:text-magenta md:hover:border-magenta md:focus:text-magenta border-current border-b border-solid break-words\" href=\"https:\/\/www.t-online.de\/themen\/ungarn\/\" data-sctrack=\"BodyAnchor\" target=\"_blank\" rel=\"noopener\">Ungarn<\/a> und Bem\u00fchungen um einen Frieden in der <a class=\"transition-colors duration-200 cursor-pointer text-inherit no-underline text-salemsfur md:hover:text-magenta md:hover:border-magenta md:focus:text-magenta border-current border-b border-solid break-words\" href=\"https:\/\/www.t-online.de\/themen\/ukraine\/\" data-sctrack=\"BodyAnchor\" target=\"_blank\" rel=\"noopener\">Ukraine<\/a> sprechen, k\u00fcndigt Orb\u00e1n an.<\/p>\n<p class=\"text-18 leading-17\"><a class=\"transition-colors duration-200 cursor-pointer text-inherit no-underline text-salemsfur md:hover:text-magenta md:hover:border-magenta md:focus:text-magenta border-current border-b border-solid break-words\" href=\"https:\/\/www.t-online.de\/themen\/russland\/\" data-sctrack=\"BodyAnchor\" target=\"_blank\" rel=\"noopener\">Russland<\/a> ist nach Angaben seines Verteidigungsministeriums in der Nacht erneut mit ukrainischen Drohnen angegriffen worden. Die Flugabwehr habe 136 Drohnen abgefangen und zerst\u00f6rt. Mehr als die H\u00e4lfte davon sei \u00fcber den Regionen Rostow und Saratow abgeschossen worden.<\/p>\n<p class=\"text-18 leading-17\">Russlands Pr\u00e4sident Wladimir Putin hat den R\u00fcckzug der Ukraine aus den von Moskau beanspruchten Gebieten zur Bedingung f\u00fcr eine Einstellung der K\u00e4mpfe gemacht. Andernfalls werde Russland den R\u00fcckzug durch &#8222;milit\u00e4rische Mittel&#8220; erzwingen, sagte der Kremlchef am Donnerstag bei einem Besuch in Kirgisistan. Die russischen Truppen k\u00f6nnten praktisch nicht aufgehalten werden. Den \u00fcberarbeiteten US-Plan f\u00fcr die Ukraine bezeichnete Putin als m\u00f6gliche &#8222;Grundlage f\u00fcr zuk\u00fcnftige Vereinbarungen&#8220;.<\/p>\n<p class=\"text-18 leading-17\">&#8222;Wenn die ukrainischen Truppen die von ihnen gehaltenen Gebiete verlassen, werden wir die Kampfeins\u00e4tze beenden&#8220;, sagte Putin vor Journalisten in der kirgisischen Hauptstadt Bischkek. &#8222;Wenn sie dies nicht tun, werden wir dies mit milit\u00e4rischen Mitteln erreichen&#8220;, f\u00fcgte der Kremlchef hinzu.<\/p>\n<p class=\"text-18 leading-17\">Aus welchen Regionen genau sich die ukrainischen Truppen zur\u00fcckziehen sollten, sagte Putin nicht. Russland fordert die vollst\u00e4ndige Abtretung der vier Regionen Donezk, Luhansk, Cherson und Saporischschja. Donezk und Luhansk im Osten der Ukraine gelten als Priorit\u00e4t f\u00fcr Moskau, die Abtretung dieser Gebiete, die Russland nicht vollst\u00e4ndig besetzt h\u00e4lt, war auch Teil des urspr\u00fcnglichen, von den <a class=\"transition-colors duration-200 cursor-pointer text-inherit no-underline text-salemsfur md:hover:text-magenta md:hover:border-magenta md:focus:text-magenta border-current border-b border-solid break-words\" href=\"https:\/\/www.t-online.de\/themen\/usa\/\" data-sctrack=\"BodyAnchor\" target=\"_blank\" rel=\"noopener\">USA<\/a> vorgelegten 28-Punkte-Plans zur Beendigung des Ukraine-Kriegs.<\/p>\n<p class=\"text-18 leading-17\">In der S\u00fcdukraine sind nach ukrainischen Angaben f\u00fcnf Kriegsgefangene von russischen Soldaten erschossen worden. Der Vorfall habe sich am Morgen am Frontabschnitt bei der Stadt Huljajpole ereignet, teilte die Staatsanwaltschaft in <a class=\"transition-colors duration-200 cursor-pointer text-inherit no-underline text-salemsfur md:hover:text-magenta md:hover:border-magenta md:focus:text-magenta border-current border-b border-solid break-words\" href=\"https:\/\/www.t-online.de\/themen\/kiew\/\" data-sctrack=\"BodyAnchor\" target=\"_blank\" rel=\"noopener\">Kiew<\/a> mit. Ermittlungen wegen vors\u00e4tzlichen Mordes und eines ver\u00fcbten Kriegsverbrechens seien von der Staatsanwaltschaft des Gebiets Saporischschja eingeleitet worden.<\/p>\n<p class=\"text-18 leading-17\">Nach Einsch\u00e4tzung von Experten der Vereinten Nationen haben russische Truppen bereits mehrere Dutzend kriegsgefangene ukrainische Soldaten get\u00f6tet. In geringerem Umfang werden derartige Kriegsverbrechen auch der ukrainischen Seite angelastet. Die Ukraine wehrt sich seit mehr als dreieinhalb Jahren gegen eine russische Invasion.<\/p>\n","protected":false},"excerpt":{"rendered":"Newsblog zum Ukraine-Krieg Orb\u00e1n k\u00fcndigt Treffen mit Putin in Moskau an Aktualisiert am 28.11.2025 &#8211; 07:28 UhrLesedauer: 35&hellip;\n","protected":false},"author":2,"featured_media":607912,"comment_status":"","ping_status":"","sticky":false,"template":"","format":"standard","meta":{"footnotes":""},"categories":[4013],"tags":[1217,326,6079,522,331,332,144626,144510,106,6077,1478,548,37303,13,144802,27713,7453,5793,134129,12256,308,14,1159,15,3129,86704,4043,4044,850,307,37440,12,144801,1997,14564,56373,31539,317,312,26,501,64,500,306,107],"class_list":{"0":"post-607911","1":"post","2":"type-post","3":"status-publish","4":"format-standard","5":"has-post-thumbnail","7":"category-russland","8":"tag-1217","9":"tag-326","10":"tag-6079","11":"tag-522","12":"tag-aktuelle-nachrichten","13":"tag-aktuelle-news","14":"tag-antonia-costa","15":"tag-bischkek","16":"tag-donald-trump","17":"tag-donezk","18":"tag-drohne","19":"tag-eu","20":"tag-genf","21":"tag-headlines","22":"tag-huljajpole","23":"tag-juri-uschakow","24":"tag-kampf","25":"tag-kiew","26":"tag-kirgisistan","27":"tag-luhansk","28":"tag-moskau","29":"tag-nachrichten","30":"tag-nato","31":"tag-news","32":"tag-newsblog","33":"tag-rostow","34":"tag-russia","35":"tag-russian-federation","36":"tag-russische-foederation","37":"tag-russland","38":"tag-saratow","39":"tag-schlagzeilen","40":"tag-smolensk","41":"tag-staatsanwaltschaft","42":"tag-steve-witkoff","43":"tag-suedukraine","44":"tag-taganrog","45":"tag-ukraine","46":"tag-ukrainekrieg","47":"tag-un","48":"tag-ungarn","49":"tag-usa","50":"tag-viktor-orban","51":"tag-wladimir-putin","52":"tag-wolodymyr-selenskyj"},"share_on_mastodon":{"url":"","error":"Validation failed: Text character limit of 500 exceeded"},"_links":{"self":[{"href":"https:\/\/www.europesays.com\/de\/wp-json\/wp\/v2\/posts\/607911","targetHints":{"allow":["GET"]}}],"collection":[{"href":"https:\/\/www.europesays.com\/de\/wp-json\/wp\/v2\/posts"}],"about":[{"href":"https:\/\/www.europesays.com\/de\/wp-json\/wp\/v2\/types\/post"}],"author":[{"embeddable":true,"href":"https:\/\/www.europesays.com\/de\/wp-json\/wp\/v2\/users\/2"}],"replies":[{"embeddable":true,"href":"https:\/\/www.europesays.com\/de\/wp-json\/wp\/v2\/comments?post=607911"}],"version-history":[{"count":0,"href":"https:\/\/www.europesays.com\/de\/wp-json\/wp\/v2\/posts\/607911\/revisions"}],"wp:featuredmedia":[{"embeddable":true,"href":"https:\/\/www.europesays.com\/de\/wp-json\/wp\/v2\/media\/607912"}],"wp:attachment":[{"href":"https:\/\/www.europesays.com\/de\/wp-json\/wp\/v2\/media?parent=607911"}],"wp:term":[{"taxonomy":"category","embeddable":true,"href":"https:\/\/www.europesays.com\/de\/wp-json\/wp\/v2\/categories?post=607911"},{"taxonomy":"post_tag","embeddable":true,"href":"https:\/\/www.europesays.com\/de\/wp-json\/wp\/v2\/tags?post=607911"}],"curies":[{"name":"wp","href":"https:\/\/api.w.org\/{rel}","templated":true}]}}