{"id":608101,"date":"2025-11-28T08:39:12","date_gmt":"2025-11-28T08:39:12","guid":{"rendered":"https:\/\/www.europesays.com\/de\/608101\/"},"modified":"2025-11-28T08:39:12","modified_gmt":"2025-11-28T08:39:12","slug":"florian-stiehler-soll-neuer-verwaltungsdirektor-fuer-das-gewandhaus-zu-leipzig-werden-%c2%b7-leipziger-zeitung","status":"publish","type":"post","link":"https:\/\/www.europesays.com\/de\/608101\/","title":{"rendered":"Florian Stiehler soll neuer Verwaltungsdirektor f\u00fcr das Gewandhaus zu Leipzig werden \u00b7 Leipziger Zeitung"},"content":{"rendered":"<p>Florian Stiehler soll ab Februar 2026 neuer Verwaltungsdirektor und Zweiter Betriebsleiter des Gewandhauses zu Leipzig werden. Dieser Vorschlag an die Ratsversammlung geht aus der j\u00fcngsten Dienstberatung des Oberb\u00fcrgermeisters hervor. Die hierf\u00fcr eingesetzte Auswahlkommission unter Leitung von Kulturb\u00fcrgermeisterin Dr. Skadi Jennicke und Verwaltungsb\u00fcrgermeister Ulrich H\u00f6rning hatte Stiehler f\u00fcr diese Position empfohlen.<\/p>\n<p>In der Kommission waren neben Vertreterinnen und Vertretern des Stadtrates sowie der Verwaltung auch der Gewandhausdirektor, Prof. Andreas Schulz, beratend beteiligt. Florian Stiehler w\u00fcrde damit Nachfolger von Prof. Dr. Gereon R\u00f6ckrath, der zum Jahresende in den Ruhestand wechselt.<\/p>\n<p>Auf die Ausschreibung waren insgesamt 25 Bewerbungen eingegangen. Die Stelle ist bis zum 31. Januar 2031 befristet \u2013 der Stadtrat entscheidet voraussichtlich in seiner Sitzung im Dezember abschlie\u00dfend dar\u00fcber.<\/p>\n<p>Aktuell ist Florian Stiehler (*1974 in M\u00fcnchen) Vorstand der Stiftung f\u00fcr Kulturelle Weiterbildung und Kulturberatung in Berlin. Zuvor war er unter anderem gesch\u00e4ftsf\u00fchrender Direktor am Staatstheater Augsburg, in gleicher Funktion am Theater an der Parkaue in Berlin sowie Verwaltungsleiter beim Theater der Altmark in Stendal.<\/p>\n<p>Stiehler hat an der Neuen M\u00fcnchner Schauspielschule studiert und \u00fcber Jahre erfolgreich als Schauspieler gearbeitet. Zwischen 2007 und 2013 hat er zudem Wirtschaftswissenschaften an der FernUniversit\u00e4t Hagen, von 2016 bis 2017 Theater- und Musikmanagement unter anderem an der LMU M\u00fcnchen studiert.<\/p>\n<p>Das Gewandhaus<\/p>\n<p>Das <a href=\"https:\/\/www.gewandhausorchester.de\/\" target=\"_blank\" rel=\"noopener nofollow\">Gewandhaus zu Leipzig<\/a>, ein Eigenbetrieb der Stadt, ist ein geschichtstr\u00e4chtiges Konzerthaus am Augustusplatz, das dem weltber\u00fchmten Gewandhausorchester Heimat bietet. Im Gewandhaus gehen j\u00e4hrlich nahezu 600 Veranstaltungen mit rund 400.000 Besuchern \u00fcber die B\u00fchne. Ein Gro\u00dfteil davon sind Konzerte, aber auch Tagungen, Kongresse, Festveranstaltungen und Empf\u00e4nge.<\/p>\n<p>Als Eigenveranstalter produziert das Gewandhaus rund 250 klassische Konzerte pro Saison: \u201eGro\u00dfe Concerte\u201c mit dem Gewandhausorchester, Kammermusik-, Chor- und Orgelkonzerte, Musikfestivals wie das Schostakowitsch Festival 2025 und die j\u00e4hrlichen Mendelssohn-Festtage, die Audio Invasion und vieles mehr. Ein breit gef\u00e4chertes Angebot an musikp\u00e4dagogischen Projekten rundet das Programm ab.<\/p>\n","protected":false},"excerpt":{"rendered":"Florian Stiehler soll ab Februar 2026 neuer Verwaltungsdirektor und Zweiter Betriebsleiter des Gewandhauses zu Leipzig werden. Dieser Vorschlag&hellip;\n","protected":false},"author":2,"featured_media":608102,"comment_status":"","ping_status":"","sticky":false,"template":"","format":"standard","meta":{"footnotes":""},"categories":[1832],"tags":[3364,29,30,3700,402,71,859],"class_list":{"0":"post-608101","1":"post","2":"type-post","3":"status-publish","4":"format-standard","5":"has-post-thumbnail","7":"category-leipzig","8":"tag-de","9":"tag-deutschland","10":"tag-germany","11":"tag-gewandhaus","12":"tag-kulturpolitik","13":"tag-leipzig","14":"tag-sachsen"},"share_on_mastodon":{"url":"https:\/\/pubeurope.com\/@de\/115626427306972747","error":""},"_links":{"self":[{"href":"https:\/\/www.europesays.com\/de\/wp-json\/wp\/v2\/posts\/608101","targetHints":{"allow":["GET"]}}],"collection":[{"href":"https:\/\/www.europesays.com\/de\/wp-json\/wp\/v2\/posts"}],"about":[{"href":"https:\/\/www.europesays.com\/de\/wp-json\/wp\/v2\/types\/post"}],"author":[{"embeddable":true,"href":"https:\/\/www.europesays.com\/de\/wp-json\/wp\/v2\/users\/2"}],"replies":[{"embeddable":true,"href":"https:\/\/www.europesays.com\/de\/wp-json\/wp\/v2\/comments?post=608101"}],"version-history":[{"count":0,"href":"https:\/\/www.europesays.com\/de\/wp-json\/wp\/v2\/posts\/608101\/revisions"}],"wp:featuredmedia":[{"embeddable":true,"href":"https:\/\/www.europesays.com\/de\/wp-json\/wp\/v2\/media\/608102"}],"wp:attachment":[{"href":"https:\/\/www.europesays.com\/de\/wp-json\/wp\/v2\/media?parent=608101"}],"wp:term":[{"taxonomy":"category","embeddable":true,"href":"https:\/\/www.europesays.com\/de\/wp-json\/wp\/v2\/categories?post=608101"},{"taxonomy":"post_tag","embeddable":true,"href":"https:\/\/www.europesays.com\/de\/wp-json\/wp\/v2\/tags?post=608101"}],"curies":[{"name":"wp","href":"https:\/\/api.w.org\/{rel}","templated":true}]}}