{"id":608214,"date":"2025-11-28T09:41:20","date_gmt":"2025-11-28T09:41:20","guid":{"rendered":"https:\/\/www.europesays.com\/de\/608214\/"},"modified":"2025-11-28T09:41:20","modified_gmt":"2025-11-28T09:41:20","slug":"pressemitteilung-new-yorker-kommt-in-die-europa-galerie-saarbruecken","status":"publish","type":"post","link":"https:\/\/www.europesays.com\/de\/608214\/","title":{"rendered":"Pressemitteilung: NEW YORKER kommt in die EUROPA-Galerie Saarbr\u00fccken"},"content":{"rendered":"<p class=\"date\">28.11.2025 \u2013 10:29<\/p>\n<p class=\"customer\">\n                        <a class=\"story-customer\" title=\"weiter zum newsroom von B.C Neumann PR\" href=\"https:\/\/www.presseportal.de\/nr\/104193\" target=\"_blank\" rel=\"noopener\">B.C Neumann PR<\/a>\n                    <\/p>\n<p><a class=\"glightbox-pseudo event-trigger\" href=\"https:\/\/cache.pressmailing.net\/thumbnail\/story_hires\/122fe547-aac2-47d4-91eb-66b2709a9e91\/NY%20image%20Center%20Copyright%20NEW%20YORKER.jpg.jpg\" data-description=\"NEW YORKER kommt in die EUROPA-Galerie Saarbr\u00fccken.&#010;Copyright: NEW YORKER\" data-category=\"medialightbox\" data-action=\"click\" data-label=\"single\" data-value=\"69296b6b270000fd2c1af680\" target=\"_blank\" rel=\"noopener\"><img decoding=\"async\" height=\"540\" with=\"720\" src=\"https:\/\/www.europesays.com\/de\/wp-content\/uploads\/2025\/11\/pressemitteilung-new-yorker-kommt-in-die-europa-galerie-saarbr-cken.jpeg\"   alt=\"Pressemitteilung: NEW YORKER kommt in die EUROPA-Galerie Saarbr\u00fccken\" class=\"single\"\/><\/a><\/p>\n<p>Pressemitteilung<\/p>\n<p><b>NEW YORKER kommt in die EUROPA-Galerie Saarbr\u00fccken<\/b><\/p>\n<p>Vermietungserfolg f\u00fcr Saarbr\u00fccken <\/p>\n<p>Die EUROPA-Galerie Saarbr\u00fccken freut sich auf einen neuen anziehungsstarken Mieter. Das Modelabel NEW YORKER, das seit \u00fcber 50 Jahren f\u00fcr Innovation und Wachstum steht, expandiert in Saarbr\u00fccken und wird im Obergeschoss des Centers eine gro\u00dfz\u00fcgige Filiale er\u00f6ffnen. Auf rund 2500 Quadratmetern wird NEW YORKER aktuelle Mode und Accessoires im Young Fashion-Segment anbieten. Ob Streetwear, moderne Eleganz oder Casual Looks: Die unterschiedlichen Kollektionen bieten Designs f\u00fcr jeden Geschmack und verst\u00e4rken damit nicht nur die Fashion-Kompetenz der EUROPA-Galerie, sondern der gesamten Landeshauptstadt. Die Fl\u00e4chen\u00fcbergabe ist f\u00fcr Mai 2026 geplant. Die Er\u00f6ffnung folgt im Anschluss an den umfassenden Ausbau der Filiale. Dann k\u00f6nnen sich Besucher der EUROPA-Galerie Saarbr\u00fccken auf ein tolles Einkaufserlebnis mit einem vielf\u00e4ltigen Modeangebot im neuen NEW YORKER-Store freuen. F\u00fcr die Vermietung verantwortlich war Sonae Sierra. Die Immobilienspezialisten managen die EUROPA-Galerie Saarbr\u00fccken im Auftrag der Eigent\u00fcmerin Union Investment. <\/p>\n<p>\u201eWir sind sehr stolz, dass wir mit NEW YORKER einen weiteren Publikumsmagneten f\u00fcr Saarbr\u00fccken gewonnen haben\u201c, sagt <b>Dirk von der Ah\u00e9, Leasing Manager bei Sonae Sierra in Deutschland<\/b>. \u201eUnser Fokus liegt darauf, Kunden eine besondere Shoppingvielfalt zu bieten. NEW YORKER wird den Angebots-Mix in der EUROPA-Galerie mit einer gro\u00dfen Auswahl an Young Fashion optimal erg\u00e4nzen.\u201c <\/p>\n<p>Mit der Anmietung setzt NEW YORKER seine Expansionsstrategie erfolgreich fort. Das Braunschweiger Unternehmen entwickelte sich aus einer famili\u00e4r gepr\u00e4gten Atmosph\u00e4re zu einer global agierenden Fashion-Marke mit \u00fcber 1.300 Filialen in mehr als 45 L\u00e4ndern und verfolgt weiterhin das Ziel einer bundesweiten Expansion f\u00fcr Verkaufsfl\u00e4chen mit einer Mindestgr\u00f6\u00dfe von 1000 Quadratmetern.  <\/p>\n<p><b>\u00dcber EUROPA-Galerie Saarbr\u00fccken<\/b><\/p>\n<p>Die EUROPA-Galerie ist Saarbr\u00fcckens gr\u00f6\u00dftes Shoppingcenter und verf\u00fcgt \u00fcber ein gro\u00dfes Angebot aus den Bereichen Mode, Unterhaltungselektronik, Lebensmittel, Gastronomie und Dienstleistungen. Das Center mit der attraktiven historischen Fassade der ehemaligen Bergwerksdirektion liegt in bester Innenstadtlage, unmittelbar am Hauptbahnhof der Landeshauptstadt. Den Besucherinnen und Besuchern stehen \u00fcber 1.050 Parkpl\u00e4tze im angeschlossenen Parkhaus zur Verf\u00fcgung. Die gastronomische Vielfalt in der Food Lounge und auf den weiteren Ebenen rundet das Angebot der EUROPA-Galerie ab. Die EUROPA-Galerie wurde im Oktober 2010 er\u00f6ffnet. Sierra Germany ist als Dienstleister f\u00fcr das Property Management der EUROPA-Galerie zust\u00e4ndig. Sierra Germany geh\u00f6rt zu dem internationalen Immobilienspezialisten Sonae Sierra.<\/p>\n<p>F\u00fcr mehr Informationen \u00fcber die <b>EUROPA-Galerie Saarbr\u00fccken<\/b> besuchen Sie bitte unsere Homepage auf  <a target=\"_blank\" class=\"uri-ext outbound\" rel=\"noopener\" href=\"http:\/\/www.europagalerie.de\/\">www.europagalerie.de<\/a> und unsere <b>Social Media Seiten<\/b>:  <a target=\"_blank\" class=\"uri-ext outbound\" rel=\"noopener\" href=\"http:\/\/www.facebook.com\/europagalerie.saarbruecken\">www.facebook.com\/europagalerie.saarbruecken<\/a> und  <a target=\"_blank\" class=\"uri-ext outbound\" rel=\"noopener\" href=\"http:\/\/www.instagram.com\/europa.galerie\/\">www.instagram.com\/europa.galerie\/<\/a><\/p>\n<p><b>Die Bilder k\u00f6nnen honorarfrei unter Angabe des Bildnachweises f\u00fcr redaktionelle Zwecke genutzt werden. Wir sind bei Fragen und W\u00fcnschen gern f\u00fcr Sie da.<\/b><\/p>\n<p><b>Pressestelle EUROPA-Galerie Saarbr\u00fccken<\/b><\/p>\n<p>Birgit C. Neumann<br \/>\nB.C Neumann PR<br \/>\nBusiness+Communication GmbH<br \/>\nStudio 9 \/ Kronprinzenstr. 9<br \/>\n40217 D\u00fcsseldorf<\/p>\n<p>Tel.: +49 211 23095-901<br \/>\nE-Mail:  <a target=\"_blank\" class=\"uri-ext outbound\" rel=\"noopener\" href=\"https:\/\/www.presseportal.de\/pm\/104193\/mailto:neumann@neumann-pr.de\">neumann@neumann-pr.de<\/a><br \/>\n <a target=\"_blank\" class=\"uri-ext outbound\" rel=\"noopener\" href=\"http:\/\/www.neumann-pr.de\/\">www.neumann-pr.de<\/a>  <\/p>\n<p>                <script async src=\"\/\/www.instagram.com\/embed.js\"><\/script><\/p>\n","protected":false},"excerpt":{"rendered":"28.11.2025 \u2013 10:29 B.C Neumann PR Pressemitteilung NEW YORKER kommt in die EUROPA-Galerie Saarbr\u00fccken Vermietungserfolg f\u00fcr Saarbr\u00fccken Die&hellip;\n","protected":false},"author":2,"featured_media":608215,"comment_status":"","ping_status":"","sticky":false,"template":"","format":"standard","meta":{"footnotes":""},"categories":[3933],"tags":[331,332,3477,548,663,158,3934,3935,13,14,15,178,180,179,181,12],"class_list":{"0":"post-608214","1":"post","2":"type-post","3":"status-publish","4":"format-standard","5":"has-post-thumbnail","7":"category-eu","8":"tag-aktuelle-nachrichten","9":"tag-aktuelle-news","10":"tag-bild","11":"tag-eu","12":"tag-europa","13":"tag-europaeische-union","14":"tag-europe","15":"tag-european-union","16":"tag-headlines","17":"tag-nachrichten","18":"tag-news","19":"tag-presse","20":"tag-pressemeldung","21":"tag-pressemitteilung","22":"tag-pressemitteilungen","23":"tag-schlagzeilen"},"share_on_mastodon":{"url":"https:\/\/pubeurope.com\/@de\/115626671824671013","error":""},"_links":{"self":[{"href":"https:\/\/www.europesays.com\/de\/wp-json\/wp\/v2\/posts\/608214","targetHints":{"allow":["GET"]}}],"collection":[{"href":"https:\/\/www.europesays.com\/de\/wp-json\/wp\/v2\/posts"}],"about":[{"href":"https:\/\/www.europesays.com\/de\/wp-json\/wp\/v2\/types\/post"}],"author":[{"embeddable":true,"href":"https:\/\/www.europesays.com\/de\/wp-json\/wp\/v2\/users\/2"}],"replies":[{"embeddable":true,"href":"https:\/\/www.europesays.com\/de\/wp-json\/wp\/v2\/comments?post=608214"}],"version-history":[{"count":0,"href":"https:\/\/www.europesays.com\/de\/wp-json\/wp\/v2\/posts\/608214\/revisions"}],"wp:featuredmedia":[{"embeddable":true,"href":"https:\/\/www.europesays.com\/de\/wp-json\/wp\/v2\/media\/608215"}],"wp:attachment":[{"href":"https:\/\/www.europesays.com\/de\/wp-json\/wp\/v2\/media?parent=608214"}],"wp:term":[{"taxonomy":"category","embeddable":true,"href":"https:\/\/www.europesays.com\/de\/wp-json\/wp\/v2\/categories?post=608214"},{"taxonomy":"post_tag","embeddable":true,"href":"https:\/\/www.europesays.com\/de\/wp-json\/wp\/v2\/tags?post=608214"}],"curies":[{"name":"wp","href":"https:\/\/api.w.org\/{rel}","templated":true}]}}