{"id":608220,"date":"2025-11-28T09:44:19","date_gmt":"2025-11-28T09:44:19","guid":{"rendered":"https:\/\/www.europesays.com\/de\/608220\/"},"modified":"2025-11-28T09:44:19","modified_gmt":"2025-11-28T09:44:19","slug":"bvr-zum-rentenpaket-strukturelle-antworten-auf-die-alterssicherung-in-deutschland","status":"publish","type":"post","link":"https:\/\/www.europesays.com\/de\/608220\/","title":{"rendered":"BVR zum Rentenpaket: Strukturelle Antworten auf die Alterssicherung in Deutschland &#8230;"},"content":{"rendered":"<p class=\"date\">28.11.2025 \u2013 10:34<\/p>\n<p class=\"customer\">\n                        <a class=\"story-customer\" title=\"weiter zum newsroom von BVR Bundesverband der Deutschen Volksbanken und Raiffeisenbanken\" href=\"https:\/\/www.presseportal.de\/nr\/40550\" target=\"_blank\" rel=\"noopener\">BVR Bundesverband der Deutschen Volksbanken und Raiffeisenbanken<\/a>\n                    <\/p>\n<p><a data-category=\"citylink-story-view\" data-action=\"click\" data-label=\"Citylink in Meldungsansicht\" class=\"story-city event-trigger\" href=\"https:\/\/www.presseportal.de\/regional\/Berlin\" title=\"News aus Berlin \" target=\"_blank\" rel=\"noopener\">Berlin<\/a> (ots)<\/p>\n<p> Der Bundesverband der Deutschen Volksbanken und Raiffeisenbanken (BVR) spricht sich vor dem Hintergrund des neuen Entschlie\u00dfungsantrags der Koalitionsspitzen zum sogenannten Rentenpaket f\u00fcr Reformen aus, die die Finanzierung der gesetzlichen Rente nachhaltig sicherstellen. Die zus\u00e4tzlich in Aussicht gestellten Ma\u00dfnahmen zur F\u00f6rderung der privaten Altersvorsorge h\u00e4lt der BVR f\u00fcr dringend erforderlich. Diese seien nun z\u00fcgig umzusetzen. Die Diskussionen rund um das Rentenpaket h\u00e4tten einmal mehr gezeigt, dass die Alterssicherung in Deutschland seit Jahren unter erheblichem Druck stehe und strukturelle Antworten immer dringlicher w\u00fcrden. <\/p>\n<p> BVR-Pr\u00e4sidentin Marija Kolak: &#8222;Eine langfristig tragf\u00e4hige Reform braucht mehr als neue Leistungszusagen. Die Umgestaltung der Rentenversicherung muss bald und entschlossen angegangen werden. Wir brauchen Ehrlichkeit \u00fcber die Belastungen f\u00fcr alle Generationen und eine solide, auf gesetzliche, betriebliche und private Vorsorge abgestimmte Gesamtstrategie.&#8220; <\/p>\n<p> Die finanzielle Lage der gesetzlichen Rentenversicherung werde sich in den kommenden Jahren deutlich versch\u00e4rfen. Immer mehr Babyboomer gingen in den Ruhestand, sodass die Zahl der Rentner deutlich steige. Nur zum Teil k\u00f6nnten die Lasten \u00fcber Zusch\u00fcsse aus dem Bundeshaushalt ausgeglichen werden. Ohne strukturelle Reformen k\u00f6nne die Finanzierung der Rentenversicherung nicht nachhaltig gesichert werden. <\/p>\n<p> Neben einer Reform der gesetzlichen Rentenversicherung ist aus Sicht des BVR eine verl\u00e4sslich gef\u00f6rderte und planbar ausgestaltete private Vorsorge essenziell, wie sie unter anderem auch vom Sachverst\u00e4ndigenrat Wirtschaft (SVR) vorgeschlagen worden ist. Die im Entschlie\u00dfungsantrag vorgesehene M\u00f6glichkeit, Dividenden aus Bundesbeteiligungen zur St\u00e4rkung der privaten Altersvorsorge zu nutzen, unterstreiche die Notwendigkeit eines breiten Ansatzes. <\/p>\n<p> Kolak: &#8222;Deutschland tut viel zu wenig zur Unterst\u00fctzung der Verm\u00f6gensbildung. Mit einer Weiterentwicklung der Riesterrente und der Einf\u00fchrung eines gef\u00f6rderten Altersvorsorgedepots w\u00fcrde die private Verm\u00f6gensbildung an Schubkraft gewinnen. Gerade Haushalte mit niedrigen und mittleren Einkommen haben einen hohen Vorsorgebedarf.&#8220; Wenn die private Vorsorge ausreichend gest\u00e4rkt werde, lie\u00dfen sich der demografische Druck besser abfedern und Versorgungsl\u00fccken wirksam schlie\u00dfen. Dies trage dazu bei, die Stabilit\u00e4t der Altersvorsorge insgesamt zu erh\u00f6hen. <\/p>\n<p class=\"contact-headline\">Pressekontakt:<\/p>\n<p class=\"contact-text\">Bundesverband der Deutschen Volksbanken und Raiffeisenbanken (BVR)<br \/>Melanie Schmergal, Abteilungsleiterin Kommunikation und<br \/>\u00d6ffentlichkeitsarbeit \/ Pressesprecherin<br \/>Telefon: (030) 20 21-13 00, <a href=\"https:\/\/www.presseportal.de\/pm\/40550\/mailto: presse@bvr.de\" class=\"uri-mailto\" target=\"_blank\" rel=\"noopener\"> presse@bvr.de<\/a>, <a target=\"_blank\" class=\"uri-ext outbound\" rel=\"noopener\" href=\"https:\/\/www.bvr.de\">www.bvr.de<\/a><\/p>\n<p class=\"originator\">Original-Content von: BVR Bundesverband der Deutschen Volksbanken und Raiffeisenbanken, \u00fcbermittelt durch news aktuell<\/p>\n","protected":false},"excerpt":{"rendered":"28.11.2025 \u2013 10:34 BVR Bundesverband der Deutschen Volksbanken und Raiffeisenbanken Berlin (ots) Der Bundesverband der Deutschen Volksbanken und&hellip;\n","protected":false},"author":2,"featured_media":386213,"comment_status":"","ping_status":"","sticky":false,"template":"","format":"standard","meta":{"footnotes":""},"categories":[2],"tags":[331,3924,332,3922,6892,304,3364,29,30,83579,13,14,3923,15,3921,178,180,179,181,379,70235,12,11908],"class_list":{"0":"post-608220","1":"post","2":"type-post","3":"status-publish","4":"format-standard","5":"has-post-thumbnail","7":"category-deutschland","8":"tag-aktuelle-nachrichten","9":"tag-aktuelle-nachrichten-aus-deutschland","10":"tag-aktuelle-news","11":"tag-aktuelle-news-aus-deutschland","12":"tag-altersvorsorge","13":"tag-banken","14":"tag-de","15":"tag-deutschland","16":"tag-germany","17":"tag-gesetzliche-rentenversicherung","18":"tag-headlines","19":"tag-nachrichten","20":"tag-nachrichten-aus-deutschland","21":"tag-news","22":"tag-news-aus-deutschland","23":"tag-presse","24":"tag-pressemeldung","25":"tag-pressemitteilung","26":"tag-pressemitteilungen","27":"tag-rente","28":"tag-rentenpaket","29":"tag-schlagzeilen","30":"tag-verbnde"},"share_on_mastodon":{"url":"https:\/\/pubeurope.com\/@de\/115626682968148837","error":""},"_links":{"self":[{"href":"https:\/\/www.europesays.com\/de\/wp-json\/wp\/v2\/posts\/608220","targetHints":{"allow":["GET"]}}],"collection":[{"href":"https:\/\/www.europesays.com\/de\/wp-json\/wp\/v2\/posts"}],"about":[{"href":"https:\/\/www.europesays.com\/de\/wp-json\/wp\/v2\/types\/post"}],"author":[{"embeddable":true,"href":"https:\/\/www.europesays.com\/de\/wp-json\/wp\/v2\/users\/2"}],"replies":[{"embeddable":true,"href":"https:\/\/www.europesays.com\/de\/wp-json\/wp\/v2\/comments?post=608220"}],"version-history":[{"count":0,"href":"https:\/\/www.europesays.com\/de\/wp-json\/wp\/v2\/posts\/608220\/revisions"}],"wp:featuredmedia":[{"embeddable":true,"href":"https:\/\/www.europesays.com\/de\/wp-json\/wp\/v2\/media\/386213"}],"wp:attachment":[{"href":"https:\/\/www.europesays.com\/de\/wp-json\/wp\/v2\/media?parent=608220"}],"wp:term":[{"taxonomy":"category","embeddable":true,"href":"https:\/\/www.europesays.com\/de\/wp-json\/wp\/v2\/categories?post=608220"},{"taxonomy":"post_tag","embeddable":true,"href":"https:\/\/www.europesays.com\/de\/wp-json\/wp\/v2\/tags?post=608220"}],"curies":[{"name":"wp","href":"https:\/\/api.w.org\/{rel}","templated":true}]}}