{"id":608224,"date":"2025-11-28T09:47:11","date_gmt":"2025-11-28T09:47:11","guid":{"rendered":"https:\/\/www.europesays.com\/de\/608224\/"},"modified":"2025-11-28T09:47:11","modified_gmt":"2025-11-28T09:47:11","slug":"agentur-fuer-arbeit-duisburg-arbeitslosigkeit-im-bezirk-der-agentur-fuer-arbeit-duisburg-gesunken","status":"publish","type":"post","link":"https:\/\/www.europesays.com\/de\/608224\/","title":{"rendered":"Agentur f\u00fcr Arbeit Duisburg: Arbeitslosigkeit im Bezirk der Agentur f\u00fcr Arbeit Duisburg gesunken"},"content":{"rendered":"<p><b>Agentur f\u00fcr Arbeit Duisburg<\/b><\/p>\n<p>\u201eIm November ist die Zahl der arbeitslosen Menschen in Duisburg leicht zur\u00fcckgegangen. Im Vergleich zum Vormonat waren 313 Personen weniger arbeitslos gemeldet, sodass sich die Gesamtzahl aktuell auf 34.682 bel\u00e4uft. Auch die Arbeitslosenquote sank geringf\u00fcgig um 0,1 Prozentpunkte und liegt nun bei 13 Prozent\u201c, erl\u00e4utert <b>Marcus Zimmermann, Vorsitzender der Gesch\u00e4ftsf\u00fchrung der Agentur f\u00fcr Ar-beit Duisburg<\/b>. \u201eInsgesamt ist diese geringe Ver\u00e4nderung ein Indiz f\u00fcr eine fehlende Dynamik am Duisburger Arbeitsmarkt. Dies spiegelt sich ebenso auf dem Stellenmarkt wider: Mit derzeit 3.497 offenen Arbeitsstellen im Bestand liegt die Zahl lediglich um zw\u00f6lf Angebote \u00fcber dem Niveau des Oktobers.\u201c<\/p>\n<p>Die <b>Arbeitslosigkeit <\/b>ist im Bezirk der Agentur f\u00fcr Arbeit Duisburg im November 2025 gesunken. 34.682 Menschen waren arbeitslos gemeldet, 313 Personen weniger (-1 Prozent) als im Oktober, aber 989 Personen bzw. 2,9 Prozent mehr als vor einem Jahr. Die Arbeitslosenquote betrug 13 Prozent und lag mit 0,1 Prozentpunkten unter dem Vormonatsniveau. Vor einem Jahr lag sie bei 12,7 Prozent.<\/p>\n<p>Die <b>Unterbesch\u00e4ftigung <\/b>lag nach vorl\u00e4ufigen Angaben im November bei 40.432 Personen. Sie erh\u00f6hte sich gegen\u00fcber dem Vormonat Oktober (11 Personen bzw.  Prozent) und erh\u00f6hte sich verglichen mit November 2024 (666 Personen bzw. 1,7 Prozent). Zur Unterbesch\u00e4ftigung z\u00e4hlen neben den Arbeitslosen solche Personen, die nicht als arbeitslos gelten, weil sie beispielsweise im Rahmen von arbeitsmarkt-politischen Ma\u00dfnahmen gef\u00f6rdert werden.<\/p>\n<p>Im Rechtskreis SGB III (<b>Agentur f\u00fcr Arbeit Duisburg<\/b>) lag die Arbeitslosigkeit bei 7.523 Personen (74 Personen mehr als im Vormonat und 468 Personen mehr als vor einem Jahr). Im Rechtskreis SGB II (<b>jobcenter Duisburg<\/b>) waren 27.159 Arbeitslose registriert (387 Personen weniger als im Vormonat, aber 521 Personen mehr als im Vorjahr.<\/p>\n<p>Im vergangenen Monat meldeten sich insgesamt 4.833 Personen arbeitslos. Davon kamen 1.724 Personen direkt aus Erwerbst\u00e4tigkeit. 5.167 Menschen beendeten ihre Arbeitslosigkeit, davon nahmen 1.432 eine Erwerbst\u00e4tigkeit auf.<\/p>\n<p><b>Die Unternehmen suchen weiterhin Mitarbeitende:<\/b> 769 Stellen wurden im November neu gemeldet (1 weniger als im Vormonat und 17 weniger als vor einem Jahr). Die meisten freien Stellen gibt es aktuell in den Branchen sonstige wirtschaftliche Dienstleistungen, freiberufliche, wissenschaftliche und technische Dienstleistungen, Handel Instandhaltung und Reparatur von Kfz, Baugewerbe, Gesundheits- und Sozialwesen, Verkehr und Lagerei. Aktuell befanden sich damit 3.497 freie Stel-len im Bestand der Arbeitsagentur. <\/p>\n<p><b>So erreichen Sie uns:<\/b><br \/>\u2022   Kundinnen und Kunden der Arbeitsagentur Duisburg stehen unsere eServices unter\u00a0<a href=\"http:\/\/www.arbeitsagentur.de\/eServices\" onclick=\"window.open(this.href); return false;\" rel=\"nofollow noopener\" target=\"_blank\">www.arbeitsagentur.de\/eServices<\/a> rund um die Uhr zur Verf\u00fcgung.<br \/>\u2022   f\u00fcr Kundinnen und Kunden der Agentur f\u00fcr Arbeit: 0800 4 555500<br \/>\u2022   f\u00fcr Unternehmen: 0800 4 555520<\/p>\n","protected":false},"excerpt":{"rendered":"Agentur f\u00fcr Arbeit Duisburg \u201eIm November ist die Zahl der arbeitslosen Menschen in Duisburg leicht zur\u00fcckgegangen. Im Vergleich&hellip;\n","protected":false},"author":2,"featured_media":608225,"comment_status":"","ping_status":"","sticky":false,"template":"","format":"standard","meta":{"footnotes":""},"categories":[1838],"tags":[3364,29,3715,30,1209],"class_list":{"0":"post-608224","1":"post","2":"type-post","3":"status-publish","4":"format-standard","5":"has-post-thumbnail","7":"category-duisburg","8":"tag-de","9":"tag-deutschland","10":"tag-duisburg","11":"tag-germany","12":"tag-nordrhein-westfalen"},"share_on_mastodon":{"url":"https:\/\/pubeurope.com\/@de\/115626694783698319","error":""},"_links":{"self":[{"href":"https:\/\/www.europesays.com\/de\/wp-json\/wp\/v2\/posts\/608224","targetHints":{"allow":["GET"]}}],"collection":[{"href":"https:\/\/www.europesays.com\/de\/wp-json\/wp\/v2\/posts"}],"about":[{"href":"https:\/\/www.europesays.com\/de\/wp-json\/wp\/v2\/types\/post"}],"author":[{"embeddable":true,"href":"https:\/\/www.europesays.com\/de\/wp-json\/wp\/v2\/users\/2"}],"replies":[{"embeddable":true,"href":"https:\/\/www.europesays.com\/de\/wp-json\/wp\/v2\/comments?post=608224"}],"version-history":[{"count":0,"href":"https:\/\/www.europesays.com\/de\/wp-json\/wp\/v2\/posts\/608224\/revisions"}],"wp:featuredmedia":[{"embeddable":true,"href":"https:\/\/www.europesays.com\/de\/wp-json\/wp\/v2\/media\/608225"}],"wp:attachment":[{"href":"https:\/\/www.europesays.com\/de\/wp-json\/wp\/v2\/media?parent=608224"}],"wp:term":[{"taxonomy":"category","embeddable":true,"href":"https:\/\/www.europesays.com\/de\/wp-json\/wp\/v2\/categories?post=608224"},{"taxonomy":"post_tag","embeddable":true,"href":"https:\/\/www.europesays.com\/de\/wp-json\/wp\/v2\/tags?post=608224"}],"curies":[{"name":"wp","href":"https:\/\/api.w.org\/{rel}","templated":true}]}}