{"id":608230,"date":"2025-11-28T09:50:13","date_gmt":"2025-11-28T09:50:13","guid":{"rendered":"https:\/\/www.europesays.com\/de\/608230\/"},"modified":"2025-11-28T09:50:13","modified_gmt":"2025-11-28T09:50:13","slug":"supermond-ueber-nuernberg-uhrzeit-und-beste-aussichtspunkte","status":"publish","type":"post","link":"https:\/\/www.europesays.com\/de\/608230\/","title":{"rendered":"Supermond \u00fcber N\u00fcrnberg: Uhrzeit und beste Aussichtspunkte"},"content":{"rendered":"<p class=\"text-18 leading-17\">Der Unterschied zu einem gew\u00f6hnlichen Vollmond ist vorhanden, aber moderat. Durch die geringere Distanz wirkt der Supermond heller und leicht gr\u00f6\u00dfer. Besonders markant erscheint er kurz nach dem Aufgang, wenn Geb\u00e4ude, T\u00fcrme oder B\u00e4ume im Vordergrund die Perspektive verst\u00e4rken.<\/p>\n<p class=\"text-18 leading-17\">Ein klarer Blick nach Nordost ist ideal. Besonders w\u00e4hrend des Aufgangs entsteht der Eindruck einer besonders gro\u00dfen Scheibe \u2013 verst\u00e4rkt durch die sogenannte Mondillusion. F\u00fcr Fotos lohnen sich Zoom- oder Teleobjektive. N\u00fcrnberg bietet viele markante Silhouetten, die sich gut kombinieren lassen, etwa Kirchen, Br\u00fccken oder die Altstadtkulisse.<\/p>\n<p class=\"text-18 leading-17\">Nach dem Dezember-Supermond 2025 tritt der n\u00e4chste erst wieder im Dezember 2026 auf \u2013 und f\u00e4llt dann genau auf Heiligabend.<\/p>\n","protected":false},"excerpt":{"rendered":"Der Unterschied zu einem gew\u00f6hnlichen Vollmond ist vorhanden, aber moderat. Durch die geringere Distanz wirkt der Supermond heller&hellip;\n","protected":false},"author":2,"featured_media":608231,"comment_status":"","ping_status":"","sticky":false,"template":"","format":"standard","meta":{"footnotes":""},"categories":[1837],"tags":[522,52592,772,3364,29,30,43399,46334,3783,61834,61015],"class_list":{"0":"post-608230","1":"post","2":"type-post","3":"status-publish","4":"format-standard","5":"has-post-thumbnail","7":"category-nuernberg","8":"tag-522","9":"tag-abendhimmel","10":"tag-bayern","11":"tag-de","12":"tag-deutschland","13":"tag-germany","14":"tag-kaiserburg","15":"tag-mond","16":"tag-nuernberg","17":"tag-supermond","18":"tag-vollmond"},"share_on_mastodon":{"url":"https:\/\/pubeurope.com\/@de\/115626706546702905","error":""},"_links":{"self":[{"href":"https:\/\/www.europesays.com\/de\/wp-json\/wp\/v2\/posts\/608230","targetHints":{"allow":["GET"]}}],"collection":[{"href":"https:\/\/www.europesays.com\/de\/wp-json\/wp\/v2\/posts"}],"about":[{"href":"https:\/\/www.europesays.com\/de\/wp-json\/wp\/v2\/types\/post"}],"author":[{"embeddable":true,"href":"https:\/\/www.europesays.com\/de\/wp-json\/wp\/v2\/users\/2"}],"replies":[{"embeddable":true,"href":"https:\/\/www.europesays.com\/de\/wp-json\/wp\/v2\/comments?post=608230"}],"version-history":[{"count":0,"href":"https:\/\/www.europesays.com\/de\/wp-json\/wp\/v2\/posts\/608230\/revisions"}],"wp:featuredmedia":[{"embeddable":true,"href":"https:\/\/www.europesays.com\/de\/wp-json\/wp\/v2\/media\/608231"}],"wp:attachment":[{"href":"https:\/\/www.europesays.com\/de\/wp-json\/wp\/v2\/media?parent=608230"}],"wp:term":[{"taxonomy":"category","embeddable":true,"href":"https:\/\/www.europesays.com\/de\/wp-json\/wp\/v2\/categories?post=608230"},{"taxonomy":"post_tag","embeddable":true,"href":"https:\/\/www.europesays.com\/de\/wp-json\/wp\/v2\/tags?post=608230"}],"curies":[{"name":"wp","href":"https:\/\/api.w.org\/{rel}","templated":true}]}}