{"id":608260,"date":"2025-11-28T10:07:18","date_gmt":"2025-11-28T10:07:18","guid":{"rendered":"https:\/\/www.europesays.com\/de\/608260\/"},"modified":"2025-11-28T10:07:18","modified_gmt":"2025-11-28T10:07:18","slug":"vfb-stuttgart-polizeigewalt-gegen-fans-in-der-europa-league","status":"publish","type":"post","link":"https:\/\/www.europesays.com\/de\/608260\/","title":{"rendered":"VfB Stuttgart: Polizeigewalt gegen Fans in der Europa League"},"content":{"rendered":"<p class=\"css-1q8kfuz\">Schon vor dem Europa-League-Spiel des VfB Stuttgart bei den Go Ahead Eagles haben die Ultras der Schwaben wieder die Heimreise angetreten. Nach der Partie findet Vorstandsboss Alexander Wehrle deutliche Worte.<\/p>\n<p class=\"css-1cmglxz\">Vor dem Ausw\u00e4rtsspiel des <a href=\"https:\/\/www.ran.de\/sports\/teams\/te2076\/kader?from=%2Fsports%2Ffussball%2Feuropa-league%2Fteams\" target=\"_blank\" rel=\"noopener\">VfB Stuttgart<\/a>\u00a0am Donnerstag in der <a href=\"https:\/\/www.ran.de\/sports\/fussball\/europa-league\" target=\"_blank\" rel=\"noopener\">Europa League<\/a> bei den Go Ahead Eagles in den Niederlanden (4:0)\u00a0kam es am Donnerstagabend wohl zu Polizeigewalt gegen die Anh\u00e4nger der Schwaben.<\/p>\n<p class=\"css-1cmglxz\">Als Konsequenz daraus reisten die Ultras des VfB noch vor Beginn der Begegnung in Deventer wieder ab. In den sozialen Netzwerken kursieren Videoclips, die zeigen sollen, wie Fans des VfB beim Verlassen eines Busses von Polizisten attackiert werden. Dabei kommen auch Schlagst\u00f6cke der Ordnungsh\u00fcter gegen die Fu\u00dfballfans aus Stuttgart zum Einsatz.<\/p>\n<p class=\"css-1cmglxz\">Den Geschehnissen soll laut &#8222;Stuttgarter Nachrichten&#8220; ein Vorfall um 16:30 Uhr vorausgegangen sein, als etwa 100 VfB-Fans bei Einlasskontrollen ein Gerangel mit Ordnern angefangen h\u00e4tten. Daraufhin sprach Deventers B\u00fcrgermeister f\u00fcr weitere Stuttgarter Fans ein Betretungsverbot f\u00fcr das Stadtgebiet aus.<\/p>\n<p>Europa League: VfB-Boss Wehrle fordert Aufarbeitung der UEFA<\/p>\n<p class=\"css-1cmglxz\">Auf dieses Betretungsverbot reagierte nun auch der VfB durch ein Statement des Vorstandsvorsitzenden Alexander Wehrle: &#8222;Ich war die ganze Zeit vor Ort am Treffpunkt der Fans und konnte mir ein Bild von den Gegebenheiten machen. Die \u00f6rtlichen Beh\u00f6rden haben aus f\u00fcr uns \u00fcberhaupt nicht nachvollziehbaren Gr\u00fcnden ein Betretungsverbot f\u00fcr Teile unserer Fans ausgesprochen.&#8220;<\/p>\n<p class=\"css-1cmglxz\">Der VfB-Funktion\u00e4r sieht nun die UEFA gefordert. &#8222;Wir sind mit den Beh\u00f6rden und der UEFA im engen Austausch und dr\u00e4ngen auf eine l\u00fcckenlose Aufarbeitung der Vorkommnisse&#8220;, hie\u00df es von Wehrle. &#8222;So geht die Fankultur in Europa kaputt&#8220;, wetterte er.<\/p>\n","protected":false},"excerpt":{"rendered":"Schon vor dem Europa-League-Spiel des VfB Stuttgart bei den Go Ahead Eagles haben die Ultras der Schwaben wieder&hellip;\n","protected":false},"author":2,"featured_media":608261,"comment_status":"","ping_status":"","sticky":false,"template":"","format":"standard","meta":{"footnotes":""},"categories":[1830],"tags":[57702,5525,1634,3364,29,143153,5855,1002,347,30,1000,143600,965,121,1441,10439,2915],"class_list":{"0":"post-608260","1":"post","2":"type-post","3":"status-publish","4":"format-standard","5":"has-post-thumbnail","7":"category-stuttgart","8":"tag-abreise","9":"tag-alexander-wehrle","10":"tag-baden-wuerttemberg","11":"tag-de","12":"tag-deutschland","13":"tag-deventer","14":"tag-europa-league","15":"tag-fans","16":"tag-fussball","17":"tag-germany","18":"tag-gewalt","19":"tag-go-ahead-eagles","20":"tag-niederlande","21":"tag-polizei","22":"tag-stuttgart","23":"tag-ultras","24":"tag-vfb-stuttgart"},"share_on_mastodon":{"url":"https:\/\/pubeurope.com\/@de\/115626773411911954","error":""},"_links":{"self":[{"href":"https:\/\/www.europesays.com\/de\/wp-json\/wp\/v2\/posts\/608260","targetHints":{"allow":["GET"]}}],"collection":[{"href":"https:\/\/www.europesays.com\/de\/wp-json\/wp\/v2\/posts"}],"about":[{"href":"https:\/\/www.europesays.com\/de\/wp-json\/wp\/v2\/types\/post"}],"author":[{"embeddable":true,"href":"https:\/\/www.europesays.com\/de\/wp-json\/wp\/v2\/users\/2"}],"replies":[{"embeddable":true,"href":"https:\/\/www.europesays.com\/de\/wp-json\/wp\/v2\/comments?post=608260"}],"version-history":[{"count":0,"href":"https:\/\/www.europesays.com\/de\/wp-json\/wp\/v2\/posts\/608260\/revisions"}],"wp:featuredmedia":[{"embeddable":true,"href":"https:\/\/www.europesays.com\/de\/wp-json\/wp\/v2\/media\/608261"}],"wp:attachment":[{"href":"https:\/\/www.europesays.com\/de\/wp-json\/wp\/v2\/media?parent=608260"}],"wp:term":[{"taxonomy":"category","embeddable":true,"href":"https:\/\/www.europesays.com\/de\/wp-json\/wp\/v2\/categories?post=608260"},{"taxonomy":"post_tag","embeddable":true,"href":"https:\/\/www.europesays.com\/de\/wp-json\/wp\/v2\/tags?post=608260"}],"curies":[{"name":"wp","href":"https:\/\/api.w.org\/{rel}","templated":true}]}}