{"id":608521,"date":"2025-11-28T12:35:22","date_gmt":"2025-11-28T12:35:22","guid":{"rendered":"https:\/\/www.europesays.com\/de\/608521\/"},"modified":"2025-11-28T12:35:22","modified_gmt":"2025-11-28T12:35:22","slug":"studierendenwohnheim-in-bonn-vor-dem-aus-fiona-und-franziska-von-der-evangelischen-studierendengemeinde-im-interview","status":"publish","type":"post","link":"https:\/\/www.europesays.com\/de\/608521\/","title":{"rendered":"Studierendenwohnheim in Bonn vor dem aus \u2013 Fiona und Franziska von der Evangelischen Studierendengemeinde im Interview"},"content":{"rendered":"<p>Die Evangelische Studierendengemeinde (ESG) ist von Sparma\u00dfnahmen der Evangelischen Kirche im Rheinland betroffen. Eine der Folgen: Das Studierendenwohnheim Dietrich-Bonhoeffer-Haus in Bonn m\u00fcsste Anfang 2027 schlie\u00dfen. Fiona und Franziska von der Evangelischen Studierendengemeinde Bonn waren bei uns im Interview. Wir haben mit ihnen allgemein \u00fcber die Arbeit der Studierendengemeinde gesprochen sowie \u00fcber die geplanten Schlie\u00dfungen der ESG-Wohnheime \u2013 nicht nur in Bonn, sondern im gesamten Rheinland. Welche Ma\u00dfnahmen sie ergreifen wollen, um das zu verhindern, und was wir alle tun k\u00f6nnen, dar\u00fcber sprechen sie im Interview im Mittwoch Feierabend.<\/p>\n<p><img loading=\"lazy\" data-recalc-dims=\"1\" decoding=\"async\" src=\"https:\/\/www.europesays.com\/de\/wp-content\/uploads\/2025\/11\/85ccec1d-63df-4de9-b72a-9849509c4cce-scaled.jpeg\" width=\"100\" height=\"100\" alt=\"\" itemprop=\"image\"\/><\/p>\n","protected":false},"excerpt":{"rendered":"Die Evangelische Studierendengemeinde (ESG) ist von Sparma\u00dfnahmen der Evangelischen Kirche im Rheinland betroffen. Eine der Folgen: Das Studierendenwohnheim&hellip;\n","protected":false},"author":2,"featured_media":608522,"comment_status":"","ping_status":"","sticky":false,"template":"","format":"standard","meta":{"footnotes":""},"categories":[1842],"tags":[8906,1741,3364,29,30,2134,1209,144864,29980],"class_list":{"0":"post-608521","1":"post","2":"type-post","3":"status-publish","4":"format-standard","5":"has-post-thumbnail","7":"category-bonn","8":"tag-evangelische-kirche","9":"tag-bonn","10":"tag-de","11":"tag-deutschland","12":"tag-germany","13":"tag-interview","14":"tag-nordrhein-westfalen","15":"tag-studierendengemeinde","16":"tag-wohnheim"},"share_on_mastodon":{"url":"https:\/\/pubeurope.com\/@de\/115627356417433888","error":""},"_links":{"self":[{"href":"https:\/\/www.europesays.com\/de\/wp-json\/wp\/v2\/posts\/608521","targetHints":{"allow":["GET"]}}],"collection":[{"href":"https:\/\/www.europesays.com\/de\/wp-json\/wp\/v2\/posts"}],"about":[{"href":"https:\/\/www.europesays.com\/de\/wp-json\/wp\/v2\/types\/post"}],"author":[{"embeddable":true,"href":"https:\/\/www.europesays.com\/de\/wp-json\/wp\/v2\/users\/2"}],"replies":[{"embeddable":true,"href":"https:\/\/www.europesays.com\/de\/wp-json\/wp\/v2\/comments?post=608521"}],"version-history":[{"count":0,"href":"https:\/\/www.europesays.com\/de\/wp-json\/wp\/v2\/posts\/608521\/revisions"}],"wp:featuredmedia":[{"embeddable":true,"href":"https:\/\/www.europesays.com\/de\/wp-json\/wp\/v2\/media\/608522"}],"wp:attachment":[{"href":"https:\/\/www.europesays.com\/de\/wp-json\/wp\/v2\/media?parent=608521"}],"wp:term":[{"taxonomy":"category","embeddable":true,"href":"https:\/\/www.europesays.com\/de\/wp-json\/wp\/v2\/categories?post=608521"},{"taxonomy":"post_tag","embeddable":true,"href":"https:\/\/www.europesays.com\/de\/wp-json\/wp\/v2\/tags?post=608521"}],"curies":[{"name":"wp","href":"https:\/\/api.w.org\/{rel}","templated":true}]}}