{"id":608723,"date":"2025-11-28T14:32:11","date_gmt":"2025-11-28T14:32:11","guid":{"rendered":"https:\/\/www.europesays.com\/de\/608723\/"},"modified":"2025-11-28T14:32:11","modified_gmt":"2025-11-28T14:32:11","slug":"per-hubschrauber-nach-hamburg-gsg-9-bringt-nord-stream-bomber-in-u-haft-news","status":"publish","type":"post","link":"https:\/\/www.europesays.com\/de\/608723\/","title":{"rendered":"Per Hubschrauber nach Hamburg: GSG\u00a09 bringt Nord-Stream-Bomber in U-Haft | News"},"content":{"rendered":"<p class=\"red-breaking-news__text\">Haushalt 2026: Bundestag beschlie\u00dft 525-Milliarden-Paket<\/p>\n<p class=\"red-breaking-news__text\">Haushalt 2026: Bundestag beschlie\u00dft 525-Milliarden-Paket<\/p>\n<p class=\"red-breaking-news__text\">Haushalt 2026: Bundestag beschlie\u00dft 525-Milliarden-Paket<\/p>\n<p class=\"red-breaking-news__text\">Haushalt 2026: Bundestag beschlie\u00dft 525-Milliarden-Paket<\/p>\n<p class=\"red-breaking-news__text\">Haushalt 2026: Bundestag beschlie\u00dft 525-Milliarden-Paket<\/p>\n<p class=\"red-breaking-news__text\">Haushalt 2026: Bundestag beschlie\u00dft 525-Milliarden-Paket<\/p>\n<p class=\"red-breaking-news__text\">Haushalt 2026: Bundestag beschlie\u00dft 525-Milliarden-Paket<\/p>\n<p class=\"red-breaking-news__text\">Haushalt 2026: Bundestag beschlie\u00dft 525-Milliarden-Paket<\/p>\n<p class=\"red-breaking-news__text\">Haushalt 2026: Bundestag beschlie\u00dft 525-Milliarden-Paket<\/p>\n<p class=\"red-breaking-news__text\">Haushalt 2026: Bundestag beschlie\u00dft 525-Milliarden-Paket<\/p>\n","protected":false},"excerpt":{"rendered":"Haushalt 2026: Bundestag beschlie\u00dft 525-Milliarden-Paket Haushalt 2026: Bundestag beschlie\u00dft 525-Milliarden-Paket Haushalt 2026: Bundestag beschlie\u00dft 525-Milliarden-Paket Haushalt 2026: Bundestag&hellip;\n","protected":false},"author":2,"featured_media":608724,"comment_status":"","ping_status":"","sticky":false,"template":"","format":"standard","meta":{"footnotes":"","_share_on_mastodon":"0"},"categories":[1826],"tags":[74540,29,33472,30,93790,692,50242,8751,138370,3081,4853,27095],"class_list":["post-608723","post","type-post","status-publish","format-standard","has-post-thumbnail","category-hamburg","tag-auslieferung","tag-deutschland","tag-gaertner-kolja","tag-germany","tag-gsg9","tag-hamburg","tag-nord-stream-2","tag-sprengung","tag-team-first","tag-ukraine-konflikt","tag-untersuchungshaft","tag-zitzow-marco"],"share_on_mastodon":{"url":"https:\/\/pubeurope.com\/@de\/115627815388702659","error":""},"_links":{"self":[{"href":"https:\/\/www.europesays.com\/de\/wp-json\/wp\/v2\/posts\/608723","targetHints":{"allow":["GET"]}}],"collection":[{"href":"https:\/\/www.europesays.com\/de\/wp-json\/wp\/v2\/posts"}],"about":[{"href":"https:\/\/www.europesays.com\/de\/wp-json\/wp\/v2\/types\/post"}],"author":[{"embeddable":true,"href":"https:\/\/www.europesays.com\/de\/wp-json\/wp\/v2\/users\/2"}],"replies":[{"embeddable":true,"href":"https:\/\/www.europesays.com\/de\/wp-json\/wp\/v2\/comments?post=608723"}],"version-history":[{"count":0,"href":"https:\/\/www.europesays.com\/de\/wp-json\/wp\/v2\/posts\/608723\/revisions"}],"wp:featuredmedia":[{"embeddable":true,"href":"https:\/\/www.europesays.com\/de\/wp-json\/wp\/v2\/media\/608724"}],"wp:attachment":[{"href":"https:\/\/www.europesays.com\/de\/wp-json\/wp\/v2\/media?parent=608723"}],"wp:term":[{"taxonomy":"category","embeddable":true,"href":"https:\/\/www.europesays.com\/de\/wp-json\/wp\/v2\/categories?post=608723"},{"taxonomy":"post_tag","embeddable":true,"href":"https:\/\/www.europesays.com\/de\/wp-json\/wp\/v2\/tags?post=608723"}],"curies":[{"name":"wp","href":"https:\/\/api.w.org\/{rel}","templated":true}]}}