{"id":608824,"date":"2025-11-28T15:26:20","date_gmt":"2025-11-28T15:26:20","guid":{"rendered":"https:\/\/www.europesays.com\/de\/608824\/"},"modified":"2025-11-28T15:26:20","modified_gmt":"2025-11-28T15:26:20","slug":"brand-in-duisburger-mehrfamilienhaus-einsatzkraefte-finden-frauenleiche","status":"publish","type":"post","link":"https:\/\/www.europesays.com\/de\/608824\/","title":{"rendered":"Brand in Duisburger Mehrfamilienhaus &#8211; Einsatzkr\u00e4fte finden Frauenleiche"},"content":{"rendered":"<p>Dramatische Szenen spielten sich heute Morgen (28. November) in <a href=\"https:\/\/www.derwesten.de\/staedte\/duisburg\" rel=\"nofollow noopener\" target=\"_blank\">Duisburg <\/a>ab. Gegen 7.10 Uhr erreichten Notrufe die Feuerwehr. Eine Wohnung in der ersten Etage eines Mehrfamilienhauses auf der Harmoniestra\u00dfe stand in Flammen. Die erste Etage befand sich bereits im Vollbrand. Anrufer hatten den Brand gemeldet.<\/p>\n<p>Die Einsatzkr\u00e4fte reagierten schnell. Sie begannen sofort mit Rettungs- und L\u00f6scharbeiten. Bei der Suche nach Bewohnern machten die Retter eine schreckliche Entdeckung. Sie fanden eine leblose Person in der brennenden Wohnung. Wie die Polizei nun gegen\u00fcber DER WESTEN best\u00e4tigte, handelt es sich bei der Toten um eine 69-j\u00e4hrige Frau.<\/p>\n<p> Einsatz in Duisburg dauerte weniger als zwei Stunden <\/p>\n<p>Sofort starteten die Einsatzkr\u00e4fte die Reanimationsma\u00dfnahmen. Doch alle Bem\u00fchungen blieben erfolglos. Der Notfall endete tragisch. Auch zwei weitere Hausbewohner mussten behandelt werden. Nur das Feuer konnten sie schnell b\u00e4ndigen. Die L\u00f6scharbeiten liefen zielgerichtet ab. Um 8.45 Uhr war der Einsatz beendet.<\/p>\n<p>Auch aktuell: <a href=\"https:\/\/www.derwesten.de\/staedte\/muelheim\/muelheim-gelsenkirchen-messer-polizei-id301917167.html\" rel=\"nofollow noopener\" target=\"_blank\">Gelsenkirchener in M\u00fclheim niedergestochen \u2013 Mordkommission ermittelt<\/a><\/p>\n<p>Insgesamt waren rund 30 Feuerwehrleute vor Ort. Die Wache 5 aus Homberg r\u00fcckte aus. Auch die Freiwillige Feuerwehr Homberg unterst\u00fctzte den Einsatz. F\u00fcnf Rettungsdienstler erg\u00e4nzten die Mannschaft.<\/p>\n<p> Duisburg mobilisiert gro\u00dfe Einsatzkr\u00e4fte <\/p>\n<p>Die Polizei hat ihre Arbeit aufgenommen. Sie ermittelt zur genauen Brandursache. Wie ist das Feuer entstanden? Noch sind die Hintergr\u00fcnde unklar. Die Untersuchungen laufen.<\/p>\n<p>Mehr Nachrichten:<\/p>\n<p>Ein tragisches Schicksal f\u00fcr die betroffene Familie. Das Mehrfamilienhaus steht nun unter Polizeibewachung. Die Ermittlungen dauern an. Duisburg-Ruhrort trauert um das Todesopfer dieser Katastrophe. Weitere Informationen zur Identit\u00e4t der Toten oder auch zur Brandursache werden im Laufe des Tages erwartet. Ein Brandsachverst\u00e4ndiger wurde mittlerweile involviert.<\/p>\n<p>Wir berichten an dieser Stelle weiter.<\/p>\n<p>Dieser Artikel wurde teils mit maschineller Unterst\u00fctzung erstellt und vor der Ver\u00f6ffentlichung von der Redaktion sorgf\u00e4ltig gepr\u00fcft.<\/p>\n","protected":false},"excerpt":{"rendered":"Dramatische Szenen spielten sich heute Morgen (28. November) in Duisburg ab. Gegen 7.10 Uhr erreichten Notrufe die Feuerwehr.&hellip;\n","protected":false},"author":2,"featured_media":608825,"comment_status":"","ping_status":"","sticky":false,"template":"","format":"standard","meta":{"footnotes":""},"categories":[1838],"tags":[3364,29,3715,116311,30,1209],"class_list":{"0":"post-608824","1":"post","2":"type-post","3":"status-publish","4":"format-standard","5":"has-post-thumbnail","7":"category-duisburg","8":"tag-de","9":"tag-deutschland","10":"tag-duisburg","11":"tag-feuerwehr-nrw","12":"tag-germany","13":"tag-nordrhein-westfalen"},"share_on_mastodon":{"url":"https:\/\/pubeurope.com\/@de\/115628027681494465","error":""},"_links":{"self":[{"href":"https:\/\/www.europesays.com\/de\/wp-json\/wp\/v2\/posts\/608824","targetHints":{"allow":["GET"]}}],"collection":[{"href":"https:\/\/www.europesays.com\/de\/wp-json\/wp\/v2\/posts"}],"about":[{"href":"https:\/\/www.europesays.com\/de\/wp-json\/wp\/v2\/types\/post"}],"author":[{"embeddable":true,"href":"https:\/\/www.europesays.com\/de\/wp-json\/wp\/v2\/users\/2"}],"replies":[{"embeddable":true,"href":"https:\/\/www.europesays.com\/de\/wp-json\/wp\/v2\/comments?post=608824"}],"version-history":[{"count":0,"href":"https:\/\/www.europesays.com\/de\/wp-json\/wp\/v2\/posts\/608824\/revisions"}],"wp:featuredmedia":[{"embeddable":true,"href":"https:\/\/www.europesays.com\/de\/wp-json\/wp\/v2\/media\/608825"}],"wp:attachment":[{"href":"https:\/\/www.europesays.com\/de\/wp-json\/wp\/v2\/media?parent=608824"}],"wp:term":[{"taxonomy":"category","embeddable":true,"href":"https:\/\/www.europesays.com\/de\/wp-json\/wp\/v2\/categories?post=608824"},{"taxonomy":"post_tag","embeddable":true,"href":"https:\/\/www.europesays.com\/de\/wp-json\/wp\/v2\/tags?post=608824"}],"curies":[{"name":"wp","href":"https:\/\/api.w.org\/{rel}","templated":true}]}}