{"id":608851,"date":"2025-11-28T15:43:20","date_gmt":"2025-11-28T15:43:20","guid":{"rendered":"https:\/\/www.europesays.com\/de\/608851\/"},"modified":"2025-11-28T15:43:20","modified_gmt":"2025-11-28T15:43:20","slug":"rheinbahn-in-duesseldorf-neuer-plan-fuer-kinder-ansagen","status":"publish","type":"post","link":"https:\/\/www.europesays.com\/de\/608851\/","title":{"rendered":"Rheinbahn in D\u00fcsseldorf: Neuer Plan f\u00fcr Kinder-Ansagen"},"content":{"rendered":"<p class=\"text_ohne_einzug richtext text-em-55 !leading-serif mx-6 desktop:mx-0\">Eine Charmeoffensive der <a href=\"https:\/\/rp-online.de\/thema\/rheinbahn\/\" target=\"_blank\" rel=\"noopener\">Rheinbahn<\/a> hat Erfolg. In vielen Bussen und Bahnen sind neuerdings bei den Durchsagen Kinderstimmen zu h\u00f6ren. Und das gef\u00e4llt den Fahrg\u00e4sten ganz offensichtlich sehr. Das zeigt die Resonanz, die sich in zig Kommentaren in den sozialen Medien abbildet. Und als das dann doch einer unter dem Post zur Berichterstattung unserer Redaktion die Aktion \u201eals supernervig\u201c bezeichnete, hagelte es sogleich Gegenreden. Die Reaktionen reichen von \u201erichtig s\u00fc\u00df\u201c, \u00fcber \u201eso f\u00e4ngt der Tag doch schon gut an\u201c bis hin zum Wunsch: \u201eBitte f\u00fcr die Zukunft so lassen.\u201c<\/p>\n","protected":false},"excerpt":{"rendered":"Eine Charmeoffensive der Rheinbahn hat Erfolg. In vielen Bussen und Bahnen sind neuerdings bei den Durchsagen Kinderstimmen zu&hellip;\n","protected":false},"author":2,"featured_media":588893,"comment_status":"","ping_status":"","sticky":false,"template":"","format":"standard","meta":{"footnotes":""},"categories":[1831],"tags":[3951,140937,3364,29,144738,3405,35979,30,141005,144934,36984,83178,144933,1209,26565,7014,4102],"class_list":{"0":"post-608851","1":"post","2":"type-post","3":"status-publish","4":"format-standard","5":"has-post-thumbnail","7":"category-duesseldorf","8":"tag-aktion","9":"tag-ansagen","10":"tag-de","11":"tag-deutschland","12":"tag-durchsagen","13":"tag-duesseldorf","14":"tag-fahrgaesten","15":"tag-germany","16":"tag-grabbe","17":"tag-kinderansagen","18":"tag-kinderrechte","19":"tag-kinderschutzbund","20":"tag-kinderstimmen","21":"tag-nordrhein-westfalen","22":"tag-reaktionen","23":"tag-redaktion","24":"tag-rheinbahn"},"share_on_mastodon":{"url":"https:\/\/pubeurope.com\/@de\/115628094751068598","error":""},"_links":{"self":[{"href":"https:\/\/www.europesays.com\/de\/wp-json\/wp\/v2\/posts\/608851","targetHints":{"allow":["GET"]}}],"collection":[{"href":"https:\/\/www.europesays.com\/de\/wp-json\/wp\/v2\/posts"}],"about":[{"href":"https:\/\/www.europesays.com\/de\/wp-json\/wp\/v2\/types\/post"}],"author":[{"embeddable":true,"href":"https:\/\/www.europesays.com\/de\/wp-json\/wp\/v2\/users\/2"}],"replies":[{"embeddable":true,"href":"https:\/\/www.europesays.com\/de\/wp-json\/wp\/v2\/comments?post=608851"}],"version-history":[{"count":0,"href":"https:\/\/www.europesays.com\/de\/wp-json\/wp\/v2\/posts\/608851\/revisions"}],"wp:featuredmedia":[{"embeddable":true,"href":"https:\/\/www.europesays.com\/de\/wp-json\/wp\/v2\/media\/588893"}],"wp:attachment":[{"href":"https:\/\/www.europesays.com\/de\/wp-json\/wp\/v2\/media?parent=608851"}],"wp:term":[{"taxonomy":"category","embeddable":true,"href":"https:\/\/www.europesays.com\/de\/wp-json\/wp\/v2\/categories?post=608851"},{"taxonomy":"post_tag","embeddable":true,"href":"https:\/\/www.europesays.com\/de\/wp-json\/wp\/v2\/tags?post=608851"}],"curies":[{"name":"wp","href":"https:\/\/api.w.org\/{rel}","templated":true}]}}