{"id":608856,"date":"2025-11-28T15:46:17","date_gmt":"2025-11-28T15:46:17","guid":{"rendered":"https:\/\/www.europesays.com\/de\/608856\/"},"modified":"2025-11-28T15:46:17","modified_gmt":"2025-11-28T15:46:17","slug":"der-hsv-und-die-kleinigkeiten-was-polzin-gegen-stuttgart-fordert","status":"publish","type":"post","link":"https:\/\/www.europesays.com\/de\/608856\/","title":{"rendered":"Der HSV und die &#8222;Kleinigkeiten&#8220;: Was Polzin gegen Stuttgart fordert"},"content":{"rendered":"<p>        <img decoding=\"async\" src=\"https:\/\/www.europesays.com\/de\/wp-content\/uploads\/2025\/11\/hsv-vfl-wolfsburg-112.webp\" alt=\"Lukas Vuskovic (l.) und Daniel Heuer Fernandes vom HSV\" title=\"Lukas Vuskovic (l.) und Daniel Heuer Fernandes vom HSV | Witters\/LeonieHorky\" class=\"responsive\"\/><\/p>\n<p>AUDIO: HSV vor Stuttgart-Spiel: Endlich mal wieder drei Punkte? (1 Min)<\/p>\n<p>\n            Stand: 28.11.2025 16:28 Uhr<\/p>\n<p class=\"preface\">Der HSV empf\u00e4ngt am Sonntag den VfB Stuttgart im Volksparkstadion. W\u00e4hrend die Schwaben eines der formst\u00e4rksten Teams der Fu\u00dfball-Bundesliga sind, stecken die Hamburger in einer Ergebniskrise. Um dort rauszukommen, fordert Trainer Merlin Polzin mehr Intensit\u00e4t von seiner Mannschaft.<\/p>\n<p class=\"textauthor\">von Tobias Knaack<\/p>\n<p class=\"\">Sonny Kittel ist der bislang letzte Torsch\u00fctze des HSV gegen den VfB Stuttgart. Nach seinem fr\u00fchen Treffer zum 1:0 im Relegations-R\u00fcckspiel am 5. Juni 2023 lie\u00df der Mittelfeldspieler alle Hamburger nach der 0:3-Hinspiel-Klatsche zumindest eine H\u00e4lfte lang von einem Comeback tr\u00e4umen. Letztlich gewannen die Schwaben gleicherma\u00dfen souver\u00e4n wie hochverdient auch die Partie im Volksparkstadion (3:1) und sicherten sich den Klassenerhalt. Die &#8222;Rothosen&#8220; hingegen blieben auch nach dem f\u00fcnften Jahr ein Zweitligist.<\/p>\n<p class=\"\">Auch wenn beide Clubs seit diesem Sommer wieder gemeinsam in der Beletage spielen, so stehen sie vor dem Duell am Sonntag (15.30 Uhr, im <a href=\"https:\/\/www.ndr.de\/sport\/live\" title=\"2. Liga ab 18.30 Uhr live: Hannover 96 empf\u00e4ngt Karlsruhe\" rel=\"nofollow noopener\" target=\"_blank\">NDR Livecenter<\/a>) doch an v\u00f6llig unterschiedlichen Stellen.<\/p>\n<p class=\"\">Denn w\u00e4hrend der HSV noch zwei weitere Anl\u00e4ufe f\u00fcr den ersehnten Aufstieg ben\u00f6tigte und nun gegen den direkten Wiederabstieg k\u00e4mpft, feierte der VfB in der n\u00e4chsten Saison die Vizemeisterschaft und in der vergangenen Spielzeit sogar den Pokalsieg. Ein etablierter Bundesligist, der im zweiten Jahr in Folge international spielt.<\/p>\n<p>        <img decoding=\"async\" src=\"https:\/\/www.europesays.com\/de\/wp-content\/uploads\/2025\/10\/tabelle194.webp\" alt=\"Eine Fu\u00dfballtabelle vor eine Fu\u00dfballmotiv\" title=\"Eine Fu\u00dfballtabelle vor eine Fu\u00dfballmotiv | Colourbox, -\" class=\"responsive\" loading=\"lazy\"\/><\/p>\n<p>Ergebnisse, Tabellenst\u00e4nde und die Spieltage im \u00dcberblick.<\/p>\n<p class=\"\">Kittel wird am Sonntag beim neuerlichen Duell nicht mehr auf dem Rasen des Volksparkstadions stehen, er musste die Hamburger kurz nach dem verpassten Aufstieg 2023 verlassen. Eine Bindung zum Verein habe er aber immer noch, sagte er unl\u00e4ngst in einem <a href=\"https:\/\/www.hsv.de\/news\/sonny-kittel-das-bleibt-fuer-immer\" title=\"Kittel: &quot;Das bleibt&quot;\" class=\"js-link-dialog\" data-type=\"external\" rel=\"nofollow noopener\" target=\"_blank\">Interview auf der Homepage des HSV<\/a>. Und eine hohe Meinung von Trainer Polzin.<\/p>\n<blockquote><p>\n        <strong>&#8222;Wir haben uns extrem viel \u00fcber Fu\u00dfball ausgetauscht. Er ist genauso wie ich ein Fu\u00dfball-Besessener.&#8220;<\/strong><\/p>\n<p>                Ex-HSV-Spieler Sonny Kittel \u00fcber Trainer Merlin Polzin<\/p>\n<\/blockquote>\n<p class=\"\">Dem schreibt Kittel in dem Gespr\u00e4ch &#8222;eine ganz hohe Fu\u00dfballkenntnis&#8220; zu: &#8222;Ich habe mit ihm so viel zu tun gehabt\u00a0wie nur mit ganz wenigen anderen Coaches aus einem Trainerteam&#8220;, sagte der heute 32-J\u00e4hrige \u00fcber Polzin, der damals unter Chefcoach Tim Walter Co-Trainer war. &#8222;Wir haben uns extrem viel \u00fcber Fu\u00dfball ausgetauscht. Er ist genauso wie ich ein Fu\u00dfball-Besessener.&#8220;<\/p>\n<p>    Polzin fordert vom HSV &#8222;andere Energieleistung&#8220;<\/p>\n<p class=\"\">Umso \u00e4rgerlicher muss es f\u00fcr den heutigen Cheftrainer Polzin sein, dass zuletzt &#8222;viele Kleinigkeiten uns daran gehindert haben, erfolgreicher zu sein&#8220;, wie er am Freitag ausf\u00fchrte. Kleine Dinge, die sich zu etwas Gr\u00f6\u00dferem auswuchsen: Seit mittlerweile f\u00fcnf Partien ist seine Mannschaft sieglos, holte in der Zeit nur einen einzigen Punkt durch das Last-Minute-Remis gegen Dortmund.<\/p>\n<p class=\"\">Um dieser Entwicklung entgegenzuwirken, sind es aus Polzins Perspektive auch &#8222;Kleinigkeiten, die wir verbessern m\u00fcssen&#8220;. In puncto Abschl\u00fcsse etwa &#8222;technisch oder in der Willenskraft&#8220;. Vor allem aber fordert er eine &#8222;andere Energieleistung und Intensit\u00e4t als gerade in der ersten H\u00e4lfte in Augsburg&#8220;. Denn anders als bei den Begegnungen in Leipzig, gegen Wolfsburg, in K\u00f6ln oder gegen den BVB lie\u00df der HSV diese Grundtugenden beim FCA zun\u00e4chst vermissen. &#8222;Wenn wir so auftreten, dann ist es &#8211; bei allem Respekt vor jedem Gegner &#8211; auch ziemlich egal, wer der Gegner ist. Es liegt an uns.&#8220;<\/p>\n<p>        <img decoding=\"async\" src=\"https:\/\/www.europesays.com\/de\/wp-content\/uploads\/2025\/11\/polzin-138.webp\" alt=\"Trainer Merlin Polzin vom Hamburger SV \" title=\"Trainer Merlin Polzin vom Hamburger SV  | IMAGO \/ STEINSIEK.CH\" class=\"responsive\" loading=\"lazy\"\/><\/p>\n<p>Die Hamburger sind in eine Ergebniskrise geschlittert. Coach Polzin, seit exakt einem Jahr im Amt, ist vom eingeschlagenen Weg \u00fcberzeugt. Doch in den kommenden drei Heimspiele gilt&#8217;s.<\/p>\n<p>    Gro\u00dfes Lob f\u00fcr Entwicklung des VfB<\/p>\n<p class=\"\">Die Aufgabe f\u00fcr Sonntag sei daher klar: &#8222;Das wollen wir von Anfang an besser machen.&#8220; Leicht wird das gegen einen Gegner &#8222;in einer richtig guten Phase&#8220; allerdings nicht. Stuttgart hat aus den j\u00fcngsten zehn Pflichtspielen sieben Siege geholt. Am Donnerstag deklassierten sie die Go Ahead Eagles in der Europa League mit 4:0. Die Qualit\u00e4t bei Trainer Sebastian Hoene\u00df und seien Spielern nennt Polzin &#8222;au\u00dfergew\u00f6hnlich hoch&#8220;.<\/p>\n<p>    Elfadli f\u00e4llt aus &#8211; Was passiert mit Vieira?<\/p>\n<p class=\"\">F\u00fcr den Versuch, die Offensive des VfB um den zuletzt enorm treffsicheren Nationalst\u00fcrmer Deniz Undav in den Griff zu bekommen, steht Daniel Elfadli weiterhin nicht in der Abwehr zur Verf\u00fcgung. Im Angriff f\u00e4llt Kapit\u00e4n Yussuf Poulsen weiter aus. Einer, der nun eine Liga h\u00f6her eine wichtige Rolle wie Kittel im Mittelfeld einnehmen k\u00f6nnte, ist Fabio Vieira. Der Portugiese hat nach seinem verhei\u00dfungsvollen Start zuletzt aber eher mit Platzverweisen und m\u00e4\u00dfigen Leistungen auf sich aufmerksam gemacht.<\/p>\n<p class=\"\">Vieira k\u00f6nne &#8222;den Unterschied machen und hat auch schon den Unterschied gemacht&#8220;, sagte Polzin am Freitag und f\u00fcgte an: &#8222;Wir werden ihn brauchen.&#8220; Ob ab Minute eins oder sp\u00e4ter, in dieser Frage wollte er sich aber nicht festlegen. So oder so wird es gegen starke Stuttgarter sehr wahrscheinlich ohnehin weit mehr als nur einen gut aufgelegten Spielgestalter brauchen. Das gilt am Sonntag noch mehr als im Juni 2023.<\/p>\n<p>    Fan-Demo gegen m\u00f6gliche Innenminister-Beschl\u00fcsse<\/p>\n<p class=\"\">Wie auch damals wird die Partie gegen die Schwaben ausverkauft sein. Der HSV stellte die Fans aber auf ein &#8222;erh\u00f6htes Verkehrsaufkommen&#8220; ein, da am Sonntag laut HSV-Sprecher eine Demonstration in der N\u00e4he des Volksparkstadions endet und in der Arena nebenan ein Konzert stattfindet.<\/p>\n<p class=\"\">Bei der Demo handelt es sich um einen Protest der organisierten Fanszene, um gegen m\u00f6gliche Ma\u00dfnahmen der Innenministerkonferenz in der kommenden Woche zu protestieren. Einige Fans f\u00fcrchten etwa die Einf\u00fchrung von personalisierten Eintrittskarten.<\/p>\n<p>    M\u00f6gliche Aufstellungen<\/p>\n<p class=\"\"><strong>Hamburger SV:<\/strong> Heuer Fernandes &#8211; Capaldo, Vuskovic, Torunarigha &#8211; Gocholeishvili, Lokonga, Remberg, Muheim &#8211; Philippe, K\u00f6nigsd\u00f6rffer, Domp\u00e9<br \/><strong>VfB Stuttgart:<\/strong> N\u00fcbel &#8211; Jeltsch, Chabot, Hendriks &#8211; Vagnoman, Karazor, Stiller, Leweling &#8211; Tiago Tomas, F\u00fchrich &#8211; Undav<\/p>\n","protected":false},"excerpt":{"rendered":"AUDIO: HSV vor Stuttgart-Spiel: Endlich mal wieder drei Punkte? (1 Min) Stand: 28.11.2025 16:28 Uhr Der HSV empf\u00e4ngt&hellip;\n","protected":false},"author":2,"featured_media":608857,"comment_status":"","ping_status":"","sticky":false,"template":"","format":"standard","meta":{"footnotes":""},"categories":[1830],"tags":[1634,299,3364,29,347,30,692,3150,5075,1552,1441],"class_list":{"0":"post-608856","1":"post","2":"type-post","3":"status-publish","4":"format-standard","5":"has-post-thumbnail","7":"category-stuttgart","8":"tag-baden-wuerttemberg","9":"tag-bundesliga","10":"tag-de","11":"tag-deutschland","12":"tag-fussball","13":"tag-germany","14":"tag-hamburg","15":"tag-hamburger-sv","16":"tag-hsv","17":"tag-newsticker","18":"tag-stuttgart"},"share_on_mastodon":{"url":"https:\/\/pubeurope.com\/@de\/115628107371233686","error":""},"_links":{"self":[{"href":"https:\/\/www.europesays.com\/de\/wp-json\/wp\/v2\/posts\/608856","targetHints":{"allow":["GET"]}}],"collection":[{"href":"https:\/\/www.europesays.com\/de\/wp-json\/wp\/v2\/posts"}],"about":[{"href":"https:\/\/www.europesays.com\/de\/wp-json\/wp\/v2\/types\/post"}],"author":[{"embeddable":true,"href":"https:\/\/www.europesays.com\/de\/wp-json\/wp\/v2\/users\/2"}],"replies":[{"embeddable":true,"href":"https:\/\/www.europesays.com\/de\/wp-json\/wp\/v2\/comments?post=608856"}],"version-history":[{"count":0,"href":"https:\/\/www.europesays.com\/de\/wp-json\/wp\/v2\/posts\/608856\/revisions"}],"wp:featuredmedia":[{"embeddable":true,"href":"https:\/\/www.europesays.com\/de\/wp-json\/wp\/v2\/media\/608857"}],"wp:attachment":[{"href":"https:\/\/www.europesays.com\/de\/wp-json\/wp\/v2\/media?parent=608856"}],"wp:term":[{"taxonomy":"category","embeddable":true,"href":"https:\/\/www.europesays.com\/de\/wp-json\/wp\/v2\/categories?post=608856"},{"taxonomy":"post_tag","embeddable":true,"href":"https:\/\/www.europesays.com\/de\/wp-json\/wp\/v2\/tags?post=608856"}],"curies":[{"name":"wp","href":"https:\/\/api.w.org\/{rel}","templated":true}]}}