{"id":608898,"date":"2025-11-28T16:09:16","date_gmt":"2025-11-28T16:09:16","guid":{"rendered":"https:\/\/www.europesays.com\/de\/608898\/"},"modified":"2025-11-28T16:09:16","modified_gmt":"2025-11-28T16:09:16","slug":"diese-gaeste-sind-am-29-november-2025-dabei-fernsehserien-de","status":"publish","type":"post","link":"https:\/\/www.europesays.com\/de\/608898\/","title":{"rendered":"Diese G\u00e4ste sind am 29. November 2025 dabei \u2013 fernsehserien.de"},"content":{"rendered":"<p><img decoding=\"async\" src=\"https:\/\/www.europesays.com\/de\/wp-content\/uploads\/2025\/11\/Florian-Silbereisen-Praesentiert-Das-Adventsfest-Der-100-000-Lichter-w-970.jpg.jpg\" width=\"640\" height=\"260\" alt=\"Florian Silbereisen pr\u00e4sentiert das \u201eAdventsfest der 100.000 Lichter\u201c \u2013 Bild: MDR\/J\u00fcrgensTV\/Dominik Beckmann\" title=\"Florian Silbereisen pr\u00e4sentiert das \u201eAdventsfest der 100.000 Lichter\u201c \u2013 Bild: MDR\/J\u00fcrgensTV\/Dominik Beckmann\" loading=\"eager\" fetchpriority=\"high\"\/><\/p>\n<p>Florian Silbereisen pr\u00e4sentiert das \u201eAdventsfest der 100.000 Lichter\u201c<\/p>\n<p>Bild: MDR\/J\u00fcrgensTV\/Dominik Beckmann<\/p>\n<p>Die meisten Shows von <a href=\"https:\/\/www.fernsehserien.de\/florian-silbereisen\/filmografie\" data-type=\"person\" data-event-category=\"textlink-person\" target=\"_blank\" rel=\"noopener\">Florian Silbereisen<\/a> sind mittlerweile gro\u00dfe Schlager-Party-Events. Eine Ausnahme stellt allerdings das vorweihnachtliche <a href=\"https:\/\/www.fernsehserien.de\/die-feste-mit-florian-silbereisen\" data-type=\"sendung\" data-event-category=\"textlink-serie\" target=\"_blank\" rel=\"noopener\">\u201eAdventsfest der 100.000 Lichter\u201c<\/a> dar, in dem es deutlich ruhiger und besinnlicher zugeht. Bereits seit 2004 wird die Show traditionell am Samstag vor dem ersten Advent ausgestrahlt \u2013 so auch in diesem Jahr. Am 29. November l\u00e4dt Silbereisen ab 20:15\u00a0Uhr im Ersten und in ORF 2 die Zuschauer zur mehr als dreist\u00fcndigen Musiksendung live aus dem Congress Centrum Suhl ein \u2013 und begr\u00fc\u00dft wieder zahlreiche prominente G\u00e4ste. Gemeinsam l\u00e4uten sie die Er\u00f6ffnung der Weihnachtsm\u00e4rkte ein.<\/p>\n<p>Aus ihrem weihnachtlichen Gesangsrepertoire geben unter anderem die Schlagerstars <a href=\"https:\/\/www.fernsehserien.de\/andrea-berg\/filmografie\" data-type=\"person\" data-event-category=\"textlink-person\" target=\"_blank\" rel=\"noopener\">Andrea Berg<\/a>, <a href=\"https:\/\/www.fernsehserien.de\/howard-carpendale\/filmografie\" data-type=\"person\" data-event-category=\"textlink-person\" target=\"_blank\" rel=\"noopener\">Howard Carpendale<\/a>, <a href=\"https:\/\/www.fernsehserien.de\/stefanie-hertel\/filmografie\" data-type=\"person\" data-event-category=\"textlink-person\" target=\"_blank\" rel=\"noopener\">Stefanie Hertel<\/a>, <a href=\"https:\/\/www.fernsehserien.de\/ross-antony\/filmografie\" data-type=\"person\" data-event-category=\"textlink-person\" target=\"_blank\" rel=\"noopener\">Ross Antony<\/a>, <a href=\"https:\/\/www.fernsehserien.de\/andy-borg\/filmografie\" data-type=\"person\" data-event-category=\"textlink-person\" target=\"_blank\" rel=\"noopener\">Andy Borg<\/a> und <a href=\"https:\/\/www.fernsehserien.de\/semino-rossi\/filmografie\" data-type=\"person\" data-event-category=\"textlink-person\" target=\"_blank\" rel=\"noopener\">Semino Rossi<\/a> Kostproben zum Besten. <a href=\"https:\/\/www.fernsehserien.de\/vanessa-mai\/filmografie\" data-type=\"person\" data-event-category=\"textlink-person\" target=\"_blank\" rel=\"noopener\">Vanessa Mai<\/a> pr\u00e4sentiert au\u00dferdem ihre englischsprachige Weihnachtsballade \u201eChristmas in this Room\u201c. Nicht fehlen darf nat\u00fcrlich auch <a href=\"https:\/\/www.fernsehserien.de\/ella-endlich\/filmografie\" data-type=\"person\" data-event-category=\"textlink-person\" target=\"_blank\" rel=\"noopener\">Ella Endlich<\/a>, deren Song \u201eK\u00fcss mich, halt mich, lieb mich\u201c basierend auf der Titelmelodie des Filmklassikers <a href=\"https:\/\/www.fernsehserien.de\/drei-haselnuesse-fuer-aschenbroedel\" data-type=\"sendung\" data-event-category=\"textlink-serie\" target=\"_blank\" rel=\"noopener\">\u201eDrei Haseln\u00fcsse f\u00fcr Aschenbr\u00f6del\u201c<\/a> zu einem Evergreen wurde.<\/p>\n<p><a class=\"stoerer-serienlogo\" title=\"Die Feste mit Florian Silbereisen\" data-event-category=\"st\u00f6rer-grafik\" href=\"https:\/\/www.fernsehserien.de\/die-feste-mit-florian-silbereisen\" target=\"_blank\" rel=\"noopener\"><\/a>Erhalte News zu <a data-event-category=\"st\u00f6rer-textlink\" href=\"https:\/\/www.fernsehserien.de\/die-feste-mit-florian-silbereisen\" target=\"_blank\" rel=\"noopener\"><b>Die Feste mit Florian Silbereisen<\/b><\/a> direkt auf dein Handy. Kostenlos per App-Benachrichtigung. Kostenlos mit der <b>fernsehserien.de<\/b> App.<br \/>\n<img decoding=\"async\" src=\"https:\/\/bilder.fernsehserien.de\/fernsehserien.de\/fs-2021\/img\/bell-solid-darkmode.svg\" alt=\"Meinen Serien hinzuf\u00fcgen\" title=\"Meinen Serien hinzuf\u00fcgen\" width=\"1\" height=\"1\" loading=\"eager\" fetchpriority=\"high\"\/><img decoding=\"async\" src=\"https:\/\/bilder.fernsehserien.de\/fernsehserien.de\/fs-2021\/img\/bell-solid.svg\" alt=\"Meinen Serien hinzuf\u00fcgen\" title=\"Meinen Serien hinzuf\u00fcgen\" width=\"1\" height=\"1\" loading=\"eager\" fetchpriority=\"high\"\/>Benachrichtige mich<\/p>\n<p>F\u00fcr besondere Momente und musikalische Abwechslung sorgen zudem die erfolgreiche Kindermusikerin <a href=\"https:\/\/www.fernsehserien.de\/simone-stiers\/filmografie\" data-type=\"person\" data-event-category=\"textlink-person\" target=\"_blank\" rel=\"noopener\">Simone Sommerland<\/a>, die Pops\u00e4nger <a href=\"https:\/\/www.fernsehserien.de\/wincent-weiss\/filmografie\" data-type=\"person\" data-event-category=\"textlink-person\" target=\"_blank\" rel=\"noopener\">Wincent Weiss<\/a> und <a href=\"https:\/\/www.fernsehserien.de\/thomas-anders\/filmografie\" data-type=\"person\" data-event-category=\"textlink-person\" target=\"_blank\" rel=\"noopener\">Thomas Anders<\/a>, die Girlgroup <a href=\"https:\/\/www.fernsehserien.de\/no-angels\/filmografie\" data-type=\"person\" data-event-category=\"textlink-person\" target=\"_blank\" rel=\"noopener\">No Angels<\/a>, die zur\u00fcckgekehrte Band <a href=\"https:\/\/www.fernsehserien.de\/unheilig\/filmografie\" data-type=\"person\" data-event-category=\"textlink-person\" target=\"_blank\" rel=\"noopener\">Unheilig<\/a> sowie der chinesische Starpianist <a href=\"https:\/\/www.fernsehserien.de\/lang-lang\/filmografie\" data-type=\"person\" data-event-category=\"textlink-person\" target=\"_blank\" rel=\"noopener\">Lang Lang<\/a> und der belgische S\u00e4nger <a href=\"https:\/\/www.fernsehserien.de\/helmut-lotti\/filmografie\" data-type=\"person\" data-event-category=\"textlink-person\" target=\"_blank\" rel=\"noopener\">Helmut Lotti<\/a>. <a href=\"https:\/\/www.fernsehserien.de\/dj-oetzi\/filmografie\" data-type=\"person\" data-event-category=\"textlink-person\" target=\"_blank\" rel=\"noopener\">DJ \u00d6tzi<\/a> tritt au\u00dferdem zusammen mit seiner Tochter <a href=\"https:\/\/www.fernsehserien.de\/lisa-marie-friedle\/filmografie\" data-type=\"person\" data-event-category=\"textlink-person\" target=\"_blank\" rel=\"noopener\">Lisa-Marie Friedle<\/a> auf. Auch die \u201eEisk\u00f6nigin\u201c steht auf der G\u00e4steliste.<\/p>\n<p>Wie beim \u201eAdventsfest\u201c \u00fcblich, gibt es auch in diesem Jahr abseits der Musikauftritte einige traditionelle Programmpunkte. So wird Showmaster Florian Silbereisen wieder vom <a href=\"https:\/\/www.fernsehserien.de\/nuernberger-christkind\/filmografie\" data-type=\"person\" data-event-category=\"textlink-person\" target=\"_blank\" rel=\"noopener\">N\u00fcrnberger Christkind<\/a> besucht. Das Vorlesen der Adventsgeschichte \u00fcbernimmt diesmal Schauspielerin <a href=\"https:\/\/www.fernsehserien.de\/simone-thomalla\/filmografie\" data-type=\"person\" data-event-category=\"textlink-person\" target=\"_blank\" rel=\"noopener\">Simone Thomalla<\/a>. Feierlicher H\u00f6hepunkt der Show wird schlie\u00dflich das Eintreffen des Friedenslichts aus Bethlehem sein, das an den tiefen Sinn von Weihnachten erinnern und ein starkes Zeichen f\u00fcr Zusammenhalt und Hoffnung \u00fcber Grenzen darstellen soll.<\/p>\n","protected":false},"excerpt":{"rendered":"Florian Silbereisen pr\u00e4sentiert das \u201eAdventsfest der 100.000 Lichter\u201c Bild: MDR\/J\u00fcrgensTV\/Dominik Beckmann Die meisten Shows von Florian Silbereisen sind&hellip;\n","protected":false},"author":2,"featured_media":608899,"comment_status":"","ping_status":"","sticky":false,"template":"","format":"standard","meta":{"footnotes":""},"categories":[155],"tags":[29,214,2617,30,15,2618,215],"class_list":{"0":"post-608898","1":"post","2":"type-post","3":"status-publish","4":"format-standard","5":"has-post-thumbnail","7":"category-unterhaltung","8":"tag-deutschland","9":"tag-entertainment","10":"tag-fernsehserien","11":"tag-germany","12":"tag-news","13":"tag-tv-serien","14":"tag-unterhaltung"},"share_on_mastodon":{"url":"https:\/\/pubeurope.com\/@de\/115628197803475654","error":""},"_links":{"self":[{"href":"https:\/\/www.europesays.com\/de\/wp-json\/wp\/v2\/posts\/608898","targetHints":{"allow":["GET"]}}],"collection":[{"href":"https:\/\/www.europesays.com\/de\/wp-json\/wp\/v2\/posts"}],"about":[{"href":"https:\/\/www.europesays.com\/de\/wp-json\/wp\/v2\/types\/post"}],"author":[{"embeddable":true,"href":"https:\/\/www.europesays.com\/de\/wp-json\/wp\/v2\/users\/2"}],"replies":[{"embeddable":true,"href":"https:\/\/www.europesays.com\/de\/wp-json\/wp\/v2\/comments?post=608898"}],"version-history":[{"count":0,"href":"https:\/\/www.europesays.com\/de\/wp-json\/wp\/v2\/posts\/608898\/revisions"}],"wp:featuredmedia":[{"embeddable":true,"href":"https:\/\/www.europesays.com\/de\/wp-json\/wp\/v2\/media\/608899"}],"wp:attachment":[{"href":"https:\/\/www.europesays.com\/de\/wp-json\/wp\/v2\/media?parent=608898"}],"wp:term":[{"taxonomy":"category","embeddable":true,"href":"https:\/\/www.europesays.com\/de\/wp-json\/wp\/v2\/categories?post=608898"},{"taxonomy":"post_tag","embeddable":true,"href":"https:\/\/www.europesays.com\/de\/wp-json\/wp\/v2\/tags?post=608898"}],"curies":[{"name":"wp","href":"https:\/\/api.w.org\/{rel}","templated":true}]}}