{"id":610006,"date":"2025-11-29T03:18:15","date_gmt":"2025-11-29T03:18:15","guid":{"rendered":"https:\/\/www.europesays.com\/de\/610006\/"},"modified":"2025-11-29T03:18:15","modified_gmt":"2025-11-29T03:18:15","slug":"fuechse-verteidigen-erfolg-in-herford","status":"publish","type":"post","link":"https:\/\/www.europesays.com\/de\/610006\/","title":{"rendered":"F\u00fcchse verteidigen Erfolg in Herford"},"content":{"rendered":"<p class=\"expressive-copy-lg-body\">Das Powerplay ist in der laufenden Saison nicht das beste. Doch auf das andere Special Team k\u00f6nnen sich die F\u00fcchse verlassen. \u201eEin Riesenkompliment an unsere Penaltykiller und an unseren Torh\u00fcter\u201c, sagte Trainer Frank Petrozza nach dem Spiel. Denn die starke Leistung des Eishockey-Oberligisten EV Duisburg in Unterzahl ist einer der Gr\u00fcnde, warum am sp\u00e4ten Freitagabend beim Herforder EV der zweite Ausw\u00e4rtssieg in Folge gelungen ist. Viereinhalb Minuten vor dem Ende gerieten die Duisburger in Unterzahl, eine Minute sp\u00e4ter nahm Herfords Trainer Henry Thom dann auch noch seinen Torh\u00fcter vom Eis, doch am Ende verteidigte der EVD den 3:2 (2:2, 0:0, 1:0)-Erfolg bei den Ice Dragons.<\/p>\n<blockquote class=\"not-prose mx-auto my-10 flex flex-col items-center gap-y-4 text-center md:w-[80%]\">\n<p class=\"expressive-copy-xl text-copy-primary\">Ein Riesenkompliment an unsere Penaltykiller und an unseren Torh\u00fcter.<\/p>\n<p>       Frank Petrozza, Trainer der F\u00fcchse Duisburg\n    <\/p><\/blockquote>\n<p class=\"expressive-copy-lg-body\">\u201eDas war ein enges Spiel. Du musst in dieser Liga in jedem Spiel \u00fcber die vollen 60 Minuten 100 Prozent Konzentration mitbringen\u201c, schnaufte Petrozza nach der Partie erstmal durch. \u201eWir machen zwei schnelle Tore, bekommen zwei schnelle Tore. Am Ende ist es ein abgef\u00e4lschte Schuss, der die Entscheidung bringt.\u201c Und die gute Leistung in der Defensive. \u201eDie Duisburger haben in Unterzahl die Mitte wirklich sehr gut zugemacht\u201c, befand auch Thom, der seine Mannschaft im Mitteldrittel, nicht zu Unrecht, etwas im Vorteil w\u00e4hnte. \u201eWir haben es uns aber verdient, dieses Spiel zu gewinnen\u201c, sagte Petrozza. Auch das ist eine korrekte Einsch\u00e4tzung des Spiels.<\/p>\n<p>    <img decoding=\"async\" src=\"https:\/\/www.europesays.com\/de\/wp-content\/uploads\/2025\/11\/410564146_1764253325_v16_9_1200.jpeg\" class=\"block w-full object-cover relative z-10 aspect-[4\/3] \" alt=\"Adam Kiedewicz st\u00fcrmt nun wieder mit Sandis Zolmanis und Egils Kalns.\" title=\"Adam Kiedewicz st\u00fcrmt nun wieder mit Sandis Zolmanis und Egils Kalns.\" loading=\"lazy\"\/><\/p>\n<p class=\"expressive-copy-lg-body\">Die ersten zehn Minuten waren etwas zerfahren. \u201eWir sind schlecht ins Spiel gekommen. Ich kann nicht einmal sagen, warum das so war\u201c, erkl\u00e4rte Petrozza. Dann aber nutzten die F\u00fcchse zwei schlimme Patzer der Herforder Defensive zur 2:0-F\u00fchrung. Erst schnappte sich Daniel Geiger, F\u00f6rderlizenzspieler aus Iserlohn, die Scheibe und erzielte seinen ersten Treffer im Profieishockey \u00fcberhaupt. Kein Wunder, dass seine Mitspieler den Puck f\u00fcr ihn sicherten. \u201eDann haben wir etwas mutig durch die Mitte gespielt\u201c, nahm es Henry Thom gewohnt mit Humor. Diesmal war Edwin Schitz da, fing den Aufbauversuch ab und traf zum 2:0, nur wenig mehr als eine Minute nach der F\u00fchrung. Doch ebenso schnell glich der HEV aus: Erst verloren die F\u00fcchse hinter dem Tor die Scheibe, dann konnten sie einen Diagonalpass nicht unterbinden.<\/p>\n<p>Mehr zum Thema<\/p>\n<p class=\"expressive-copy-lg-body\">Dass im Anschluss wenig anbrannte, hatte auch viel mit guter Defensivarbeit zu tun und \u2013 wie \u00fcblich \u2013 mit einem starken Leon Willerscheid im Tor. Der Siegtreffer in der 46. Minute musste der \u00dcberpr\u00fcfung im Videobeweis standhalten, denn Klavs Planics f\u00e4lschte den Schuss von Nicklas Mannes zum 3:2 in der Luft ab \u2013 und das klar unterhalb der Lattenh\u00f6he, sodass der Treffer regul\u00e4r war. <\/p>\n<p class=\"expressive-copy-lg-body\">Am Sonntag (18.30 Uhr, Alleato-Arena) steht nun das Heimspiel gegen die Rostock Piranhas auf dem Plan.<\/p>\n<p>Die Statistik:<\/p>\n<p class=\"expressive-copy-lg-body\"><strong>Tore:<\/strong> 0:1 (11:14) Geiger (Zoweil), 0:2 (12:32) Schitz, 1:2 (15:45) Walch (Moberg, Hupach), 2:2 (16:15) Berezovskyy (Moberg, Pierson), 2:3 (45:39) Planics (Mannes, Brandt).<\/p>\n<p class=\"expressive-copy-lg-body\"><strong>Strafen: <\/strong>Herford 4, Duisburg 8.<\/p>\n<p class=\"expressive-copy-lg-body\"><strong>Zuschauer: <\/strong>1026.<\/p>\n","protected":false},"excerpt":{"rendered":"Das Powerplay ist in der laufenden Saison nicht das beste. Doch auf das andere Special Team k\u00f6nnen sich&hellip;\n","protected":false},"author":2,"featured_media":610007,"comment_status":"","ping_status":"","sticky":false,"template":"","format":"standard","meta":{"footnotes":""},"categories":[1838],"tags":[3364,29,3715,30,1209],"class_list":{"0":"post-610006","1":"post","2":"type-post","3":"status-publish","4":"format-standard","5":"has-post-thumbnail","7":"category-duisburg","8":"tag-de","9":"tag-deutschland","10":"tag-duisburg","11":"tag-germany","12":"tag-nordrhein-westfalen"},"share_on_mastodon":{"url":"https:\/\/pubeurope.com\/@de\/115630827660980632","error":""},"_links":{"self":[{"href":"https:\/\/www.europesays.com\/de\/wp-json\/wp\/v2\/posts\/610006","targetHints":{"allow":["GET"]}}],"collection":[{"href":"https:\/\/www.europesays.com\/de\/wp-json\/wp\/v2\/posts"}],"about":[{"href":"https:\/\/www.europesays.com\/de\/wp-json\/wp\/v2\/types\/post"}],"author":[{"embeddable":true,"href":"https:\/\/www.europesays.com\/de\/wp-json\/wp\/v2\/users\/2"}],"replies":[{"embeddable":true,"href":"https:\/\/www.europesays.com\/de\/wp-json\/wp\/v2\/comments?post=610006"}],"version-history":[{"count":0,"href":"https:\/\/www.europesays.com\/de\/wp-json\/wp\/v2\/posts\/610006\/revisions"}],"wp:featuredmedia":[{"embeddable":true,"href":"https:\/\/www.europesays.com\/de\/wp-json\/wp\/v2\/media\/610007"}],"wp:attachment":[{"href":"https:\/\/www.europesays.com\/de\/wp-json\/wp\/v2\/media?parent=610006"}],"wp:term":[{"taxonomy":"category","embeddable":true,"href":"https:\/\/www.europesays.com\/de\/wp-json\/wp\/v2\/categories?post=610006"},{"taxonomy":"post_tag","embeddable":true,"href":"https:\/\/www.europesays.com\/de\/wp-json\/wp\/v2\/tags?post=610006"}],"curies":[{"name":"wp","href":"https:\/\/api.w.org\/{rel}","templated":true}]}}