{"id":610082,"date":"2025-11-29T04:05:28","date_gmt":"2025-11-29T04:05:28","guid":{"rendered":"https:\/\/www.europesays.com\/de\/610082\/"},"modified":"2025-11-29T04:05:28","modified_gmt":"2025-11-29T04:05:28","slug":"3%e2%81%ba-silber-bereitet-euch-auf-diesen-move-vor-stock3","status":"publish","type":"post","link":"https:\/\/www.europesays.com\/de\/610082\/","title":{"rendered":"(3\u207a) SILBER &#8211; Bereitet Euch auf diesen Move vor! &#8211; stock3"},"content":{"rendered":"<ol>\n<li><a href=\"https:\/\/news.google.com\/rss\/articles\/CBMifkFVX3lxTE1BME1id2dHcXozMXBqMGRDQ2RqMUY1bUQ3MjJQMUs5NVhYQm5RcWZ4d2J3MU5TaFUyN0hjQzd2NU5rejFHeTRPY0dOQnF0ajFsZzhZeE9VYmdVMnJ1NXlBVVRsVGt6ZkZLaHUxMVlJU1pjQVJBZklYdHhrM1ZfUQ?oc=5\" target=\"_blank\" rel=\"noopener\">(3\u207a) SILBER &#8211; Bereitet Euch auf diesen Move vor!<\/a>&nbsp;&nbsp;stock3<\/li>\n<li><a href=\"https:\/\/news.google.com\/rss\/articles\/CBMivgFBVV95cUxNMGRiYXFUT0wxR1NQVW1vZlR4eGNFWVh5OElGZVFBdnV5MldBZlRoNEZBNFhLWXhzeEs4N2dzbUFWV1g2T3M4eVpoS3VGVWdVZWRsZ1NUb19BZ09kZzRPZ0dQUWVKdktudVNRSERMOHNCVXRLcllTbmRzQ3oyNkI2ZTVnUGJ4Wm5feUUtRTM1YUFuMjBnU0FpZ19vb0E3UW1MOTk1SmRVaTlKMW5qcnRULXNXR29UbFJUa1l5WTB3?oc=5\" target=\"_blank\" rel=\"noopener\">Edelmetall: Silberpreis erreicht Rekordhoch<\/a>&nbsp;&nbsp;Handelsblatt<\/li>\n<li><a href=\"https:\/\/news.google.com\/rss\/articles\/CBMivAFBVV95cUxQcU1sS010OERCTXZibHVXeE5hTzFqeVRiQ3V6eUtweDVjc2k3cmJObDE5WjlzSmRIZlI2eUZxXzZqZWVKblEyd0l6akJKUUtOdV9xaFc0Rmh1a25LcVVPOHE4aHNMZHBDTFVNWEdjV1FyamhhUWhxR2lVakQ1N2NoMUxMdWhWM1pUd2tzcnpyb3R3TWVHTFdiZXo4dkprVndBQ08yWmVsVTg2MVdwSDNUM09RNmF3V09najliMQ?oc=5\" target=\"_blank\" rel=\"noopener\">Goldexperte Bu\u00dfler: Startschuss f\u00fcr die n\u00e4chste Rally?<\/a>&nbsp;&nbsp;Der Aktion\u00e4r<\/li>\n<li><a href=\"https:\/\/news.google.com\/rss\/articles\/CBMikgFBVV95cUxPZkZpNlhsY3FXY0hOQ2ZMQmxFd0dXRzM2UWhBRl9tXzFSRFVDM1JST2lObkhtcmVIc0VZVU1JN1VRZVdrUzlRUDVENlNaOWRyTmNGakRCbGdmNTRTNjV0RnpqT1E4aHRyRndaUTNmNVF1SGFQMU5rTnBXNUJadzRUb0FlZ3VDSXh0bVVZS3NQeV9fdw?oc=5\" target=\"_blank\" rel=\"noopener\">Schl\u00e4gt die Stunde des Silberpreises?<\/a>&nbsp;&nbsp;finanzen.net<\/li>\n<li><a href=\"https:\/\/news.google.com\/rss\/articles\/CBMi4wFBVV95cUxQNm9OUWlPZS1DVFB1TTBKN2RPeW9feGZsNlItNkpTNld1c1pfcU9hbGU3MjhwaTZBajdpeWhoRmJMX2s3ZmVVN2NoSmRvVm1qd3ZkbFNVb0JMY3IxT1lSc3c0RjZWVEJsa3paVlhlYUw1RU56SzhaTi1DNFAxYll3MWRDcEVrcnRQM2tpZDA1SEpCLTd5OXFxTHRHSVRSa0pTZmVzNUJFTlp4SHpNdm5FdWVKTm83ZnFEcExabVRYYmV5dnFmVkRZTWVTV3lBdHlfLUVKQnRoTXNpNUdrNlZLQm14VQ?oc=5\" target=\"_blank\" rel=\"noopener\">Silber auf Rekordkurs: Darum profitiert das \u201eArme-Leute-Gold\u201c jetzt richtig<\/a>&nbsp;&nbsp;FOCUS online<\/li>\n<\/ol>\n","protected":false},"excerpt":{"rendered":"(3\u207a) SILBER &#8211; Bereitet Euch auf diesen Move vor!&nbsp;&nbsp;stock3 Edelmetall: Silberpreis erreicht Rekordhoch&nbsp;&nbsp;Handelsblatt Goldexperte Bu\u00dfler: Startschuss f\u00fcr die&hellip;\n","protected":false},"author":2,"featured_media":167269,"comment_status":"","ping_status":"","sticky":false,"template":"","format":"standard","meta":{"footnotes":""},"categories":[134],"tags":[175,170,169,29,30,171,174,173,172],"class_list":{"0":"post-610082","1":"post","2":"type-post","3":"status-publish","4":"format-standard","5":"has-post-thumbnail","7":"category-unternehmen-maerkte","8":"tag-business","9":"tag-companies","10":"tag-companies-markets","11":"tag-deutschland","12":"tag-germany","13":"tag-markets","14":"tag-maerkte","15":"tag-unternehmen","16":"tag-unternehmen-maerkte"},"share_on_mastodon":{"url":"https:\/\/pubeurope.com\/@de\/115631013305367253","error":""},"_links":{"self":[{"href":"https:\/\/www.europesays.com\/de\/wp-json\/wp\/v2\/posts\/610082","targetHints":{"allow":["GET"]}}],"collection":[{"href":"https:\/\/www.europesays.com\/de\/wp-json\/wp\/v2\/posts"}],"about":[{"href":"https:\/\/www.europesays.com\/de\/wp-json\/wp\/v2\/types\/post"}],"author":[{"embeddable":true,"href":"https:\/\/www.europesays.com\/de\/wp-json\/wp\/v2\/users\/2"}],"replies":[{"embeddable":true,"href":"https:\/\/www.europesays.com\/de\/wp-json\/wp\/v2\/comments?post=610082"}],"version-history":[{"count":0,"href":"https:\/\/www.europesays.com\/de\/wp-json\/wp\/v2\/posts\/610082\/revisions"}],"wp:featuredmedia":[{"embeddable":true,"href":"https:\/\/www.europesays.com\/de\/wp-json\/wp\/v2\/media\/167269"}],"wp:attachment":[{"href":"https:\/\/www.europesays.com\/de\/wp-json\/wp\/v2\/media?parent=610082"}],"wp:term":[{"taxonomy":"category","embeddable":true,"href":"https:\/\/www.europesays.com\/de\/wp-json\/wp\/v2\/categories?post=610082"},{"taxonomy":"post_tag","embeddable":true,"href":"https:\/\/www.europesays.com\/de\/wp-json\/wp\/v2\/tags?post=610082"}],"curies":[{"name":"wp","href":"https:\/\/api.w.org\/{rel}","templated":true}]}}