{"id":610114,"date":"2025-11-29T04:30:16","date_gmt":"2025-11-29T04:30:16","guid":{"rendered":"https:\/\/www.europesays.com\/de\/610114\/"},"modified":"2025-11-29T04:30:16","modified_gmt":"2025-11-29T04:30:16","slug":"jena-letzter-fall-fuer-theresa-wolff-spin-off-startet-2026","status":"publish","type":"post","link":"https:\/\/www.europesays.com\/de\/610114\/","title":{"rendered":"Jena | Letzter Fall f\u00fcr \u00abTheresa Wolff\u00bb \u2013 Spin-Off startet 2026"},"content":{"rendered":"<p>Jena (dpa) &#8211; Klappe zu im Leichenk\u00fchlraum und dann l\u00e4uft der Abspann: So endet die ZDF-Krimireihe \u00abTheresa Wolff\u00bb. Nach dem siebten Fall h\u00e4ngt Nina Gummich den Kittel f\u00fcr ihre Rolle als titelgebende Gerichtsmedizinerin im th\u00fcringischen Jena an den Nagel. Dass Schluss ist, merkt man der Episode \u00abNebel\u00bb aber eigentlich nicht an, zu sehen am Samstag (29. November\/20.15) um 20.15 Uhr im ZDF und in der Mediathek.<\/p>\n<p>\u00abAm besten mit Kopfschuss\u00bb<\/p>\n<p>Wie gewohnt verk\u00f6rpert Gummich die eigensinnige Theresa Wolff, die mit Zwischenmenschlichem \u00fcberfordert ist. Gleich zu Beginn empfiehlt die Medizinerin einer Polizistin, sich selbst zu erschie\u00dfen und nicht den Mann, den die Beamtin f\u00fcr den Tod ihres Sohnes verantwortlich macht. Das Mittel der Wahl, wenn es nach Wolff geht: ein aufgesetzter Kopfschuss. Einen solchen habe sie ihren Studierenden der Unimedizin n\u00e4mlich noch nicht zeigen k\u00f6nnen, stellt die Medizinerin emotionslos fest.\u00a0<\/p>\n<p>Der Fall des toten Sohnes der Polizistin wird schnell im Drogenmilieu verortet. Dabei passt der laut Mutter brave und zielstrebige Finn (Philip G\u00fcnsch) wenig ins Bild der bisherigen Opfer, die die neuartige synthetische Droge Moonshadow konsumiert haben. Dass die Drogenfahndung bislang nicht \u00f6ffentlich vor dem gef\u00e4hrlichen Stoff warnt, der in Jena im Umlauf ist, besch\u00e4ftigt Wolff. Sie bef\u00fcrchtet noch mehr Tote und nimmt die Sache einmal mehr selbst in die Hand. Dabei ist sie erk\u00e4ltet, schn\u00e4uzt und hustet sich durch den Fall. Ein Zustand, der ihr noch zum Verh\u00e4ngnis wird.\u00a0<\/p>\n<p>Eindeutig schlechtes Gewissen<\/p>\n<p>Die Wirkung von Drogenkonsum gerade in jungen Jahren wird am tatverd\u00e4chtigen mutma\u00dflichen Drogendealer deutlich: Eric Boltor (Henning Fl\u00fcsloh) leidet an einer Psychose und tut sich schwer, Realit\u00e4t und L\u00fcge zu unterscheiden. Er hat Aussetzer und greift sich selbst und andere an \u2013 also auch den Toten? Zumindest weisen die von Wolff festgestellten Spuren an einer Wunde recht eindeutig darauf hin.<\/p>\n<p>Doch ganz so eindeutig ist der Fall dann doch nicht, wie sich bald zeigt. Nicht nur Wolff und die Mutter des Toten plagt ein schlechtes Gewissen, ebenso Hauptkommissar Bruno Lewandowski (Aurel Manthei) und seinen Kollegen Ceyhan Topal (Sahin Eryilmaz). Und dann ist da noch Wolffs Doktorand (Anton Giuseppe Arnold), der sich von der Medizinerin nicht nur Fachwissen abgeschaut hat. Er forscht &#8211; nicht ganz legal &#8211; auf eigene Faust in der Sache.\u00a0<\/p>\n<p>Dreharbeiten zu Spin-Off<\/p>\n<p>Gummich und Manthei haben die Serie nach Angaben des ZDF auf eigenen Wunsch verlassen. Dennoch setzt der TV-Sender weiter auf den \u00abTh\u00fcringenkrimi\u00bb. In einem Spin-Off sollen Sahin Eryilmaz als Kommissar Ceyhan Topal und Peter Schneider als Rechtsmediziner Dr. Zeidler zu sehen sein. Neu dazu kommen Emily Cox (\u00abAlma und Oskar\u00bb) als Rechtsmedizinerin und forensische Entomologin Mala Murphy sowie Golo Euler (\u00abUnsichtbarer Angreifer\u00bb) als Kriminalhauptkommissar Moritz Herbst.<\/p>\n<p>Zwei Episoden des neuen \u00abTh\u00fcringenkrimis\u00bb sind laut Produktionsfirma Ziegler Film schon im Kasten. F\u00fcr einen dritten Film haben die Dreharbeiten bereits begonnen. 2026 soll die Serie starten, genaue Termine stehen aber nach Angaben des ZDF noch nicht fest.\u00a0<\/p>\n<p>Und wie geht es f\u00fcr Gummich weiter?\u00a0<\/p>\n<p>Gummich selbst hatte im September in einem Instagram-Post den ersten Geburtstag ihres Sohns bekanntgegeben &#8211; und \u00fcber drei neue Projekte geschrieben, ohne Genaueres zu verraten. Fest steht aber bereits, dass sie im vom SWR produzierten \u00abTatort \u2013 St\u00e4ffele\u00bb aus Stuttgart zu sehen sein wird.<\/p>\n","protected":false},"excerpt":{"rendered":"Jena (dpa) &#8211; Klappe zu im Leichenk\u00fchlraum und dann l\u00e4uft der Abspann: So endet die ZDF-Krimireihe \u00abTheresa Wolff\u00bb.&hellip;\n","protected":false},"author":2,"featured_media":610115,"comment_status":"","ping_status":"","sticky":false,"template":"","format":"standard","meta":{"footnotes":""},"categories":[1841],"tags":[1605,3364,29,441,30,62,1209,1897,861,6406],"class_list":{"0":"post-610114","1":"post","2":"type-post","3":"status-publish","4":"format-standard","5":"has-post-thumbnail","7":"category-bielefeld","8":"tag-bielefeld","9":"tag-de","10":"tag-deutschland","11":"tag-fernsehen","12":"tag-germany","13":"tag-medien","14":"tag-nordrhein-westfalen","15":"tag-streaming","16":"tag-thueringen","17":"tag-tv-ausblick"},"share_on_mastodon":{"url":"https:\/\/pubeurope.com\/@de\/115631110709469941","error":""},"_links":{"self":[{"href":"https:\/\/www.europesays.com\/de\/wp-json\/wp\/v2\/posts\/610114","targetHints":{"allow":["GET"]}}],"collection":[{"href":"https:\/\/www.europesays.com\/de\/wp-json\/wp\/v2\/posts"}],"about":[{"href":"https:\/\/www.europesays.com\/de\/wp-json\/wp\/v2\/types\/post"}],"author":[{"embeddable":true,"href":"https:\/\/www.europesays.com\/de\/wp-json\/wp\/v2\/users\/2"}],"replies":[{"embeddable":true,"href":"https:\/\/www.europesays.com\/de\/wp-json\/wp\/v2\/comments?post=610114"}],"version-history":[{"count":0,"href":"https:\/\/www.europesays.com\/de\/wp-json\/wp\/v2\/posts\/610114\/revisions"}],"wp:featuredmedia":[{"embeddable":true,"href":"https:\/\/www.europesays.com\/de\/wp-json\/wp\/v2\/media\/610115"}],"wp:attachment":[{"href":"https:\/\/www.europesays.com\/de\/wp-json\/wp\/v2\/media?parent=610114"}],"wp:term":[{"taxonomy":"category","embeddable":true,"href":"https:\/\/www.europesays.com\/de\/wp-json\/wp\/v2\/categories?post=610114"},{"taxonomy":"post_tag","embeddable":true,"href":"https:\/\/www.europesays.com\/de\/wp-json\/wp\/v2\/tags?post=610114"}],"curies":[{"name":"wp","href":"https:\/\/api.w.org\/{rel}","templated":true}]}}