{"id":610120,"date":"2025-11-29T04:33:31","date_gmt":"2025-11-29T04:33:31","guid":{"rendered":"https:\/\/www.europesays.com\/de\/610120\/"},"modified":"2025-11-29T04:33:31","modified_gmt":"2025-11-29T04:33:31","slug":"schuhkarton-streit-deichmann-verliert-vor-gericht-nrw","status":"publish","type":"post","link":"https:\/\/www.europesays.com\/de\/610120\/","title":{"rendered":"Schuhkarton-Streit: Deichmann verliert vor Gericht | NRW"},"content":{"rendered":"<p>Die Schuhe passen, ab zur Kasse. Aber was tun mit dem Karton &#8211; mitnehmen oder dalassen? Die meisten lassen ihn da, sagt der Schuhh\u00e4ndler Deichmann &#8211; und m\u00f6chte raus aus einem teuren Entsorgungssystem.<\/p>\n<p id=\"absatz1\" class=\"em_text\">Im Streit um M\u00fcllkosten hat die Schuhfirma Deichmann eine Niederlage vor Gericht einstecken m\u00fcssen. Deichmann hatte sich von einer sogenannten Systembeteiligungspflicht befreien lassen wollen &#8211; hierbei m\u00fcssen Firmen Geld zahlen f\u00fcr die Entsorgung und Verwertung von Verpackungen, die bei privaten Endkunden landen. Doch das Verwaltungsgericht Gelsenkirchen wies die Deichmann-Klage ab, eine Berufung wurde nicht zugelassen.<\/p>\n<p id=\"absatz2\" class=\"em_text\">\u00dcberwacht wird das Entsorgungssystem von der Zentralen Stelle Verpackungsregister (ZSVR), gegen diese Beh\u00f6rde aus Osnabr\u00fcck hatte Deichmann geklagt.<\/p>\n<p>Gutachten spielt wichtige Rolle<\/p>\n<p id=\"absatz4\" class=\"em_text\">Bei der Verhandlung am Freitag hatte Kurt Sch\u00fcler von der Gesellschaft f\u00fcr Verpackungsmarktforschung (GVM) ein Gutachten vorgestellt, dem zufolge in Deutschland inzwischen rund 62 Prozent der Schuhk\u00e4ufer den Schuhkarton aus dem Laden mitnehmen oder ihn nach einer Online-Bestellung zugeschickt bekommen. Das waren etwa acht Prozentpunkte mehr als 2020. W\u00e4ren es unter 50 Prozent gewesen, so w\u00e4re Deichmann vermutlich von der M\u00fcllkostenpflicht befreit worden.<\/p>\n<p id=\"absatz5\" class=\"em_text\">Die Deichmann-Anw\u00e4ltin Claudia Schoppen monierte, dass das Gutachten nicht aussagekr\u00e4ftig und nicht repr\u00e4sentativ sei. Die Marktforscher h\u00e4tten zu wenige Gesch\u00e4fte aufgesucht. Das Gutachten ist urspr\u00fcnglich von 2020, damals suchten Marktforscher 46 Firmenstandorte auf. Au\u00dferdem holten sie zus\u00e4tzliche Marktdaten ein.<\/p>\n<p id=\"absatz6\" class=\"em_text\">Auf Bitte des Gerichts aktualisierte die GVM ihr Gutachten dieses Jahr und suchte daf\u00fcr 20 weitere Gesch\u00e4fte auf, f\u00fcnf davon waren von Deichmann. Anw\u00e4ltin Schoppen verwies auf Erkundungen von Deichmann selbst, denen zufolge nur etwa 40 Prozent der Schuhkartons beim Kunden landen.<\/p>\n<p id=\"absatz7\" class=\"em_text\">Diese Firmenerhebung spiele f\u00fcr das Urteil aber keine Rolle, sagte der Vorsitzende Richter Manfred Kl\u00fcmper. Aus seiner Sicht ist das strittige Gutachten durchaus aussagekr\u00e4ftig und valide. Mit Blick auf die 50-Prozent-Grenze, ab der die M\u00fcllkostenpflicht greift, sagte Kl\u00fcmper: \u00abDie Kammer meint, dass die Grenze auf jeden Fall \u00fcberschritten wird und deswegen eine Systembeteiligungspflicht von Schuhkartons besteht.\u00bb <\/p>\n","protected":false},"excerpt":{"rendered":"Die Schuhe passen, ab zur Kasse. Aber was tun mit dem Karton &#8211; mitnehmen oder dalassen? Die meisten&hellip;\n","protected":false},"author":2,"featured_media":610121,"comment_status":"","ping_status":"","sticky":false,"template":"","format":"standard","meta":{"footnotes":""},"categories":[1839],"tags":[8769,7507,145110,3364,29,145108,3658,30,145109,145111,145107,1209,15616,145106],"class_list":{"0":"post-610120","1":"post","2":"type-post","3":"status-publish","4":"format-standard","5":"has-post-thumbnail","7":"category-bochum","8":"tag-verwaltungsgericht","9":"tag-bochum","10":"tag-claudia-schoppen","11":"tag-de","12":"tag-deutschland","13":"tag-entsorgungssystem","14":"tag-gelsenkirchen","15":"tag-germany","16":"tag-handelskette","17":"tag-kurt-schler","18":"tag-mllkosten","19":"tag-nordrhein-westfalen","20":"tag-osnabrck","21":"tag-systembeteiligungspflicht"},"share_on_mastodon":{"url":"https:\/\/pubeurope.com\/@de\/115631122364328691","error":""},"_links":{"self":[{"href":"https:\/\/www.europesays.com\/de\/wp-json\/wp\/v2\/posts\/610120","targetHints":{"allow":["GET"]}}],"collection":[{"href":"https:\/\/www.europesays.com\/de\/wp-json\/wp\/v2\/posts"}],"about":[{"href":"https:\/\/www.europesays.com\/de\/wp-json\/wp\/v2\/types\/post"}],"author":[{"embeddable":true,"href":"https:\/\/www.europesays.com\/de\/wp-json\/wp\/v2\/users\/2"}],"replies":[{"embeddable":true,"href":"https:\/\/www.europesays.com\/de\/wp-json\/wp\/v2\/comments?post=610120"}],"version-history":[{"count":0,"href":"https:\/\/www.europesays.com\/de\/wp-json\/wp\/v2\/posts\/610120\/revisions"}],"wp:featuredmedia":[{"embeddable":true,"href":"https:\/\/www.europesays.com\/de\/wp-json\/wp\/v2\/media\/610121"}],"wp:attachment":[{"href":"https:\/\/www.europesays.com\/de\/wp-json\/wp\/v2\/media?parent=610120"}],"wp:term":[{"taxonomy":"category","embeddable":true,"href":"https:\/\/www.europesays.com\/de\/wp-json\/wp\/v2\/categories?post=610120"},{"taxonomy":"post_tag","embeddable":true,"href":"https:\/\/www.europesays.com\/de\/wp-json\/wp\/v2\/tags?post=610120"}],"curies":[{"name":"wp","href":"https:\/\/api.w.org\/{rel}","templated":true}]}}