{"id":610173,"date":"2025-11-29T05:07:20","date_gmt":"2025-11-29T05:07:20","guid":{"rendered":"https:\/\/www.europesays.com\/de\/610173\/"},"modified":"2025-11-29T05:07:20","modified_gmt":"2025-11-29T05:07:20","slug":"handball-bundesliga-tvb-stuttgart-verspielt-den-ersten-auswaertssieg","status":"publish","type":"post","link":"https:\/\/www.europesays.com\/de\/610173\/","title":{"rendered":"Handball-Bundesliga: TVB Stuttgart verspielt den ersten Ausw\u00e4rtssieg"},"content":{"rendered":"<p>\t\t\t\t\t\t\t\t\t\t\t\t\t\t\t\t\t\t\t\t\t\t\t\t\t\t\t\t      \t\t            \t\t             \t\t\t\t   \t\t\t\t\t   <img decoding=\"async\" id=\"article-image\" fetchpriority=\"high\" alt=\"Handball-Bundesliga: TVB Stuttgart verspielt den ersten Ausw\u00e4rtssieg\" title=\"Handball-Bundesliga: TVB Stuttgart verspielt den ersten Ausw\u00e4rtssieg\" src=\"https:\/\/www.europesays.com\/de\/wp-content\/uploads\/2025\/11\/media.media.f4ce672c-c983-403c-a438-0d4bf5ab550b.16x9_700.jpg\" data-linkto=\"https:\/\/www.stuttgarter-nachrichten.de\/javascript:void(0);\"\/>\t\t\t\t\t\t\t\t\t\t\t\t\t\t\t\t\t\t\t\t\t\t\t\tKai H\u00e4fner trifft erst nach der Pause \u2013 dann aber achtmal.\u00a0Foto: Baumann\/Julia Rahn\t\t\t<\/p>\n<p>Stuttgarts Handballer sehen beim HC Erlangen schon wie der sichere Sieger aus, doch am Ende reicht es nur zu einem Punkt.<\/p>\n<p>Der Handball-Bundesligist <a href=\"https:\/\/www.stuttgarter-nachrichten.de\/thema\/TVB_Stuttgart\" title=\"TVB Stuttgart\" class=\"art_thema\" target=\"_blank\" rel=\"noopener\">TVB Stuttgart<\/a> musste am Freitagabend nach N\u00fcrnberg in die PSD Bank Arena, in der sonst auch Eishockey gespielt wird, und ist am Ende tats\u00e4chlich noch ausgerutscht. Denn beim 24:24 sahen die G\u00e4ste zur Pause (10:5) beim HC Erlangen eigentlich wie der sichere Sieger aus. Nach einer starken Defensivleistung sagte Abwehrchef Samuel R\u00f6thlisberger in der Halbzeit: \u201eWir versuchen, eine kompakte und aggressive Deckung zu stellen \u2013 d\u00fcrfen aber keinen Prozent nachlassen.\u201c <\/p>\n<p>Genau das taten die Stuttgarter dann, sodass der HCE innerhalb von sieben Minuten genauso viele Treffer bis zum 10:12 erzielte wie in der gesamten ersten H\u00e4lfte. In der hatte TVB-Schlussmann Miljan Vujovic einen \u00fcberragenden Tag erwischt mit 58 Prozent gehaltener B\u00e4lle, sodass der kurzfristig vom Zweitligisten HBW Balingen verpflichtete Mateusz Kornecki sich bei seinem Deb\u00fct auf der Bank gedulden musste. Auf der Gegenseite hatte Routinier Dario Quenstedt (zw\u00f6lf Paraden) ma\u00dfgeblichen Anteil an der Aufholjagd des HCE (22:22, 56.), der vor der Pause einmal 13 Minuten lang ohne eigenen Treffer geblieben war. Wobei der verletzte Torj\u00e4ger Viggo Kristjansson (einst auch beim TVB) schmerzlich vermisst wurde. Dagegen war vor 7216 Zuschauern auf <a href=\"https:\/\/www.stuttgarter-zeitung.de\/inhalt.kai-haefner-vom-tvb-stuttgart-siebenmeter-ich-habe-das-davor-18-jahre-lang-nicht-gemacht.2c6ee327-f5d7-4397-ac9a-1b1c78722d2b.html\" target=\"_blank\" rel=\"noopener\">Stuttgarts Kai H\u00e4fner <\/a>Verlass, der alle seine acht Tore nach der Halbzeit erzielte; Lenny Rubin traf 20 Sekunden vor Schluss zum 24:23, doch das reichte nicht, entsprechend sauer war der Schweizer: \u201eWir bringen Erlangen mit unseren technischen Fehlern zur\u00fcck ins Spiel.\u201c So sah es auch Trainer Misha Kaufmann: \u201eWir f\u00fchren komfortabel, aber erm\u00f6glichen Erlangen in der zweiten H\u00e4lfte zu viele einfache Tore \u2013 am Ende war es ein etwas ungl\u00fccklicher Punktverlust f\u00fcr uns. Aber wir arbeiten weiter.\u201c<\/p>\n<p>Und weiter geht es f\u00fcr <a href=\"https:\/\/www.stuttgarter-zeitung.de\/inhalt.tvb-stuttgart-misha-kaufmann-laesst-lieber-die-mannschaft-sprechen.f7a9a99a-5232-43be-9301-0e7a7d7f23a0.html\" target=\"_blank\" rel=\"noopener\">Misha Kaufmanns Mannschaft <\/a>nun mit zwei Heimspielen in der Porsche-Arena: Am n\u00e4chsten Donnerstag gegen Wetzlar und drei Tage sp\u00e4ter gegen Leipzig, zwei Mannschaften, die in der Tabelle noch hinter den Stuttgartern rangieren<\/p>\n","protected":false},"excerpt":{"rendered":"Kai H\u00e4fner trifft erst nach der Pause \u2013 dann aber achtmal.\u00a0Foto: Baumann\/Julia Rahn Stuttgarts Handballer sehen beim HC&hellip;\n","protected":false},"author":2,"featured_media":610174,"comment_status":"","ping_status":"","sticky":false,"template":"","format":"standard","meta":{"footnotes":""},"categories":[1830],"tags":[1634,3364,29,30,7403,44077,20455,7400,1441,7401],"class_list":{"0":"post-610173","1":"post","2":"type-post","3":"status-publish","4":"format-standard","5":"has-post-thumbnail","7":"category-stuttgart","8":"tag-baden-wuerttemberg","9":"tag-de","10":"tag-deutschland","11":"tag-germany","12":"tag-handball-bundesliga","13":"tag-hc-erlangen","14":"tag-kai-haefner","15":"tag-sportmeldungen","16":"tag-stuttgart","17":"tag-tvb-stuttgart"},"share_on_mastodon":{"url":"https:\/\/pubeurope.com\/@de\/115631256121829260","error":""},"_links":{"self":[{"href":"https:\/\/www.europesays.com\/de\/wp-json\/wp\/v2\/posts\/610173","targetHints":{"allow":["GET"]}}],"collection":[{"href":"https:\/\/www.europesays.com\/de\/wp-json\/wp\/v2\/posts"}],"about":[{"href":"https:\/\/www.europesays.com\/de\/wp-json\/wp\/v2\/types\/post"}],"author":[{"embeddable":true,"href":"https:\/\/www.europesays.com\/de\/wp-json\/wp\/v2\/users\/2"}],"replies":[{"embeddable":true,"href":"https:\/\/www.europesays.com\/de\/wp-json\/wp\/v2\/comments?post=610173"}],"version-history":[{"count":0,"href":"https:\/\/www.europesays.com\/de\/wp-json\/wp\/v2\/posts\/610173\/revisions"}],"wp:featuredmedia":[{"embeddable":true,"href":"https:\/\/www.europesays.com\/de\/wp-json\/wp\/v2\/media\/610174"}],"wp:attachment":[{"href":"https:\/\/www.europesays.com\/de\/wp-json\/wp\/v2\/media?parent=610173"}],"wp:term":[{"taxonomy":"category","embeddable":true,"href":"https:\/\/www.europesays.com\/de\/wp-json\/wp\/v2\/categories?post=610173"},{"taxonomy":"post_tag","embeddable":true,"href":"https:\/\/www.europesays.com\/de\/wp-json\/wp\/v2\/tags?post=610173"}],"curies":[{"name":"wp","href":"https:\/\/api.w.org\/{rel}","templated":true}]}}