{"id":610214,"date":"2025-11-29T05:31:16","date_gmt":"2025-11-29T05:31:16","guid":{"rendered":"https:\/\/www.europesays.com\/de\/610214\/"},"modified":"2025-11-29T05:31:16","modified_gmt":"2025-11-29T05:31:16","slug":"ps5-schon-ab-329-e-am-black-friday-die-besten-playstation-angebote","status":"publish","type":"post","link":"https:\/\/www.europesays.com\/de\/610214\/","title":{"rendered":"PS5 schon ab 329 \u20ac am Black Friday \u2013 die besten PlayStation-Angebote"},"content":{"rendered":"<ol class=\"id-DonaldBreadcrumb lp_west_breadcrumb id-DonaldBreadcrumb--default\" data-k5a-pos=\"west_breadcrumb\">\n<li class=\"id-Breadcrumb-item\"><a href=\"https:\/\/www.fnp.de\/\" class=\"id-Breadcrumb-link\" data-id-ec=\"{\" shn=\"\" textlink=\"\" data-k5a-pos=\"1_startseite\" target=\"_blank\" rel=\"noopener\">Startseite<\/a><\/li>\n<li class=\"id-Breadcrumb-item\"><a href=\"https:\/\/www.fnp.de\/produktempfehlung\/\" class=\"id-Breadcrumb-link\" data-id-ec=\"{\" shn=\"\" textlink=\"\" data-k5a-pos=\"2_produktempfehlung\" target=\"_blank\" rel=\"noopener\">Produktempfehlung<\/a><\/li>\n<\/ol>\n<p class=\"id-Story-timestamp id-Story-timestamp--default\">Stand: 28.11.2025, 18:53 Uhr<\/p>\n<p class=\"id-Story-authors id-Story-authors--default\">Von: <a class=\"id-Story-authors-link lp_west_author\" href=\"https:\/\/www.fnp.de\/autor\/oemer-kayali-29ll78il5.html\" title=\"Zur Autorenseite von &#xD6;mer Kayali\" data-id-ec=\"{\" shn=\"\" author-link=\"\" kayali=\"\" data-k5a-pos=\"west_author\" target=\"_blank\" rel=\"noopener\">\u00d6mer Kayali<\/a><\/p>\n<p class=\"id-Story-interactionBar id-Story-interactionBar--default\">DruckenTeilen<\/p>\n<p><img decoding=\"async\" class=\"id-RatioPlaceholder-element wv_story_el_image\" src=\"https:\/\/www.europesays.com\/de\/wp-content\/uploads\/2025\/11\/40524846-amazon-black-friday-ps5-teaserbild-2igcTs9ZeG7a.jpg\" loading=\"eager\" fetchpriority=\"high\"   height=\"792\" width=\"1408\" alt=\"Amazon Black Friday PS5 Teaserbild\"\/>Sichern Sie sich die PS5 Slim oder die PS5 Pro bei den Angeboten zum Black Friday g\u00fcnstiger. \u00a9\u00a0Sony \/ Amazon (Montage)<\/p>\n<p><strong>Hinweis an unsere Leser:<\/strong> Dieser Text enth\u00e4lt Affiliate Links auf kommerzielle Angebote. Dies bedeutet, dass wir von den jeweiligen Partnern eine Provision f\u00fcr \u00fcber uns gekaufte Produkte erhalten. Dies beeinflusst jedoch weder unsere Produktauswahl noch entstehen Ihnen dadurch Mehrkosten.<\/p>\n<p class=\"id-StoryElement-leadText\">Der Black Friday ist da und mit ihm Top-Angebote: Die PlayStation 5 k\u00f6nnen Sie sich in mehreren Ausf\u00fchrungen deutlich g\u00fcnstiger sichern\u2013 auch die PS5 Pro.<\/p>\n<p class=\"id-StoryElement-paragraph\">Seit der Ver\u00f6ffentlichung hat Sony die PlayStation 5 stetig weiterentwickelt. Mittlerweile stehen verschiedene Modelle zur Auswahl: Die PS5 Slim gibt es wahlweise mit oder ohne Disc-Laufwerk, w\u00e4hrend die PS5 Pro als leistungsst\u00e4rkste Variante die Hardware-Palette abrundet. Alle Versionen nutzen dieselbe Spielebibliothek, unterscheiden sich aber in Ausstattung, Leistung und Preis.<\/p>\n<p class=\"id-StoryElement-paragraph\">Wer jetzt zugreifen m\u00f6chte, kann im <a href=\"https:\/\/www.merkur.de\/produktempfehlung\/black-friday-ere25802\/\" target=\"_blank\" class=\"id-import-Link id-pageApi-Link--externalDomain\" data-id-ec=\"{&quot;sht&quot;:&quot;Container&quot;,&quot;shn&quot;:&quot;Story&quot;,&quot;p&quot;:{&quot;containerType&quot;:&quot;Paragraph&quot;,&quot;displayType&quot;:&quot;Paragraph InlineLink&quot;,&quot;type&quot;:&quot;INLINE_LINK&quot;,&quot;value&quot;:&quot;Black-Friday&quot;,&quot;variant&quot;:&quot;standardLink&quot;,&quot;sponsored&quot;:false,&quot;linkHref&quot;:&quot;https:\/\/www.merkur.de\/produktempfehlung\/black-friday-ere25802\/&quot;,&quot;storyElementPosition&quot;:11,&quot;storyElementCount&quot;:34}}\" rel=\"noopener\">Black-Friday<\/a>-Sale sparen: Amazon und MediaMarkt haben bereits eine Woche vor dem eigentlichen Black Friday die Preise f\u00fcr die PS5 gesenkt, am Black Friday selbst legte Amazon nach: Alle Versionen kosten nun nochmals 20 Euro weniger. Sie k\u00f6nnen damit bis zu 170 Euro gegen\u00fcber des Listenpreises sparen und zudem auch Bundles mit Spielen g\u00fcnstig kaufen.<\/p>\n<p>PS5 Slim Digital Edition \u2013 170 \u20ac g\u00fcnstiger am Black Friday<img decoding=\"async\" class=\"id-RatioPlaceholder-element wv_story_el_image\" src=\"https:\/\/www.europesays.com\/de\/wp-content\/uploads\/2025\/11\/40548304-ps5-slim-digital-edition-im-ea-sports-fc-26-bundle-2o4aVlOFLzfe.jpg\" loading=\"lazy\"   height=\"619\" width=\"1100\" alt=\"PS5 Slim Digital Edition im EA Sports FC 26 Bundle\"\/>PS5 Slim Digital Edition im EA Sports FC 26 Bundle \u00a9\u00a0Sony<\/p>\n<p class=\"id-StoryElement-paragraph\">Die PS5 Slim Digital Edition ist die g\u00fcnstigste Einstiegsm\u00f6glichkeit in die aktuelle PlayStation-Generation. Sie verzichtet komplett auf ein Disc-Laufwerk und setzt ausschlie\u00dflich auf digitale Spiele aus dem PlayStation Store. Wer m\u00f6chte, kann das Laufwerk sp\u00e4ter separat erwerben und montieren. Die Konsole ist deutlich kompakter und leichter als die urspr\u00fcngliche PS5 und ben\u00f6tigt weniger Platz im Wohnzimmer.<\/p>\n<p>PS5 Slim Standard Edition \u2013 120 \u20ac g\u00fcnstiger am Black Friday<img decoding=\"async\" class=\"id-RatioPlaceholder-element wv_story_el_image\" src=\"https:\/\/www.europesays.com\/de\/wp-content\/uploads\/2025\/11\/40525052-ps5-slim-standard-edition-2kwcktfhQtfe.jpg\" loading=\"lazy\"   height=\"619\" width=\"1100\" alt=\"PS5 Slim Standard Edition\"\/>PS5 Slim Standard Edition \u00a9\u00a0Sony Interactive Entertainment<\/p>\n<p class=\"id-StoryElement-paragraph\">Die PS5 Slim Standard Edition verf\u00fcgt bereits \u00fcber ein integriertes Laufwerk f\u00fcr Spiele-Discs. Das ist der einzige Unterschied zur Digital-Version. An der Performance der Spiele \u00e4ndert sich nichts. Wenn n\u00f6tig, l\u00e4sst sich das Laufwerk hier ebenfalls abmontieren. Der Vorteil der Discs ist, dass sie so beispielsweise gebrauchte Spiele g\u00fcnstig kaufen k\u00f6nnen und nicht auf Rabattaktionen im digitalen PlayStation Store angewiesen sind.<\/p>\n<p>PS5 Pro \u2013 120 \u20ac Rabatt g\u00fcnstiger am Black Friday<img decoding=\"async\" class=\"id-RatioPlaceholder-element wv_story_el_image\" src=\"https:\/\/www.europesays.com\/de\/wp-content\/uploads\/2025\/11\/40525088-ps5-pro-2sAApCfAtSfe.jpg\" loading=\"lazy\"   height=\"619\" width=\"1100\" alt=\"PS5 Pro\"\/>PS5 Pro \u00a9\u00a0Sony Interactive Entertainment<\/p>\n<p class=\"id-StoryElement-paragraph\">Die PS5 Pro ist die leistungsst\u00e4rkste Variante. Sie richtet sich an Spieler, die h\u00f6chste Grafikqualit\u00e4t und fl\u00fcssige Bildraten auch in anspruchsvollen Titeln erwarten. Die verbesserte Hardware erm\u00f6glicht detailreichere Welten und stabilere Performance in grafisch fordernden Spielen. Disc-Laufwerk und vertikaler Standfu\u00df sind nicht im Lieferumfang enthalten, k\u00f6nnen aber nachger\u00fcstet werden.<\/p>\n<p>3 f\u00fcr 2 Games-Coupon bei MediaMarkt sichern<\/p>\n<p class=\"id-StoryElement-factBox-paragraph\">Wer bis zum 30. November eine teilnehmende PS5-Konsole bei MediaMarkt kauft, erh\u00e4lt einen exklusiven 3 f\u00fcr 2 Games-Coupon per E-Mail (sp\u00e4testens bis 06.12.). Damit k\u00f6nnt ihr bis zum 18. Dezember drei PS5- oder PS4-Spiele kaufen und zahlt nur zwei \u2013 der Preis f\u00fcr ein Spiel wird im Warenkorb automatisch abgezogen.<\/p>\n<p class=\"id-StoryElement-factBox-paragraph\"><a href=\"https:\/\/pvn.mediamarkt.de\/trck\/eclick\/17b634b91274aa82abb38cfdb7cb4c58?subid=94046695&amp;url=https%3A%2F%2Fwww.mediamarkt.de%2Fde%2Fcampaign%2Fps5\" rel=\"sponsored nofollow noopener\" target=\"_blank\" class=\"id-import-Link id-pageApi-Link--externalDomain\" data-id-ec=\"{&quot;sht&quot;:&quot;Container&quot;,&quot;shn&quot;:&quot;Story&quot;,&quot;p&quot;:{&quot;containerType&quot;:&quot;FactBox&quot;,&quot;displayType&quot;:&quot;FactBox InlineLink&quot;,&quot;type&quot;:&quot;INLINE_LINK&quot;,&quot;value&quot;:&quot;Zur Angebotsseite&quot;,&quot;variant&quot;:&quot;standardLink&quot;,&quot;sponsored&quot;:true,&quot;linkHref&quot;:&quot;https:\/\/pvn.mediamarkt.de\/trck\/eclick\/17b634b91274aa82abb38cfdb7cb4c58?subid=94046695&amp;url=https%3A%2F%2Fwww.mediamarkt.de%2Fde%2Fcampaign%2Fps5&quot;,&quot;storyElementPosition&quot;:28,&quot;storyElementCount&quot;:34}}\"><strong>Zur Angebotsseite<\/strong><\/a><\/p>\n<p class=\"id-StoryElement-paragraph\"><a href=\"https:\/\/amzn.to\/4p1s8lu\" rel=\"sponsored nofollow noopener\" target=\"_blank\" class=\"id-import-Link--action id-pageApi-Link--externalDomain\" data-id-ec=\"{&quot;sht&quot;:&quot;Container&quot;,&quot;shn&quot;:&quot;Story&quot;,&quot;p&quot;:{&quot;containerType&quot;:&quot;Paragraph&quot;,&quot;displayType&quot;:&quot;Paragraph InlineLink&quot;,&quot;type&quot;:&quot;INLINE_LINK&quot;,&quot;value&quot;:&quot;Alle Black-Friday-Deals von Amazon&quot;,&quot;variant&quot;:&quot;callToAction&quot;,&quot;sponsored&quot;:true,&quot;linkHref&quot;:&quot;https:\/\/amzn.to\/4p1s8lu&quot;,&quot;storyElementPosition&quot;:30,&quot;storyElementCount&quot;:34}}\" data-id-av=\"{&quot;sht&quot;:&quot;Container&quot;,&quot;shn&quot;:&quot;Story&quot;,&quot;p&quot;:{&quot;containerType&quot;:&quot;Paragraph&quot;,&quot;displayType&quot;:&quot;Paragraph InlineLink&quot;,&quot;type&quot;:&quot;INLINE_LINK&quot;,&quot;value&quot;:&quot;Alle Black-Friday-Deals von Amazon&quot;,&quot;variant&quot;:&quot;callToAction&quot;,&quot;sponsored&quot;:true,&quot;linkHref&quot;:&quot;https:\/\/amzn.to\/4p1s8lu&quot;,&quot;storyElementPosition&quot;:30,&quot;storyElementCount&quot;:34}}\"><strong>Alle Black-Friday-Deals von Amazon<\/strong><\/a><\/p>\n<p>Wie lange l\u00e4uft der Black-Friday-Sale 2025?<\/p>\n<p class=\"id-StoryElement-paragraph\">Der Black Friday f\u00e4llt dieses Jahr auf den 28. November \u2013 traditionell ist es immer der letzte Freitag im November nach dem US-amerikanischen Thanksgiving. Die Rabattaktionen der H\u00e4ndler erstreckt sich mittlerweile aber \u00fcber einen gr\u00f6\u00dferen Zeitraum. Auch am Cyber Monday, am darauffolgenden Montag sowie in der Cyber Week finden Sie noch Deals.<\/p>\n<p class=\"id-StoryElement-paragraph\">Besonders gefragt sind dann wieder Technik-Produkte, Haushaltsger\u00e4te und Gaming-Hardware. Ein Preisvergleich vorab ist ratsam. So lassen sich echte Schn\u00e4ppchen von k\u00fcnstlich aufgebl\u00e4hten Rabatten unterscheiden. <a href=\"https:\/\/www.fnp.de\/produktempfehlung\/uebersicht-amazon-mediamarkt-samsung-apple-black-friday-2025-angebote-zr-94045236.html\" class=\"id-import-Link\" data-id-ec=\"{&quot;sht&quot;:&quot;Container&quot;,&quot;shn&quot;:&quot;Story&quot;,&quot;p&quot;:{&quot;containerType&quot;:&quot;Paragraph&quot;,&quot;displayType&quot;:&quot;Paragraph InlineLink&quot;,&quot;type&quot;:&quot;INLINE_LINK&quot;,&quot;value&quot;:&quot;Hier geht&#x2018;s zu den Highlights beim Black Friday 2025 von Amazon, MediaMarkt &amp; Co.&quot;,&quot;variant&quot;:&quot;standardLink&quot;,&quot;sponsored&quot;:false,&quot;linkHref&quot;:&quot;https:\/\/www.fnp.de\/produktempfehlung\/uebersicht-amazon-mediamarkt-samsung-apple-black-friday-2025-angebote-zr-94045236.html&quot;,&quot;storyElementPosition&quot;:34,&quot;storyElementCount&quot;:34}}\" target=\"_blank\" rel=\"noopener\">Hier geht\u2018s zu den Highlights beim Black Friday 2025 von Amazon, MediaMarkt &amp; Co.<\/a><\/p>\n","protected":false},"excerpt":{"rendered":"Startseite Produktempfehlung Stand: 28.11.2025, 18:53 Uhr Von: \u00d6mer Kayali DruckenTeilen Sichern Sie sich die PS5 Slim oder die&hellip;\n","protected":false},"author":2,"featured_media":610215,"comment_status":"","ping_status":"","sticky":false,"template":"","format":"standard","meta":{"footnotes":""},"categories":[135],"tags":[29,30,190,189,194,191,193,192],"class_list":{"0":"post-610214","1":"post","2":"type-post","3":"status-publish","4":"format-standard","5":"has-post-thumbnail","7":"category-wissenschaft-technik","8":"tag-deutschland","9":"tag-germany","10":"tag-science","11":"tag-science-technology","12":"tag-technik","13":"tag-technology","14":"tag-wissenschaft","15":"tag-wissenschaft-technik"},"share_on_mastodon":{"url":"https:\/\/pubeurope.com\/@de\/115631351090065664","error":""},"_links":{"self":[{"href":"https:\/\/www.europesays.com\/de\/wp-json\/wp\/v2\/posts\/610214","targetHints":{"allow":["GET"]}}],"collection":[{"href":"https:\/\/www.europesays.com\/de\/wp-json\/wp\/v2\/posts"}],"about":[{"href":"https:\/\/www.europesays.com\/de\/wp-json\/wp\/v2\/types\/post"}],"author":[{"embeddable":true,"href":"https:\/\/www.europesays.com\/de\/wp-json\/wp\/v2\/users\/2"}],"replies":[{"embeddable":true,"href":"https:\/\/www.europesays.com\/de\/wp-json\/wp\/v2\/comments?post=610214"}],"version-history":[{"count":0,"href":"https:\/\/www.europesays.com\/de\/wp-json\/wp\/v2\/posts\/610214\/revisions"}],"wp:featuredmedia":[{"embeddable":true,"href":"https:\/\/www.europesays.com\/de\/wp-json\/wp\/v2\/media\/610215"}],"wp:attachment":[{"href":"https:\/\/www.europesays.com\/de\/wp-json\/wp\/v2\/media?parent=610214"}],"wp:term":[{"taxonomy":"category","embeddable":true,"href":"https:\/\/www.europesays.com\/de\/wp-json\/wp\/v2\/categories?post=610214"},{"taxonomy":"post_tag","embeddable":true,"href":"https:\/\/www.europesays.com\/de\/wp-json\/wp\/v2\/tags?post=610214"}],"curies":[{"name":"wp","href":"https:\/\/api.w.org\/{rel}","templated":true}]}}