{"id":610234,"date":"2025-11-29T05:42:17","date_gmt":"2025-11-29T05:42:17","guid":{"rendered":"https:\/\/www.europesays.com\/de\/610234\/"},"modified":"2025-11-29T05:42:17","modified_gmt":"2025-11-29T05:42:17","slug":"20-jahre-herner-integrationsnetzwerk-halloherne-de","status":"publish","type":"post","link":"https:\/\/www.europesays.com\/de\/610234\/","title":{"rendered":"20 Jahre Herner Integrationsnetzwerk | halloherne.de"},"content":{"rendered":"<p>                <img loading=\"lazy\" decoding=\"async\" class=\"article__image__img\"   src=\"https:\/\/www.europesays.com\/de\/wp-content\/uploads\/2025\/11\/af5926ea4e2640eeb6951568af4b9a7f.jpg\" width=\"812\" height=\"539\" alt=\"20 Jahre Herner Integrationsnetzwerk: Ein starkes B\u00fcndnis feiert Geburtstag\"\/><\/p>\n<p>                    Foto:<br \/>\n                    Philipp Stark                <\/p>\n<p>                    20 Jahre Herner Integrationsnetzwerk: Ein starkes B\u00fcndnis feiert Geburtstag                <\/p>\n<p>\n    Ein starkes B\u00fcndnis feiert Geburtstag\n<\/p>\n<p>20 Jahre Herner Integrationsnetzwerk<\/p>\n<p class=\"article__paragraph\">Vor 20 Jahren verabschiedete der Rat der Stadt Herne die \u201eLeitlinien f\u00fcr die Integrationsarbeit in Herne\u201c. Auf dieser Grundlage wurde am Dienstag (22.11.2005) die modellhafte Kooperation zwischen der Stadtverwaltung Herne und Herner Tr\u00e4gern der Integrationsarbeit gegr\u00fcndet: das Herner Integrationsnetzwerk (HIN). Ziel ist es, Zugewanderte von ihrer Ankunft in Herne bis hin zur Einb\u00fcrgerung zu begleiten und ihnen Orientierung und Unterst\u00fctzung zu bieten.<\/p>\n<p><a class=\"article__banner__link\" href=\"https:\/\/www.halloherne.de\/out\/blink\/893\" target=\"blank\" rel=\"nofollow noopener\"><br \/>\n    <img loading=\"lazy\" decoding=\"async\" class=\"article__banner__image\" width=\"470\" height=\"210\" src=\"https:\/\/www.europesays.com\/de\/wp-content\/uploads\/2025\/04\/46aafd877e4a323409aa51ea168b45fd.gif\" alt=\"Anzeige: Herner Sparkasse Solit 2025\"\/><br \/>\n<\/a><\/p>\n<p class=\"article__paragraph\">Das tr\u00e4ger\u00fcbergreifende Herner Integrationsnetzwerk arbeitet unter Federf\u00fchrung des Fachbereichs Integration der Stadt Herne. Verantwortlich ist seit 2022 das \u201eKommunale Integrationsmanagement (KIM)\u201c. Das Netzwerk dient als Plattform zum Erfahrungsaustausch und der Kontaktpflege zwischen den Akteuren. So ist schon fr\u00fch bei dem wichtigen Thema Integration aus dem \u201eNebeneinander\u201c ein \u201eMiteinander\u201c in einem starken Verbund geworden \u2013 lange bevor andere Kommunen sich in den letzten Jahren auf diesen Weg begeben haben.<\/p>\n<p>Unterschiedlichste Einrichtungen arbeiten Hand in Hand<\/p>\n<p class=\"article__paragraph\">Das Netzwerk vereint zahlreiche Einrichtungen, Beh\u00f6rden und soziale Tr\u00e4ger, darunter das Bundesamt f\u00fcr Migration und Fl\u00fcchtlinge, die Agentur f\u00fcr Arbeit Herne, das JobCenter, Wohlfahrtsverb\u00e4nde wie AWO, Caritas, DRK und PlanB, kirchliche Einrichtungen, die Volkshochschule, Integrationskurstr\u00e4ger sowie verschiedene Fachbereiche der Stadtverwaltung. Hier sind vor allem die Ausl\u00e4nderbeh\u00f6rde und der Fachbereich Soziales zu nennen.<\/p>\n<p class=\"article__paragraph\">Mindestens einmal pro Quartal kommen die Mitglieder zusammen, um aktuelle Entwicklungen in der Integrationsarbeit zu besprechen, Ma\u00dfnahmen zu koordinieren und neue Projekte anzusto\u00dfen. Die Arbeitstreffen finden manchmal auch in ungewohnter Umgebung statt: So besuchte das HIN in diesem Jahr zum Beispiel den Landtag NRW und die Synagoge der j\u00fcdischen Gemeinde Bochum-Herne-Hattingen.<\/p>\n<p class=\"article__paragraph\">Im Mittelpunkt der Arbeit stehen Themen wie die Migrationsberatung f\u00fcr erwachsene Zugewanderte, der Jugendmigrationsdienst sowie die Integrationskurse. Durch den regelm\u00e4\u00dfigen Austausch aller Handelnden werden Informationen geb\u00fcndelt, Kompetenzen vernetzt und Synergien geschaffen. \u201eDas Herner Integrationsnetzwerk hat seit seiner Gr\u00fcndung gezeigt, wie wertvoll und wirkungsvoll Kooperation in der Integrationsarbeit ist. Das gilt f\u00fcr die beteiligten Akteure ebenso wie f\u00fcr die ratsuchenden Zugewanderten. Eine Zusammenarbeit auf Augenh\u00f6he ist bis heute der Schl\u00fcssel zum Erfolg\u201c, erkl\u00e4rt Claudia Heinrich, Fachbereichsleiterin Integration \/ Kommunales Integrationszentrum der Stadt Herne.<\/p>\n<p><a class=\"article__banner__link\" href=\"https:\/\/www.halloherne.de\/out\/blink\/1157\" target=\"blank\" rel=\"nofollow noopener\"><br \/>\n    <img loading=\"lazy\" decoding=\"async\" class=\"article__banner__image\" width=\"470\" height=\"210\" src=\"https:\/\/www.europesays.com\/de\/wp-content\/uploads\/2025\/11\/e1a67c52f291bc455aa998fb536031f0.png\" alt=\"Anzeige: Kieser 2025\"\/><br \/>\n<\/a><\/p>\n<p class=\"article__paragraph\">Das Netzwerk hat sich \u00fcber die Jahre kontinuierlich weiterentwickelt und auf gesellschaftliche Ver\u00e4nderungen reagiert. Neue Themen wie EU-Zuwanderung oder die Aufnahme Gefl\u00fcchteter infolge von Kriegen und Krisen wurden aufgegriffen und in die Arbeit integriert.<\/p>\n<p>\n    Samstag, 29. November 2025<br \/>\n         | Quelle: Presseb\u00fcro der Stadt Herne<\/p>\n","protected":false},"excerpt":{"rendered":"Foto: Philipp Stark 20 Jahre Herner Integrationsnetzwerk: Ein starkes B\u00fcndnis feiert Geburtstag Ein starkes B\u00fcndnis feiert Geburtstag 20&hellip;\n","protected":false},"author":2,"featured_media":610235,"comment_status":"","ping_status":"","sticky":false,"template":"","format":"standard","meta":{"footnotes":""},"categories":[1848],"tags":[3364,29,548,663,3934,3658,30,13,14,15,1209,12],"class_list":{"0":"post-610234","1":"post","2":"type-post","3":"status-publish","4":"format-standard","5":"has-post-thumbnail","7":"category-gelsenkirchen","8":"tag-de","9":"tag-deutschland","10":"tag-eu","11":"tag-europa","12":"tag-europe","13":"tag-gelsenkirchen","14":"tag-germany","15":"tag-headlines","16":"tag-nachrichten","17":"tag-news","18":"tag-nordrhein-westfalen","19":"tag-schlagzeilen"},"share_on_mastodon":{"url":"https:\/\/pubeurope.com\/@de\/115631393873169387","error":""},"_links":{"self":[{"href":"https:\/\/www.europesays.com\/de\/wp-json\/wp\/v2\/posts\/610234","targetHints":{"allow":["GET"]}}],"collection":[{"href":"https:\/\/www.europesays.com\/de\/wp-json\/wp\/v2\/posts"}],"about":[{"href":"https:\/\/www.europesays.com\/de\/wp-json\/wp\/v2\/types\/post"}],"author":[{"embeddable":true,"href":"https:\/\/www.europesays.com\/de\/wp-json\/wp\/v2\/users\/2"}],"replies":[{"embeddable":true,"href":"https:\/\/www.europesays.com\/de\/wp-json\/wp\/v2\/comments?post=610234"}],"version-history":[{"count":0,"href":"https:\/\/www.europesays.com\/de\/wp-json\/wp\/v2\/posts\/610234\/revisions"}],"wp:featuredmedia":[{"embeddable":true,"href":"https:\/\/www.europesays.com\/de\/wp-json\/wp\/v2\/media\/610235"}],"wp:attachment":[{"href":"https:\/\/www.europesays.com\/de\/wp-json\/wp\/v2\/media?parent=610234"}],"wp:term":[{"taxonomy":"category","embeddable":true,"href":"https:\/\/www.europesays.com\/de\/wp-json\/wp\/v2\/categories?post=610234"},{"taxonomy":"post_tag","embeddable":true,"href":"https:\/\/www.europesays.com\/de\/wp-json\/wp\/v2\/tags?post=610234"}],"curies":[{"name":"wp","href":"https:\/\/api.w.org\/{rel}","templated":true}]}}