{"id":610241,"date":"2025-11-29T05:46:11","date_gmt":"2025-11-29T05:46:11","guid":{"rendered":"https:\/\/www.europesays.com\/de\/610241\/"},"modified":"2025-11-29T05:46:11","modified_gmt":"2025-11-29T05:46:11","slug":"von-karlsruhe-bis-bensheim-weihnachtmarkt-tipps-an-den-grenzen-unserer-region-mannheim-und-metropolregion-rhein-neckar-nachrichten-und-aktuelles","status":"publish","type":"post","link":"https:\/\/www.europesays.com\/de\/610241\/","title":{"rendered":"Von Karlsruhe bis Bensheim: Weihnachtmarkt-Tipps\u00a0an den Grenzen unserer Region &#8211; Mannheim und Metropolregion Rhein-Neckar &#8211; Nachrichten und Aktuelles"},"content":{"rendered":"<p>Heidelberg. (lub) In der Region halten in der Adventszeit gleich mehrere Weihnachtsm\u00e4rkte Einzug \u2013 von der Gro\u00dfstadtkulisse am Rhein bis zur Fachwerkidylle im Odenwald. Wer Gl\u00fchwein, Kunsthandwerk und stimmungsvolles Rahmenprogramm sucht, hat 2025 die Qual der Wahl.<\/p>\n<p><strong>&gt; Ludwigshafener Weihnachtsmarkt.<\/strong> Rund um den Berliner Platz verwandelt sich Ludwigshafen bis zum 23. Dezember in eine kompakte Weihnachtswelt mit etwa 60 liebevoll geschm\u00fcckten Holzh\u00fctten. T\u00e4glich von 12 bis 21 Uhr Freitags und Samstags bis 21.30 Uhr gibt es Kunsthandwerk, Geschenkideen und regionale Spezialit\u00e4ten, dazu ein klassisches Programm mit Gl\u00fchwein, Bratwurst und s\u00fc\u00dfen Leckereien. Musik, Theater und Ch\u00f6re sorgen an ausgew\u00e4hlten Tagen f\u00fcr B\u00fchnenatmosph\u00e4re, am 6. Dezember schaut der Nikolaus vorbei, an den Abenden des 6. und 20. Dezember stehen Feuerwerke als besondere Hingucker im Kalender.<\/p>\n<p>F\u00fcr Kinder dreht sich das Karussell und am 7. Dezember auch das Rentierrodeo. Insgesamt setzt die Stadt auf eine ausdr\u00fccklich familienfreundliche Ausrichtung und gute Barrierefreiheit des Gel\u00e4ndes. Als einer der gr\u00f6\u00dferen M\u00e4rkte in Rheinland-Pfalz bindet Ludwigshafen Vereine und lokale Kunstschaffende eng ein und legt Wert auf hochwertige, kunsthandwerkliche Angebote.<a href=\"https:\/\/lukom.com\/events\/weihnachtsmarkt\/%C2%A0\" target=\"_blank\" rel=\"noopener noreferrer\"> <\/a><\/p>\n<p><a href=\"https:\/\/lukom.com\/events\/weihnachtsmarkt\/%C2%A0\" target=\"_blank\" rel=\"noopener noreferrer\">Weitere Informationen\u00a0hier<\/a><\/p>\n<p><strong>&gt; Heilbronner K\u00e4thchen-Weihnachtsmarkt.<\/strong> Heilbronn setzt bis zum 22. Dezember auf eine Innenstadtb\u00fchne mit Hauptmarkt, Kiliansplatz und Rathausplatz als Dreh- und Angelpunkte. T\u00e4glich von 11 bis 20 Uhr ge\u00f6ffnet (am 4. Dezember bis 19 Uhr), bieten \u00fcber 50 St\u00e4nde regionale und internationale Produkte, Kunsthandwerk und kulinarische Spezialit\u00e4ten. Ein besonderes Augenmerk liegt auf dem Kulturprogramm: Unter den Rathausarkaden l\u00e4dt das &#8222;Winterkino&#8220; ein, auf dem Kiliansplatz bilden Gl\u00fchweinturm und Weihnachtspyramide Blickf\u00e4nger.<\/p>\n<p>        Auch interessant<br \/>\n        <a href=\"https:\/\/www.rnz.de\/region\/metropolregion-mannheim_artikel,-Rhein-Neckar-Odenwald-Das-sind-die-Weihnachtsmaerkte-in-der-Region-plus-Google-Map-_arid,1453744.html\" class=\"row\" title=\"zum Artikel\" target=\"_blank\" rel=\"noopener\"><\/p>\n<p>Rhein-Neckar-Odenwald: Das sind die Weihnachtsm\u00e4rkte in der Region (plus\u00a0Google-Map)<\/p>\n<p><\/a><\/p>\n<p>Familien k\u00f6nnen sich am 6. Dezember auf den Nikolaus freuen. Dazu kommen Formate wie &#8222;Heilbronn singt&#8220;, Auftritte von Bl\u00e4sergruppen und Ch\u00f6ren, alles eingebettet in eine dicht beleuchtete Innenstadt. Die Stadt wirbt mit einem Mix aus traditionellem Markt und kulturellem Begleitprogramm, inklusive barrierearmer Gestaltung.<\/p>\n<p><a href=\"https:\/\/www.heilbronn.de\/tourismus\/veranstaltungskalender\/kaethchen-weihnachtsmarkt-heilbronn.html%C2%A0%C2%A0\" target=\"_blank\" rel=\"noopener noreferrer\">Weitere Informationen hier<\/a><\/p>\n<p><strong>&gt; Michelst\u00e4dter Weihnachtsmarkt.<\/strong> Im Odenwald spannt sich vor der Kulisse von Fachwerkfassaden bis zum 21. Dezember der Michelst\u00e4dter Weihnachtsmarkt auf, der immer mittwochs bis sonntags von 14 bis 20 Uhr \u00f6ffnet (am Freitag, 5. Dezember, zus\u00e4tzlich von 11 bis 18 Uhr). Rund 100 Buden bringen regionales Kunsthandwerk, Geschenkideen und kulinarische Spezialit\u00e4ten in die Gassen.<\/p>\n<p>Ein Markenzeichen sind die lebensgro\u00dfen Holzfiguren, die von der \u00f6rtlichen Holzfachschule gefertigt werden und als Wegweiser durch den Markt leiten. Bl\u00e4serquintett und Alphornmusik untermalen die Abende, ein lebendiger Adventskalender mit wechselnden Aktionen sowie kindgerechte Angebote betonen die traditionelle, familiennahe Ausrichtung.<\/p>\n<p>Die Stadt r\u00fcckt die Verbindung von historischer Altstadt und Markt bewusst in den Vordergrund und st\u00e4rkt gezielt regionale Handwerkskunst.<\/p>\n<p><a href=\"https:\/\/michelstaedter-weihnachtsmarkt.de\/%C2%A0\" target=\"_blank\" rel=\"noopener noreferrer\">Weitere Informationen\u00a0hier<\/a><\/p>\n<p><strong>&gt; Altdeutscher Weihnachtsmarkt Bad Wimpfen.<\/strong> Wenn in Bad Wimpfen an den ersten drei Adventswochenenden die Lichter angehen, zieht einer der traditionsreichsten Weihnachtsm\u00e4rkte Deutschlands in die engen Gassen der mittelalterlichen Altstadt ein. Dieser findet bereits seit 1487 statt. Der Weihnachtsmarkt ist freitags und samstags von 11.30 bis 21.30 Uhr sowie sonntags von 11.30 bis 20 Uhr ge\u00f6ffnet.<\/p>\n<p>Das historische Stadtbild mit Mauern, T\u00fcrmen und Fachwerkh\u00e4usern ist Teil des Programms. \u00dcber 160 St\u00e4nde setzen auf kunsthandwerkliche und kulinarische Angebote mit bewusst traditionellem Charakter, erg\u00e4nzt durch Gaukler, Musikgruppen und Handwerker, die historische K\u00fcnste zeigen.<\/p>\n<p>Familienangebote mit M\u00e4rchenerz\u00e4hler, Kinderprogrammen sowie die Krippenausstellung mit lebensgro\u00dfen Krippenfiguren verst\u00e4rken das altdeutsche Flair und grenzen den Markt klar von modern-kommerziellen Varianten ab.<\/p>\n<p><a href=\"https:\/\/weihnachtsmarkt-badwimpfen.de\/\" target=\"_blank\" rel=\"noopener noreferrer\">Weitere Informationen hier\u00a0\u00a0<\/a><\/p>\n<p><strong>&gt; Deidesheimer Advent.<\/strong> Deidesheim feiert den &#8222;Deidesheimer Advent&#8220; 2025 an allen vier Adventswochenenden von Freitag bis Sonntag; die \u00d6ffnungszeiten liegen zwischen 17 und 21 Uhr am Freitag, 14 und 21 Uhr am Samstag und 14 bis 20 Uhr am Sonntag. Bahnhofstra\u00dfe, Marktplatz und Stadtplatz werden zum Kern eines Weihnachtsmarkts, der festliche Beleuchtung und historischen Stadtkern miteinander verbindet.<\/p>\n<p>Rund 80 Buden bieten Kunsthandwerk, regionale Produkte und Kulinarik, erg\u00e4nzt um ein breites Kinderprogramm mit Wichtelstube, Wunschtheater, Bastelaktionen, nostalgischen Karussells und historischem Riesenrad. Konzerte, Lesungen und weitere Kulturveranstaltungen greifen die Weintradition der Stadt auf, Nachhaltigkeitsaspekte wie Mehrwegbecher und Fokus auf regionale Produkte sind ausdr\u00fccklich Teil des Konzepts. Die Veranstalter betonen Familienorientierung, lokales Flair und die Einbindung von Vereinen und K\u00fcnstlern.<\/p>\n<p><a href=\"https:\/\/www.deidesheim.de\/entdecken-erleben\/weihnachtsmarkt.html#\/veranstaltungen%C2%A0\" target=\"_blank\" rel=\"noopener noreferrer\">Weitere Informationen hier<\/a><\/p>\n<p><strong>&gt; Alt-Rothenburger Reiterlesmarkt.<\/strong> Zum Jahresende pr\u00e4sentiert sich Rothenburg ob der Tauber von seiner sch\u00f6nsten Seite: Der Alt-Rothenburger Reiterlesmarkt gilt als einer der reizvollsten Weihnachtsm\u00e4rkte Deutschlands und \u00f6ffnet bis zum 23. Dezember 2025 (geschlossen am Totensonntag), sonntags bis donnerstags von 11 bis 19 Uhr sowie freitags und samstags bis 20 Uhr.<\/p>\n<p>Eingebettet in die malerische Kulisse zwischen Rathaus und St.-Jakob erstreckt sich der Markt traditionell zwischen Marktplatz, Gr\u00fcnem Markt, Kirchplatz und im Lichthof am Rathaus, w\u00e4hrend die gesamte Altstadt im hellen Lichterglanz erstrahlt. Auf 61 festlich geschm\u00fcckten Buden locken regionale Spezialit\u00e4ten wie Lebkuchen, Schneeballen, Gl\u00fchwein und Kunsthandwerk, t\u00e4glich untermalt von Bl\u00e4sergruppen auf der B\u00fchne am Gr\u00fcnen Markt.<\/p>\n<p>Ein Highlight sind die abends enth\u00fcllten Adventsfenster im zweiten Stock des Rathauses, gestaltet von lokalen Schulklassen und Jugendgruppen. Die traditionelle Er\u00f6ffnung am Freitag vor dem 1. Advent bringt das mythische Reiterle zu Pferd auf den Marktplatz, gefolgt von der Baumbeleuchtung durch den Oberb\u00fcrgermeister.<\/p>\n<p><a href=\"https:\/\/www.rothenburg.de\/erleben\/veranstaltungen\/weihnachtsmarkt-\/-reiterlesmarkt%C2%A0\" target=\"_blank\" rel=\"noopener noreferrer\">Weitere Informationen hier<\/a><\/p>\n<p><strong>&gt; Karlsruher Christkindlesmarkt\/Weihnachtsstadt.<\/strong> Karlsruhe verwandelt seine Innenstadt von Ende November bis 23. Dezember 2025 in eine &#8222;Weihnachtsstadt&#8220;: Der Christkindlesmarkt zieht sich \u00fcber Marktplatz, Friedrichsplatz und das Kinderland am Kirchplatz St. Stephan.<\/p>\n<p>T\u00e4glich ab 11 Uhr \u00f6ffnen rund 100 St\u00e4nde, die den klassischen Mix aus Kunsthandwerk, weihnachtlichen Artikeln und internationaler Kulinarik bieten. Ein Markenzeichen ist der &#8222;fliegende Weihnachtsmann&#8220;, der als Hochseilartist mit Rentierschlitten \u00fcber dem Marktplatz schwebt, dazu kommt ein barrierefreies Riesenrad mit Blick \u00fcber die ganze Stadt.<\/p>\n<p>Die &#8222;Licht-Weihnacht&#8220; setzt auf moderne Licht- und Kunstinstallationen, ein vielf\u00e4ltiges B\u00fchnenprogramm mit Musik und Theater begleitet die komplette Laufzeit.<a href=\"https:\/\/www.karlsruhe-erleben.de\/weihnachtsstadt\/christkindlesmarkt%C2%A0\" target=\"_blank\" rel=\"noopener noreferrer\"> <\/a><\/p>\n<p><a href=\"https:\/\/www.karlsruhe-erleben.de\/weihnachtsstadt\/christkindlesmarkt%C2%A0\" target=\"_blank\" rel=\"noopener noreferrer\">Weitere Informationen hier<\/a><\/p>\n<p><strong>&gt; Speyerer Weihnachts- und Neujahrsmarkt.<\/strong> Speyer spannt den Weihnachts- in den Neujahrsmarkt: bis zum 6. Januar wird rund um den Dom, auf Domplatz, Alte M\u00fcnze, Altp\u00f6rtel und Geschirrpl\u00e4tzel gefeiert. Der Markt ist von Montag bis Donnerstag von 11 bis 21 Uhr, Freitag und Samstag von 11 bis 22 Uhr sowie Sonntag von 11 bis 21 Uhr ge\u00f6ffnet; die Verkaufsst\u00e4nde schlie\u00dfen jeweils um 20 Uhr.<\/p>\n<p>Am 24. Dezember ist von 10 bis 13 Uhr ge\u00f6ffnet, am 25. und 26. Dezember geschlossen, am 31. Dezember \u00f6ffnen von 11 bis 15 Uhr und am 1. Januar von 13 bis 21 Uhr 80 bis 100 Buden mit Kunsthandwerk, Geschenken und kulinarischem Angebot. Statt klassischem Feuerwerk setzt die Stadt auf ein innovatives 3D-Videomapping am Altp\u00f6rtel, das L\u00e4rm und Brandgefahren reduziert und gleichzeitig einen modernen Akzent in der historischen Kulisse des Kaiserdoms setzen soll.<\/p>\n<p>T\u00e4gliche Adventsaktionen, Walking Acts, Konzerte, Lesungen und Kinderprogramme laufen \u00fcber die Feiertage bis ins neue Jahr.<\/p>\n<p><a href=\"https:\/\/www.speyer.de\/de\/veranstaltungen\/messen-maerkte-und-veranstaltungen\/weihnachts-neujahrsmarkt\/%C2%A0\" target=\"_blank\" rel=\"noopener noreferrer\">Weitere Informationen\u00a0hier<\/a><\/p>\n<p><strong>&gt; Bensheimer Weihnachtsmarkt.<\/strong> In Bensheim l\u00e4dt der Weihnachtsmarkt bis zum 22. Dezember in die Fu\u00dfg\u00e4ngerzone ein. Sonntags bis donnerstags von 11.30 bis 20 Uhr, freitags und samstags bis 21 Uhr. Die St\u00e4nde verteilen sich \u00fcber mehrere Pl\u00e4tze in der Innenstadt, ein gro\u00dfer Weihnachtsbaum auf dem Marktplatz ist der Mittelpunkt des Marktes. K\u00fcnstlerisch gestaltete Buden, eine breites kulinarische Auswahl und ein Angebot an Kunsthandwerk und regionalen Spezialit\u00e4ten sollen eine famili\u00e4re, eher ruhige Atmosph\u00e4re schaffen.<\/p>\n<p>Musik und kleinere Veranstaltungen erg\u00e4nzen die Szenerie. Die Organisation liegt seit 2017 beim Eigenbetrieb Stadtkultur Bensheim und der MEGB (Marketing- und Entwicklungs- Gesellschaft Bensheim), die besonderen Wert auf hochwertige K\u00fcnstlerbuden legen.<\/p>\n<p><a href=\"https:\/\/bensheimerleben.de\/veranstaltungen\/feste-maerkte\/weihnachtsmarkt\/%C2%A0\" target=\"_blank\" rel=\"noopener noreferrer\">Weitere Informationen\u00a0hier<\/a><\/p>\n<p><strong>&gt; Sicherheitskonzepte.<\/strong> Die Weihnachtsm\u00e4rkte in Ludwigshafen, Heilbronn, Michelstadt, Bad Wimpfen, Deidesheim, Rothenburg ob der Tauber, Karlsruhe, Speyer und Bensheim setzen dieses Jahr verst\u00e4rkt auf Zufahrtssperren wie mobile Poller, Sperren oder Barrieren an Haupt- und Nebenzufahrten, um unbefugten Fahrzeugverkehr w\u00e4hrend der \u00d6ffnungszeiten zu verhindern.<\/p>\n<p>Alle M\u00e4rkte betonen ihre enge Zusammenarbeit mit Polizei und Security-Diensten und setzen auf erh\u00f6hte Pr\u00e4senz in sensiblen Bereichen \u2013 etwa durch verst\u00e4rkte Streifen im &#8222;3er-Ring-Konzept&#8220; mit innerer, \u00e4u\u00dferer und umliegender Absicherung gegen Diebstahl und St\u00f6rungen. Erg\u00e4nzt werden diese Ma\u00dfnahmen durch Verkehrsregelungen wie Stra\u00dfensperrungen, Einbahnstra\u00dfen, Parkverbote und Umleitungen in Altstadtbereichen sowie abgestimmte Notfallvorbereitungen mit Feuerwehr, Sanit\u00e4tsdiensten und Warnsystemen.<\/p>\n<p>Seit dem 31. Oktober 2024 ist das Mitf\u00fchren von Messern aller Art auf Weihnachtsm\u00e4rkten bundesweit verboten. Besonderheiten ergeben sich aus lokalen Anpassungen an Gr\u00f6\u00dfe und Budget, wobei die Kosten f\u00fcr Miet-Sperrsysteme ein zentrales Thema bleiben. In Ludwigshafen sorgen Poller in der Innenstadt und erh\u00f6hte Polizeipr\u00e4senz f\u00fcr Schutz. Heilbronn mietet High-Tech-Poller f\u00fcr 250.000 Euro. Michelstadt setzt auf Verkehrs\u00e4nderungen und Cannabiskonsumverbot w\u00e4hrend Events mit Altstadtfokus.<\/p>\n<p>Auch Bad Wimpfen baut auf Sperrelemente und Stadtstreifen im Wochenendbetrieb. Rothenburg ob der Tauber priorisiert einen fr\u00fchen Start des Weihnachtsmarktes. Karlsruhe stellt ein Konzept mit Zufahrtssystemen vor und schlie\u00dft m\u00f6gliche L\u00fccken mit neuen Sperren f\u00fcr 120.000 Euro.<\/p>\n<p>Speyer hat mobile Sperren, Notlicht- und Durchsageinseln installiert und den Sanit\u00e4tsdienst im Rathaus untergebracht. Bensheim sperrt die Zufahrt an vier Fu\u00dfg\u00e4ngerzonenstellen f\u00fcr schnelle Einsatzreaktionen.<\/p>\n","protected":false},"excerpt":{"rendered":"Heidelberg. (lub) In der Region halten in der Adventszeit gleich mehrere Weihnachtsm\u00e4rkte Einzug \u2013 von der Gro\u00dfstadtkulisse am&hellip;\n","protected":false},"author":2,"featured_media":610242,"comment_status":"","ping_status":"","sticky":false,"template":"","format":"standard","meta":{"footnotes":""},"categories":[1844],"tags":[1634,3364,29,30,8903,17870],"class_list":{"0":"post-610241","1":"post","2":"type-post","3":"status-publish","4":"format-standard","5":"has-post-thumbnail","7":"category-karlsruhe","8":"tag-baden-wuerttemberg","9":"tag-de","10":"tag-deutschland","11":"tag-germany","12":"tag-karlsruhe","13":"tag-mannheim-metropolregion-nordbaden-rhein-neckart-rhein-neckar-pfalz-vorderpfalz"},"share_on_mastodon":{"url":"https:\/\/pubeurope.com\/@de\/115631409747931758","error":""},"_links":{"self":[{"href":"https:\/\/www.europesays.com\/de\/wp-json\/wp\/v2\/posts\/610241","targetHints":{"allow":["GET"]}}],"collection":[{"href":"https:\/\/www.europesays.com\/de\/wp-json\/wp\/v2\/posts"}],"about":[{"href":"https:\/\/www.europesays.com\/de\/wp-json\/wp\/v2\/types\/post"}],"author":[{"embeddable":true,"href":"https:\/\/www.europesays.com\/de\/wp-json\/wp\/v2\/users\/2"}],"replies":[{"embeddable":true,"href":"https:\/\/www.europesays.com\/de\/wp-json\/wp\/v2\/comments?post=610241"}],"version-history":[{"count":0,"href":"https:\/\/www.europesays.com\/de\/wp-json\/wp\/v2\/posts\/610241\/revisions"}],"wp:featuredmedia":[{"embeddable":true,"href":"https:\/\/www.europesays.com\/de\/wp-json\/wp\/v2\/media\/610242"}],"wp:attachment":[{"href":"https:\/\/www.europesays.com\/de\/wp-json\/wp\/v2\/media?parent=610241"}],"wp:term":[{"taxonomy":"category","embeddable":true,"href":"https:\/\/www.europesays.com\/de\/wp-json\/wp\/v2\/categories?post=610241"},{"taxonomy":"post_tag","embeddable":true,"href":"https:\/\/www.europesays.com\/de\/wp-json\/wp\/v2\/tags?post=610241"}],"curies":[{"name":"wp","href":"https:\/\/api.w.org\/{rel}","templated":true}]}}