{"id":610275,"date":"2025-11-29T06:06:11","date_gmt":"2025-11-29T06:06:11","guid":{"rendered":"https:\/\/www.europesays.com\/de\/610275\/"},"modified":"2025-11-29T06:06:11","modified_gmt":"2025-11-29T06:06:11","slug":"gruendung-der-afd-jugendorganisation-generation-deutschland-politik","status":"publish","type":"post","link":"https:\/\/www.europesays.com\/de\/610275\/","title":{"rendered":"Gr\u00fcndung der AfD-Jugendorganisation \u201aGeneration Deutschland\u2018 &#8211; Politik"},"content":{"rendered":"<p data-manual=\"paragraph\" data-schema-org-speakable=\"true\" class=\"css-1eosz7k\">An diesem Samstag gr\u00fcndet sich in Gie\u00dfen die neue Jugendorganisation der <a href=\"https:\/\/www.sueddeutsche.de\/thema\/AfD\" rel=\"nofollow noopener\" target=\"_blank\">AfD<\/a>, die \u201eGeneration <a href=\"https:\/\/www.sueddeutsche.de\/thema\/Deutschland\" rel=\"nofollow noopener\" target=\"_blank\">Deutschland<\/a>\u201c. Aber: Ist sie wirklich \u201eneu\u201c? Oder ist sie genauso rechtsextrem wie ihr Vorg\u00e4nger, die \u201eJunge Alternative\u201c? Die wurde vom Verfassungsschutz 2023 als \u201egesichert rechtsextrem\u201c eingestuft. Sie hat sich daraufhin selbst aufgel\u00f6st.<\/p>\n<p data-manual=\"paragraph\" data-schema-org-speakable=\"true\" class=\"css-1eosz7k\">Die \u201eGeneration Deutschland\u201c soll f\u00fcr einen Neustart stehen, auch weil sie enger an die Mutterpartei AfD gebunden sein soll wie ihre Vorg\u00e4ngerin. Aber schon der designierte Vorsitzende der \u201eGeneration Deutschland\u201c Jean-Pascal Hohm l\u00e4sst daran Zweifel aufkommen, denn er wird vom Verfassungsschutz Brandenburg als rechtsextremistisch eingestuft. Hohm h\u00e4lt das f\u00fcr \u201epolitisch motiviert\u201c.<\/p>\n<p data-manual=\"paragraph\" data-schema-org-speakable=\"true\" class=\"css-1eosz7k\">\u00dcber die \u201eneue\u201c Jugendorganisation der AfD spricht in dieser Folge Anna-Sophie Heinze von der Uni Trier. Sie forscht dort unter anderem zu Rechtsextremismus und politischen Jugendorganisationen. Sie sagt: Formal sei es eine Neugr\u00fcndung, aber inhaltlich und personell erwarte sie Kontinuit\u00e4t.<\/p>\n<p data-manual=\"paragraph\" data-schema-org-speakable=\"true\" class=\"css-1eosz7k\">Moderation, Redaktion: Johannes Korsche<\/p>\n<p data-manual=\"paragraph\" data-schema-org-speakable=\"true\" class=\"css-1eosz7k\">Redaktion: Lars Langenau<\/p>\n<p data-manual=\"paragraph\" data-schema-org-speakable=\"true\" class=\"css-1eosz7k\">Produktion: Imanuel Pedersen<\/p>\n<p data-manual=\"paragraph\" data-schema-org-speakable=\"true\" class=\"css-1eosz7k\"><strong>So k\u00f6nnen Sie unseren Nachrichtenpodcast abonnieren:<\/strong><\/p>\n<p data-manual=\"paragraph\" data-schema-org-speakable=\"true\" class=\"css-1eosz7k\">\u201eAuf den Punkt\u201c ist der t\u00e4gliche Nachrichtenpodcast der S\u00fcddeutschen Zeitung zu den wichtigsten Themen des Tages. Sie finden alle Folgen auf <a href=\"https:\/\/www.sueddeutsche.de\/thema\/Auf_den_Punkt\" rel=\"nofollow noopener\" target=\"_blank\">sz.de\/nachrichtenpodcast<\/a>. Verpassen Sie keine Folge und abonnieren Sie unser Audio-Angebot in Ihrer Lieblings-<a href=\"https:\/\/www.sueddeutsche.de\/thema\/Podcast\" rel=\"nofollow noopener\" target=\"_blank\">Podcast<\/a>-App oder bei <a href=\"https:\/\/apple.co\/2FyzNWA\" target=\"_blank\" rel=\"nofollow noopener\">iTunes<\/a> und <a href=\"https:\/\/spoti.fi\/2FA1hLq\" target=\"_blank\" rel=\"nofollow noopener\">Spotify<\/a>. Eine \u00dcbersicht \u00fcber all unsere Podcasts finden Sie unter <a href=\"https:\/\/www.sueddeutsche.de\/thema\/Podcast?utm_source=Shortlink&amp;utm_content=podcast\" rel=\"nofollow noopener\" target=\"_blank\">www.sz.de\/podcast<\/a> und <a href=\"https:\/\/www.sueddeutsche.de\/service\/sz-podcasts-hoeren-app-1.3988501\" rel=\"nofollow noopener\" target=\"_blank\">hier erfahren Sie, wie Sie unsere Podcasts h\u00f6ren k\u00f6nnen<\/a>.<\/p>\n<p data-manual=\"paragraph\" data-schema-org-speakable=\"true\" class=\"css-1eosz7k\">Sie haben Fragen oder Anregungen? Dann schreiben Sie uns: <a href=\"https:\/\/www.sueddeutsche.de\/politik\/mailto:podcast@sz.de\" rel=\"nofollow noopener\" target=\"_blank\">podcast@sz.de<\/a>.<\/p>\n","protected":false},"excerpt":{"rendered":"An diesem Samstag gr\u00fcndet sich in Gie\u00dfen die neue Jugendorganisation der AfD, die \u201eGeneration Deutschland\u201c. Aber: Ist sie&hellip;\n","protected":false},"author":2,"featured_media":400604,"comment_status":"","ping_status":"","sticky":false,"template":"","format":"standard","meta":{"footnotes":""},"categories":[2],"tags":[186,331,3924,332,3922,106807,3364,29,30,13,148,14,3923,15,3921,2043,16,12,149],"class_list":{"0":"post-610275","1":"post","2":"type-post","3":"status-publish","4":"format-standard","5":"has-post-thumbnail","7":"category-deutschland","8":"tag-afd","9":"tag-aktuelle-nachrichten","10":"tag-aktuelle-nachrichten-aus-deutschland","11":"tag-aktuelle-news","12":"tag-aktuelle-news-aus-deutschland","13":"tag-auf-den-punkt","14":"tag-de","15":"tag-deutschland","16":"tag-germany","17":"tag-headlines","18":"tag-leserdiskussion","19":"tag-nachrichten","20":"tag-nachrichten-aus-deutschland","21":"tag-news","22":"tag-news-aus-deutschland","23":"tag-podcast","24":"tag-politik","25":"tag-schlagzeilen","26":"tag-sueddeutsche-zeitung"},"share_on_mastodon":{"url":"https:\/\/pubeurope.com\/@de\/115631488035731379","error":""},"_links":{"self":[{"href":"https:\/\/www.europesays.com\/de\/wp-json\/wp\/v2\/posts\/610275","targetHints":{"allow":["GET"]}}],"collection":[{"href":"https:\/\/www.europesays.com\/de\/wp-json\/wp\/v2\/posts"}],"about":[{"href":"https:\/\/www.europesays.com\/de\/wp-json\/wp\/v2\/types\/post"}],"author":[{"embeddable":true,"href":"https:\/\/www.europesays.com\/de\/wp-json\/wp\/v2\/users\/2"}],"replies":[{"embeddable":true,"href":"https:\/\/www.europesays.com\/de\/wp-json\/wp\/v2\/comments?post=610275"}],"version-history":[{"count":0,"href":"https:\/\/www.europesays.com\/de\/wp-json\/wp\/v2\/posts\/610275\/revisions"}],"wp:featuredmedia":[{"embeddable":true,"href":"https:\/\/www.europesays.com\/de\/wp-json\/wp\/v2\/media\/400604"}],"wp:attachment":[{"href":"https:\/\/www.europesays.com\/de\/wp-json\/wp\/v2\/media?parent=610275"}],"wp:term":[{"taxonomy":"category","embeddable":true,"href":"https:\/\/www.europesays.com\/de\/wp-json\/wp\/v2\/categories?post=610275"},{"taxonomy":"post_tag","embeddable":true,"href":"https:\/\/www.europesays.com\/de\/wp-json\/wp\/v2\/tags?post=610275"}],"curies":[{"name":"wp","href":"https:\/\/api.w.org\/{rel}","templated":true}]}}