{"id":610412,"date":"2025-11-29T07:29:13","date_gmt":"2025-11-29T07:29:13","guid":{"rendered":"https:\/\/www.europesays.com\/de\/610412\/"},"modified":"2025-11-29T07:29:13","modified_gmt":"2025-11-29T07:29:13","slug":"und-wahlrechtsentzug-fuer-hoecke-spd-minister-und-cdu-senatorin-offen-fuer-afd-verbot-in-thueringen","status":"publish","type":"post","link":"https:\/\/www.europesays.com\/de\/610412\/","title":{"rendered":"Und Wahlrechtsentzug f\u00fcr H\u00f6cke: SPD-Minister und CDU-Senatorin offen f\u00fcr AfD-Verbot in Th\u00fcringen"},"content":{"rendered":"<p>Und Wahlrechtsentzug f\u00fcr H\u00f6ckeSPD-Minister und CDU-Senatorin offen f\u00fcr AfD-Verbot in Th\u00fcringen<img decoding=\"async\" class=\"Image_img__fQCi0 Image_Img_16_9__4BLfH widget-picture-inline_maximizable__t_E7h\" loading=\"eager\" fetchpriority=\"high\" src=\"https:\/\/www.europesays.com\/de\/wp-content\/uploads\/2025\/11\/Bjoern-Hoecke-AfD-Fraktionsvorsitzender-waehrend-der-Landespressekonferenz-mit-den-Chefs-der-Fraktio.webp\" alt=\"Bjoern-Hoecke-AfD-Fraktionsvorsitzender-waehrend-der-Landespressekonferenz-mit-den-Chefs-der-Fraktionen-im-Thueringer-Landtag-Die-naechsten-Landtagssitzungen-sind-fuer-den-3-bis-5-Dezember-geplant\"\/>Das Bundesverfassungsgericht m\u00fcsste auf Antrag entscheiden, ob es H\u00f6cke das aktive und passive Wahlrecht entzieht. (Foto: picture alliance\/dpa)TeilenFolgen auf:<a href=\"https:\/\/www.whatsapp.com\/channel\/0029Va5cdVJD8SDp5YZgYF01\" title=\"Auf WhatsApp folgen\" target=\"_blank\" rel=\"noopener\"><img decoding=\"async\" src=\"https:\/\/www.n-tv.de\/socialIcons\/whatsapp.svg\" alt=\"whatsapp\" class=\"ArticleShare_icon__FsrC2\"\/><\/a><a href=\"https:\/\/news.google.com\/publications\/CAAiEPMdif5mpRNxiLOeUpHCwwsqFAgKIhDzHYn-ZqUTcYiznlKRwsML?hl=de&amp;gl=DE&amp;ceid=DE%3Ade\" title=\"Auf Google News folgen\" target=\"_blank\" rel=\"noopener\"><img decoding=\"async\" src=\"https:\/\/www.n-tv.de\/socialIcons\/google.svg\" alt=\"whatsapp\" class=\"ArticleShare_icon__FsrC2\"\/><\/a><\/p>\n<p class=\"Typography_text-m__XI0da Typography_weight-bold__uT6mq storyline_lead_text_leadtext__q_wg8\">\u00dcber ein Verbot der AfD wird immer wieder diskutiert. Jetzt erkl\u00e4ren zwei Politiker aus Th\u00fcringen und Berlin ihre Sicht auf die Dinge. Ein Landesverband sollte demnach nicht mehr existieren. W\u00fcrde die AfD eines Tages regieren, will Unionspolitikerin Badenberg auswandern.<\/p>\n<p class=\"Typography_text-default__P3otY Typography_weight-normal__pqUbH storyline_paragraph_p__qSR5N\">Th\u00fcringens Innenminister Georg Maier von der SPD und Berlins Justizsenatorin Felor Badenberg von der CDU haben sich offen f\u00fcr ein Verbotsverfahren gegen die Th\u00fcringer AfD von Bj\u00f6rn H\u00f6cke gezeigt. &#8222;Ich spreche mich f\u00fcr die Einleitung eines Verbotsverfahrens gegen diesen Landesverband aus&#8220;, sagte Badenberg der &#8222;S\u00fcddeutschen Zeitung&#8220;. Sie forderte zudem, dar\u00fcber zu reden, &#8222;ob wir bei Bj\u00f6rn H\u00f6cke die M\u00f6glichkeiten der Grundrechtsverwirkung nutzen &#8211; die auch zum Entzug des aktiven und passiven Wahlrechts f\u00fchren kann&#8220;.<\/p>\n<p class=\"Typography_text-default__P3otY Typography_weight-normal__pqUbH storyline_paragraph_p__qSR5N\">Maier signalisierte in dem Doppel-Interview, offen f\u00fcr beides zu sein. &#8222;Wenn unsere Demokratie nicht ihre Waffen zeigt, wird die AfD sie zerst\u00f6ren&#8220;, sagte der SPD-Politiker. In Th\u00fcringen wurde die AfD bereits im Jahr 2021 vom Landesverfassungsschutz als gesichert rechtsextremistisch eingestuft und wird beobachtet. H\u00f6cke ist dort Landespartei- und Fraktionschef. Im Landtag in Erfurt stellt die AfD die st\u00e4rkste Fraktion.<\/p>\n<p class=\"Typography_text-default__P3otY Typography_weight-normal__pqUbH storyline_paragraph_p__qSR5N\">Seit Jahren gibt es Diskussionen dar\u00fcber, ob ein Verbotsverfahren gegen die AfD eingeleitet werden soll oder nicht. W\u00e4hrend die SPD daf\u00fcr offen ist, sieht die Union diese Option skeptisch. Diskutiert wird aber immer wieder auch ein m\u00f6glicher Stopp der Parteienfinanzierung oder zumindest ein Verbot von einzelnen Landesverb\u00e4nden. Auch die M\u00f6glichkeit der Grundrechtsverwirkung nach Artikel 18 des Grundgesetzes f\u00fcr einzelne Akteure ist immer wieder im Gespr\u00e4ch. Damit w\u00e4re etwa der Entzug des aktiven und passiven Wahlrechts m\u00f6glich. Wie beim Parteienverbot w\u00e4re auch hier das Bundesverfassungsgericht zust\u00e4ndig.<\/p>\n<p class=\"Typography_text-default__P3otY Typography_weight-normal__pqUbH storyline_paragraph_p__qSR5N\">Badenberg machte klar, dass sie ein Verbot der gesamten Partei skeptisch sieht. &#8222;Die AfD ist eine Gefahr f\u00fcr unseren demokratischen Rechtsstaat. Sie vertritt verfassungsfeindliche Positionen, unterh\u00e4lt enge Verbindungen zu Akteuren aus der rechtsextremen Szene&#8220;, sagte sie der &#8222;S\u00fcddeutschen Zeitung&#8220;. Das reiche aber f\u00fcr ein Verbot nicht.<\/p>\n<p>Badenberg w\u00fcrde bei AfD-Machtergreifung auswandern<\/p>\n<p class=\"Typography_text-default__P3otY Typography_weight-normal__pqUbH storyline_paragraph_p__qSR5N\">Maier wies darauf hin, dass im Falle eines Verbots der gesamten Partei auch Parlamente neu gew\u00e4hlt werden m\u00fcssten. &#8222;Da fehlt ja teilweise ein Drittel der Stimmen, die Mehrheitsverh\u00e4ltnisse in den Parlamenten w\u00fcrden kippen&#8220;, sagte er der Zeitung. Maier spricht sich seit Jahren daf\u00fcr aus, die Einleitung eines AfD-Verbotsverfahrens zu pr\u00fcfen.<\/p>\n<p class=\"Typography_text-default__P3otY Typography_weight-normal__pqUbH storyline_paragraph_p__qSR5N\">Die Berliner Justizsenatorin Badenberg erw\u00e4gt zudem auszuwandern, wenn die AfD an die Macht k\u00e4me. &#8222;Ja, ich w\u00fcrde Deutschland wohl auch verlassen&#8220;, sagte sie der &#8222;S\u00fcddeutschen Zeitung&#8220;. \u00c4hnlich hatte sich im Oktober bereits Bundesbildungsministerin Karin Prien von der CDU ge\u00e4u\u00dfert und damit eine breite politische Debatte um die Gef\u00e4hrlichkeit der AfD angesto\u00dfen. <\/p>\n<p class=\"Typography_text-default__P3otY Typography_weight-normal__pqUbH storyline_paragraph_p__qSR5N\">&#8222;Ein AfD-Kanzler w\u00fcrde f\u00fcr mich bedeuten, dass ich in Deutschland wahrscheinlich nicht mehr willkommen bin&#8220;, sagte Badenberg weiter. &#8222;Ich w\u00fcrde mich fragen, ob ich meinen Lebensmittelpunkt nicht woanders sehen muss.&#8220; W\u00e4hrend Prien j\u00fcdische Vorfahren hat, stammt Badenbergs Familie aus dem Iran. Badenberg wirft der AfD vor, sie unterscheide &#8222;zwischen Deutschen mit und ohne Migrationshintergrund, sie teilt auf in &#8218;autochthone Deutsche&#8216; und &#8218;Passdeutsche&#8216;. Diesen Ethnopluralismus finde ich widerw\u00e4rtig&#8220;, sagte Badenberg.<\/p>\n<p class=\"Typography_text-s__wu_cm Typography_weight-normal__pqUbH Typography_color-darkgrey__sZEnP article-detail-footer_source__KslPc\">Quelle: ntv.de, mpa\/dpa<\/p>\n","protected":false},"excerpt":{"rendered":"Und Wahlrechtsentzug f\u00fcr H\u00f6ckeSPD-Minister und CDU-Senatorin offen f\u00fcr AfD-Verbot in Th\u00fcringenDas Bundesverfassungsgericht m\u00fcsste auf Antrag entscheiden, ob es&hellip;\n","protected":false},"author":2,"featured_media":610413,"comment_status":"","ping_status":"","sticky":false,"template":"","format":"standard","meta":{"footnotes":""},"categories":[5],"tags":[186,331,332,5159,31,3364,29,30,13,14,15,16,770,12,184,861],"class_list":{"0":"post-610412","1":"post","2":"type-post","3":"status-publish","4":"format-standard","5":"has-post-thumbnail","7":"category-nachrichten","8":"tag-afd","9":"tag-aktuelle-nachrichten","10":"tag-aktuelle-news","11":"tag-bjoern-hoecke","12":"tag-cdu","13":"tag-de","14":"tag-deutschland","15":"tag-germany","16":"tag-headlines","17":"tag-nachrichten","18":"tag-news","19":"tag-politik","20":"tag-rechtsextremismus","21":"tag-schlagzeilen","22":"tag-spd","23":"tag-thueringen"},"share_on_mastodon":{"url":"https:\/\/pubeurope.com\/@de\/115631814995967224","error":""},"_links":{"self":[{"href":"https:\/\/www.europesays.com\/de\/wp-json\/wp\/v2\/posts\/610412","targetHints":{"allow":["GET"]}}],"collection":[{"href":"https:\/\/www.europesays.com\/de\/wp-json\/wp\/v2\/posts"}],"about":[{"href":"https:\/\/www.europesays.com\/de\/wp-json\/wp\/v2\/types\/post"}],"author":[{"embeddable":true,"href":"https:\/\/www.europesays.com\/de\/wp-json\/wp\/v2\/users\/2"}],"replies":[{"embeddable":true,"href":"https:\/\/www.europesays.com\/de\/wp-json\/wp\/v2\/comments?post=610412"}],"version-history":[{"count":0,"href":"https:\/\/www.europesays.com\/de\/wp-json\/wp\/v2\/posts\/610412\/revisions"}],"wp:featuredmedia":[{"embeddable":true,"href":"https:\/\/www.europesays.com\/de\/wp-json\/wp\/v2\/media\/610413"}],"wp:attachment":[{"href":"https:\/\/www.europesays.com\/de\/wp-json\/wp\/v2\/media?parent=610412"}],"wp:term":[{"taxonomy":"category","embeddable":true,"href":"https:\/\/www.europesays.com\/de\/wp-json\/wp\/v2\/categories?post=610412"},{"taxonomy":"post_tag","embeddable":true,"href":"https:\/\/www.europesays.com\/de\/wp-json\/wp\/v2\/tags?post=610412"}],"curies":[{"name":"wp","href":"https:\/\/api.w.org\/{rel}","templated":true}]}}