{"id":610435,"date":"2025-11-29T07:43:19","date_gmt":"2025-11-29T07:43:19","guid":{"rendered":"https:\/\/www.europesays.com\/de\/610435\/"},"modified":"2025-11-29T07:43:19","modified_gmt":"2025-11-29T07:43:19","slug":"weihnachtsmarkt-greetsiel-feiert-jubilaeum-ausflug-ab-bremen","status":"publish","type":"post","link":"https:\/\/www.europesays.com\/de\/610435\/","title":{"rendered":"Weihnachtsmarkt Greetsiel feiert Jubil\u00e4um: Ausflug ab Bremen"},"content":{"rendered":"<p>Adventstipp nahe Bremen <\/p>\n<p>Hier kommt der Weihnachtsmann per Schiff<\/p>\n<p>29.11.2025 &#8211; 07:34 UhrLesedauer: 2 Min.<\/p>\n<p><a href=\"#focus-0\" class=\"transition-colors duration-200 block text-current relative\" data-sctrack=\"FocusGalleryImage.Reference\"><img fetchpriority=\"high\" data-testid=\"Opener.Image\" style=\"--lqipURL:url('https:\/\/images.t-online.de\/2024\/12\/fUNXHxbvYqHn\/39x27:1143x643\/fit-in\/150x0\/filters:blur(25)\/adventsstimmung-im-hafen-von-greetsiel-der-weihnachtsmarkt-oeffnet-anders-als-viele-andere-erst-nach-den-feiertagen.jpg')\"   loading=\"eager\" src=\"https:\/\/www.europesays.com\/de\/wp-content\/uploads\/2025\/11\/adventsstimmung-im-hafen-von-greetsiel-der-weihnachtsmarkt-oeffnet-anders-als-viele-andere-erst-nach.jpeg\" alt=\"Adventsstimmung im Hafen von Greetsiel: Der Weihnachtsmarkt \u00f6ffnet, anders als viele andere, erst nach den Feiertagen.\" title=\"Adventsstimmung im Hafen von Greetsiel: Der Weihnachtsmarkt \u00f6ffnet, anders als viele andere, erst nach den Feiertagen.\" width=\"1143\" height=\"643\" class=\"bg-[url:var(--lqipURL)] bg-cover bg-center flex h-full w-full max-w-full\" decoding=\"async\"\/><img style=\"--width:32;--height:32\" loading=\"lazy\" src=\"https:\/\/bremen.t-online.de\/s\/paper\/_next\/static\/media\/zoom-in.f7dae02f.svg\" alt=\"Vergr\u00f6\u00dfern des Bildes\" title=\"Vergr\u00f6\u00dfern des Bildes\" class=\"block h-[calc(var(--height)_\/_16_*_1rem)] w-[calc(var(--width)_\/_16_*_1rem)] max-w-none absolute bottom-8 right-8 rounded-4 bg-snow p-8\" decoding=\"async\"\/><\/a><\/p>\n<p>Adventsstimmung im Hafen von Greetsiel: Der Weihnachtsmarkt \u00f6ffnete sonst erst nach den Feiertagen, in diesem Jahr ist das anders. (Quelle: Touristik GmbH Krummh\u00f6rn-Greetsiel)<\/p>\n<p class=\"font-bold text-18 leading-17\">Seit vielen Jahren lockt der kleine Weihnachtsmarkt in den hohen Norden. Und doch hat er sich seine Urspr\u00fcnglichkeit bewahrt. Jetzt steht das 30-j\u00e4hrige Jubil\u00e4um an.<\/p>\n<p class=\"text-18 leading-17\">Greetsiel wird an zwei Adventswochenenden wieder zur Kulisse eines der stimmungsvollsten Weihnachtsm\u00e4rkte der Region. Der L\u00fcttje Greetmer Wiehnachtsmarkt findet am 2. und 3. Adventswochenende \u2013 also am 06. und 07. Dezember sowie 13. und 14. Dezember 2025 \u2013 auf dem Marktplatz am Alten Siel statt. In diesem Jahr feiert der Markt ein Jubil\u00e4um: Er wird bereits zum 30. Mal ausgerichtet.<\/p>\n<p class=\"text-18 leading-17\">Organisiert wird der Weihnachtsmarkt von Greetsieler Vereinen, Organisationen und der Interessengemeinschaft zur F\u00f6rderung des Ortes. In weihnachtlich geschm\u00fcckten Holzbuden bieten sie von 13 bis 19 Uhr Gl\u00fchwein, Punsch, Berliner, Bratwurst und Fisch, aber auch handgefertigte Dekorationen und Geschenkideen an.<\/p>\n<p class=\"text-18 leading-17\">Der Markt versteht sich nicht als kommerzielles Event, sondern als Treffpunkt f\u00fcr Einheimische und G\u00e4ste, der von lokaler Gemeinschaft und hohem ehrenamtlichen Engagement gepr\u00e4gt ist.<\/p>\n<p class=\"text-18 leading-17\">An drei Tagen \u2013 6., 7. und 13. Dezember \u2013 wird eine Tombola angeboten. Die Lose k\u00f6nnen auf dem Marktplatz gekauft werden, die von lokalen Gesch\u00e4ftsleuten gestifteten Preise werden jeweils um 18 Uhr ausgegeben. Auch musikalisch ist einiges geboten: So wird am 6. Dezember, um 16 Uhr, der Posaunenchor auftreten, am 7. Dezember folgt der Shanty-Chor Greetsiel (16 Uhr). Am zweiten Wochenende findet am 13. Dezember ein Auftritt der K\u00fcstenmusikanten (16 Uhr) statt und am letzten Tag, 14. Dezember, der Shanty-Chor-Norddeich (14 Uhr).<\/p>\n<p class=\"text-18 leading-17\">Eine Tradition, f\u00fcr die der Ort auch weit \u00fcber seine Grenzen hinaus bekannt ist, ist die Ankunft des Weihnachtsmannes per Fischkutter. Am Sonntag, 14. Dezember, wird der Weihnachtsmann gegen 17 Uhr auf eben jenem in den Hafen einfahren und anschlie\u00dfend vor der Eisdiele am Alten Siel S\u00fc\u00dfigkeiten an die Kinder verteilen.<\/p>\n<p class=\"text-18 leading-17\">\u00dcber Jahrzehnte hat sich der L\u00fcttje Greetmer Weihnachtsmarkt zu einem beliebten Treffpunkt entwickelt \u2013 nicht nur f\u00fcr Krummh\u00f6rner Familien, sondern auch f\u00fcr viele Urlauber, die Greetsiel gerade wegen seiner winterlichen Hafenromantik besuchen.<\/p>\n<p class=\"text-18 leading-17\">Von Bremen aus dauert die Fahrt nach Greetsiel mit dem Auto knapp zwei Stunden. Die Strecke f\u00fchrt \u00fcber die A28 Richtung Leer\/Emden, anschlie\u00dfend \u00fcber die A31 und weiter \u00fcber die Landstra\u00dfe Richtung Krummh\u00f6rn. Parkpl\u00e4tze stehen im Ortskern und rund um den Hafen zur Verf\u00fcgung. An den Adventswochenenden empfiehlt sich eine fr\u00fchere Anreise, da Greetsiel erfahrungsgem\u00e4\u00df gut besucht ist.<\/p>\n","protected":false},"excerpt":{"rendered":"Adventstipp nahe Bremen Hier kommt der Weihnachtsmann per Schiff 29.11.2025 &#8211; 07:34 UhrLesedauer: 2 Min. Adventsstimmung im Hafen&hellip;\n","protected":false},"author":2,"featured_media":610436,"comment_status":"","ping_status":"","sticky":false,"template":"","format":"standard","meta":{"footnotes":""},"categories":[1824],"tags":[611,140295,145138,134583,27358,2420,3364,29,30,145140,6402,145139,8497],"class_list":{"0":"post-610435","1":"post","2":"type-post","3":"status-publish","4":"format-standard","5":"has-post-thumbnail","7":"category-bremen","8":"tag-611","9":"tag-adventsstimmung","10":"tag-adventstipp","11":"tag-adventswochenende","12":"tag-ausflugstipp-bremen","13":"tag-bremen","14":"tag-de","15":"tag-deutschland","16":"tag-germany","17":"tag-greetsiel","18":"tag-schiff","19":"tag-urspruenglichkeit","20":"tag-weihnachtsmarkt"},"share_on_mastodon":{"url":"","error":""},"_links":{"self":[{"href":"https:\/\/www.europesays.com\/de\/wp-json\/wp\/v2\/posts\/610435","targetHints":{"allow":["GET"]}}],"collection":[{"href":"https:\/\/www.europesays.com\/de\/wp-json\/wp\/v2\/posts"}],"about":[{"href":"https:\/\/www.europesays.com\/de\/wp-json\/wp\/v2\/types\/post"}],"author":[{"embeddable":true,"href":"https:\/\/www.europesays.com\/de\/wp-json\/wp\/v2\/users\/2"}],"replies":[{"embeddable":true,"href":"https:\/\/www.europesays.com\/de\/wp-json\/wp\/v2\/comments?post=610435"}],"version-history":[{"count":0,"href":"https:\/\/www.europesays.com\/de\/wp-json\/wp\/v2\/posts\/610435\/revisions"}],"wp:featuredmedia":[{"embeddable":true,"href":"https:\/\/www.europesays.com\/de\/wp-json\/wp\/v2\/media\/610436"}],"wp:attachment":[{"href":"https:\/\/www.europesays.com\/de\/wp-json\/wp\/v2\/media?parent=610435"}],"wp:term":[{"taxonomy":"category","embeddable":true,"href":"https:\/\/www.europesays.com\/de\/wp-json\/wp\/v2\/categories?post=610435"},{"taxonomy":"post_tag","embeddable":true,"href":"https:\/\/www.europesays.com\/de\/wp-json\/wp\/v2\/tags?post=610435"}],"curies":[{"name":"wp","href":"https:\/\/api.w.org\/{rel}","templated":true}]}}