{"id":610453,"date":"2025-11-29T07:53:14","date_gmt":"2025-11-29T07:53:14","guid":{"rendered":"https:\/\/www.europesays.com\/de\/610453\/"},"modified":"2025-11-29T07:53:14","modified_gmt":"2025-11-29T07:53:14","slug":"bahnsignale-fuer-stuttgart-21-wie-sich-s-21-digital-verknotet-stuttgart","status":"publish","type":"post","link":"https:\/\/www.europesays.com\/de\/610453\/","title":{"rendered":"Bahnsignale f\u00fcr Stuttgart 21: Wie sich S 21 digital verknotet &#8211; Stuttgart"},"content":{"rendered":"<p>Nun ist es laut Deutscher Bahn die Signaltechnik, die Stuttgart 21 verz\u00f6gert, und aktuell auch wieder f\u00fcr Streckensperrungen in der Region sorgt. Was hat es damit auf sich?<\/p>\n<p>Ein <a href=\"https:\/\/digitale-schiene-deutschland.de\/de\/projekte\/digitaler-knoten-stuttgart\" target=\"_blank\" rel=\"noopener\">\u201edigitaler Knoten\u201c<\/a> \u2013 was ist das? Das d\u00fcrften sich so einige Menschen in der Region nach der j\u00fcngsten Verschiebung des Er\u00f6ffnungstermins von <a href=\"https:\/\/www.esslinger-zeitung.de\/thema\/Stuttgart_21\" title=\"Stuttgart 21\" class=\"art_thema\" target=\"_blank\" rel=\"noopener\">Stuttgart 21<\/a> gefragt haben. In den kommenden Wochen <a href=\"https:\/\/www.esslinger-zeitung.de\/inhalt.nahverkehr-in-stuttgart-s-bahn-chaos-bis-weihnachten-pendler-brauchen-starke-nerven.453ee289-c277-436c-ac36-0a419e63cb8b.html\" target=\"_blank\" rel=\"noopener\">stehen erneut Streckensperrungen f\u00fcr die vorbereitenden Bauarbeiten an<\/a>. So werden etwa auf der Strecke nach Waiblingen zwischen den Stuttgarter Haltepunkten N\u00fcrnberger Stra\u00dfe und Sommerrain f\u00fcr die geplante, digitale Signaltechnik Kabel verlegt, Signale und Kabelschr\u00e4nke aufgestellt oder Weichenantriebe getauscht. Die <a href=\"https:\/\/www.esslinger-zeitung.de\/thema\/Deutsche_Bahn\" title=\"Bahn\" class=\"art_thema\" target=\"_blank\" rel=\"noopener\">Bahn<\/a> schlie\u00dft Achsz\u00e4hler an und der Einbau der k\u00fcnftigen Anlagen f\u00fcr die Positionsbestimmung der Z\u00fcge, die so genannten Balisen, wird vorbereitet. <\/p>\n","protected":false},"excerpt":{"rendered":"Nun ist es laut Deutscher Bahn die Signaltechnik, die Stuttgart 21 verz\u00f6gert, und aktuell auch wieder f\u00fcr Streckensperrungen&hellip;\n","protected":false},"author":2,"featured_media":610454,"comment_status":"","ping_status":"","sticky":false,"template":"","format":"standard","meta":{"footnotes":""},"categories":[1830],"tags":[1634,3364,2030,29,52722,145144,30,6597,121572,1441,9634,601],"class_list":{"0":"post-610453","1":"post","2":"type-post","3":"status-publish","4":"format-standard","5":"has-post-thumbnail","7":"category-stuttgart","8":"tag-baden-wuerttemberg","9":"tag-de","10":"tag-deutsche-bahn","11":"tag-deutschland","12":"tag-digitaler-knoten-stuttgart","13":"tag-etcs","14":"tag-germany","15":"tag-infografik","16":"tag-signale","17":"tag-stuttgart","18":"tag-stuttgart-21","19":"tag-verkehr"},"share_on_mastodon":{"url":"https:\/\/pubeurope.com\/@de\/115631908777550159","error":""},"_links":{"self":[{"href":"https:\/\/www.europesays.com\/de\/wp-json\/wp\/v2\/posts\/610453","targetHints":{"allow":["GET"]}}],"collection":[{"href":"https:\/\/www.europesays.com\/de\/wp-json\/wp\/v2\/posts"}],"about":[{"href":"https:\/\/www.europesays.com\/de\/wp-json\/wp\/v2\/types\/post"}],"author":[{"embeddable":true,"href":"https:\/\/www.europesays.com\/de\/wp-json\/wp\/v2\/users\/2"}],"replies":[{"embeddable":true,"href":"https:\/\/www.europesays.com\/de\/wp-json\/wp\/v2\/comments?post=610453"}],"version-history":[{"count":0,"href":"https:\/\/www.europesays.com\/de\/wp-json\/wp\/v2\/posts\/610453\/revisions"}],"wp:featuredmedia":[{"embeddable":true,"href":"https:\/\/www.europesays.com\/de\/wp-json\/wp\/v2\/media\/610454"}],"wp:attachment":[{"href":"https:\/\/www.europesays.com\/de\/wp-json\/wp\/v2\/media?parent=610453"}],"wp:term":[{"taxonomy":"category","embeddable":true,"href":"https:\/\/www.europesays.com\/de\/wp-json\/wp\/v2\/categories?post=610453"},{"taxonomy":"post_tag","embeddable":true,"href":"https:\/\/www.europesays.com\/de\/wp-json\/wp\/v2\/tags?post=610453"}],"curies":[{"name":"wp","href":"https:\/\/api.w.org\/{rel}","templated":true}]}}