{"id":610502,"date":"2025-11-29T08:22:17","date_gmt":"2025-11-29T08:22:17","guid":{"rendered":"https:\/\/www.europesays.com\/de\/610502\/"},"modified":"2025-11-29T08:22:17","modified_gmt":"2025-11-29T08:22:17","slug":"angriff-auf-nationalgardisten-us-einwanderungsbehoerde-stoppt-saemtliche-asylentscheidungen","status":"publish","type":"post","link":"https:\/\/www.europesays.com\/de\/610502\/","title":{"rendered":"Angriff auf Nationalgardisten: US-Einwanderungsbeh\u00f6rde stoppt s\u00e4mtliche Asylentscheidungen"},"content":{"rendered":"<p class=\"paragraph article__item\">Die US-Einwanderungsbeh\u00f6rde USCIS hat nach den <a href=\"https:\/\/www.zeit.de\/politik\/ausland\/2025-11\/washington-usa-hauptstadt-schuetze-nationalgardisten-mord-staatsanwaltschaft\" class=\"\" target=\"_blank\" rel=\"noopener\">Sch\u00fcssen auf zwei Nationalgardisten in Washington, D. C.<\/a>\u00a0eine Aussetzung aller\u00a0Asylentscheidungen angek\u00fcndigt. Dieser Stopp gelte, bis man sicherstellen k\u00f6nne, dass jeder Ausl\u00e4nder so gr\u00fcndlich wie m\u00f6glich \u00fcberpr\u00fcft und kontrolliert werde, schrieb der Leiter der Beh\u00f6rde, Joseph Edlow, auf der Plattform X und auf Facebook.\u00a0\n<\/p>\n<p class=\"paragraph article__item\">US-Au\u00dfenminister Marco\u00a0Rubio\u00a0teilte zudem mit, dass die <a class=\"rtr-entity\" href=\"https:\/\/www.zeit.de\/thema\/usa\" target=\"_blank\" rel=\"noopener\">USA<\/a> vor\u00fcbergehend die Ausstellung von Visa f\u00fcr alle Menschen mit afghanischem Pass eingestellt h\u00e4tten. Die USA h\u00e4tten &#8222;keine h\u00f6here Priorit\u00e4t als den Schutz unserer Nation und unserer Bev\u00f6lkerung&#8220;, sagte er.\u00a0\n<\/p>\n<p class=\"paragraph article__item\">Das US-Heimatschutzministerium teilte auf sozialen Netzwerken mit, das Ziel sei nach dem Angriff in der US-Hauptstadt nie klarer gewesen: &#8222;Remigration jetzt.&#8220;\u00a0Rechtsextremisten in Deutschland und anderen L\u00e4ndern <a href=\"https:\/\/www.zeit.de\/politik\/deutschland\/2025-07\/afd-remigration-baumann-bernd-rechtsextremismus-debatte\" class=\"\" target=\"_blank\" rel=\"noopener\">benutzen den Begriff<\/a> ebenfalls.\u00a0Der Ausdruck wird besch\u00f6nigend f\u00fcr die <a href=\"https:\/\/www.zeit.de\/gesellschaft\/2024-01\/remigration-ist-das-unwort-des-jahres\" class=\"\" target=\"_blank\" rel=\"noopener\">Forderung nach Zwangsausweisungen und Deportationen<\/a>\u00a0von Menschen mutma\u00dflich ausl\u00e4ndischer Herkunft\u00a0verwendet.\n<\/p>\n<p>        Aufnahmestopp und Kontrolle von Greencards        <\/p>\n<p class=\"paragraph article__item\">US-Pr\u00e4sident <a href=\"https:\/\/www.zeit.de\/thema\/donald-trump\" class=\"\" target=\"_blank\" rel=\"noopener\">Donald Trump<\/a> hatte erst einen Tag zuvor einen vollst\u00e4ndigen <a href=\"https:\/\/www.zeit.de\/politik\/ausland\/2025-11\/usa-donald-trump-washington-nationalgarde-afghanistan-venezuela\" class=\"\" target=\"_blank\" rel=\"noopener\">Aufnahmestopp der USA f\u00fcr alle Menschen aus &#8222;Drittweltl\u00e4ndern&#8220;<\/a> angek\u00fcndigt. &#8222;Ich werde Migration aus allen Drittweltl\u00e4ndern dauerhaft stoppen&#8220;, schrieb er auf seiner Onlineplattform Truth Social. Auf welche L\u00e4nder genau er sich bezieht und wie und wann er einen solchen Aufnahmestopp durchsetzen will, f\u00fchrte er nicht aus.\u00a0\n<\/p>\n<p class=\"paragraph article__item\">Die US-Einwanderungsbeh\u00f6rde hatte kurz nach dem Vorfall auf Weisung Trumps hin angek\u00fcndigt, die Greencards &#8222;aller Ausl\u00e4nder aus allen problematischen L\u00e4ndern&#8220; umfassend zu \u00fcberpr\u00fcfen. Eine Greencard erlaubt es ausl\u00e4ndischen Staatsangeh\u00f6rigen, sich dauerhaft in den USA aufzuhalten und zu arbeiten. Betroffen von dem Schritt sind neben Afghanen auch Menschen aus 18 weiteren L\u00e4ndern wie dem Iran, Libyen, Somalia, dem Jemen, Kuba und Venezuela.\n<\/p>\n<p>            Angriff auf Nationalgardisten        <\/p>\n<p>Mehr zum Thema<\/p>\n<p>                <a href=\"https:\/\/www.zeit.de\/politik\/ausland\/2025-11\/washington-usa-hauptstadt-schuetze-nationalgardisten-mord-staatsanwaltschaft\" data-ct-label=\"Washington, D. C.: Staatsanwaltschaft beschuldigt Sch\u00fctzen von Washington des Mordes\" target=\"_blank\" rel=\"noopener\"><\/p>\n<p>                        Washington, D. C.:<br \/>\n                        Staatsanwaltschaft beschuldigt Sch\u00fctzen von Washington des Mordes<\/p>\n<p>                <\/a><\/p>\n<p>                <a href=\"https:\/\/www.zeit.de\/politik\/2025-11\/usa-angriff-washington-donald-trump-joe-biden-afghanistan-fluechtlinge-pruefung\" data-ct-label=\"Sch\u00fcsse auf Nationalgardisten in Washington, D. C.: USA wollen afghanische Fl\u00fcchtlinge aus Amtszeit von Biden \u00fcberpr\u00fcfen\" target=\"_blank\" rel=\"noopener\"><\/p>\n<p>                        Sch\u00fcsse auf Nationalgardisten in Washington, D. C.:<br \/>\n                        USA wollen afghanische Fl\u00fcchtlinge aus Amtszeit von Biden \u00fcberpr\u00fcfen<\/p>\n<p>                <\/a><\/p>\n<p>                <a href=\"https:\/\/www.zeit.de\/politik\/ausland\/2025-11\/usa-donald-trump-washington-nationalgarde-afghanistan-venezuela\" data-ct-label=\"Der US-\u00dcberblick am Morgen: Nationalgardistin gestorben, Einreisestopp f\u00fcr &quot;Drittweltl\u00e4nder&quot;\" target=\"_blank\" rel=\"noopener\"><\/p>\n<p>                        Der US-\u00dcberblick am Morgen:<br \/>\n                        Nationalgardistin gestorben, Einreisestopp f\u00fcr &#8222;Drittweltl\u00e4nder&#8220;<\/p>\n<p>                <\/a><\/p>\n<p class=\"paragraph article__item\">Am Mittwoch waren zwei Nationalgardisten nur wenige H\u00e4userbl\u00f6cke vom Wei\u00dfen Haus entfernt angeschossen worden. Eine Soldatin erlag Trump zufolge ihren Verletzungen. Der zweite Nationalgardist befindet sich in Lebensgefahr. Der mutma\u00dfliche T\u00e4ter \u2013 ein 2021 in die USA eingereister Afghane \u2013 wurde festgenommen. Das Motiv f\u00fcr die Tat ist unbekannt.\u00a0\u00a0\n<\/p>\n<p>                            \u00a9\u00a0Lea Dohle<\/p>\n<p>\n                                        Newsletter<br \/>\n                                        Was jetzt? \u2013 Der t\u00e4gliche Morgen\u00fcberblick<\/p>\n<p class=\"newsletter-signup__text\">Starten Sie mit unserem kurzen Nachrichten-Newsletter in den Tag. Erhalten Sie zudem freitags den US-Sonderletter &#8222;Was jetzt, America?&#8220; sowie das digitale Magazin ZEIT am Wochenende.<\/p>\n<p class=\"newsletter-signup__datapolicy\" hidden=\"\">\n            Mit Ihrer Registrierung nehmen Sie die <a href=\"https:\/\/datenschutz.zeit.de\/zon#Newsletter\" target=\"_blank\" rel=\"noopener\">Datenschutzerkl\u00e4rung<\/a> zur Kenntnis.\n        <\/p>\n<p>    Vielen Dank! Wir haben Ihnen eine E-Mail geschickt.<\/p>\n<p>Pr\u00fcfen Sie Ihr Postfach und best\u00e4tigen Sie das Newsletter-Abonnement.<\/p>\n<p class=\"paragraph article__item\">Trump bezeichnete Fl\u00fcchtlinge nach dem Vorfall als Hauptgrund f\u00fcr gesellschaftliche Probleme in den USA. Menschenrechtler warnten davor, den Angriff politisch zu instrumentalisieren.<\/p>\n","protected":false},"excerpt":{"rendered":"Die US-Einwanderungsbeh\u00f6rde USCIS hat nach den Sch\u00fcssen auf zwei Nationalgardisten in Washington, D. C.\u00a0eine Aussetzung aller\u00a0Asylentscheidungen angek\u00fcndigt. Dieser&hellip;\n","protected":false},"author":2,"featured_media":610503,"comment_status":"","ping_status":"","sticky":false,"template":"","format":"standard","meta":{"footnotes":""},"categories":[5],"tags":[145154,533,106,13,14,47757,15,16,12,10,8,9,11,64],"class_list":{"0":"post-610502","1":"post","2":"type-post","3":"status-publish","4":"format-standard","5":"has-post-thumbnail","7":"category-nachrichten","8":"tag-angriff-auf-nationalgardisten","9":"tag-asyl","10":"tag-donald-trump","11":"tag-headlines","12":"tag-nachrichten","13":"tag-nationalgarde","14":"tag-news","15":"tag-politik","16":"tag-schlagzeilen","17":"tag-top-news","18":"tag-top-meldungen","19":"tag-topmeldungen","20":"tag-topnews","21":"tag-usa"},"share_on_mastodon":{"url":"https:\/\/pubeurope.com\/@de\/115632022952020386","error":""},"_links":{"self":[{"href":"https:\/\/www.europesays.com\/de\/wp-json\/wp\/v2\/posts\/610502","targetHints":{"allow":["GET"]}}],"collection":[{"href":"https:\/\/www.europesays.com\/de\/wp-json\/wp\/v2\/posts"}],"about":[{"href":"https:\/\/www.europesays.com\/de\/wp-json\/wp\/v2\/types\/post"}],"author":[{"embeddable":true,"href":"https:\/\/www.europesays.com\/de\/wp-json\/wp\/v2\/users\/2"}],"replies":[{"embeddable":true,"href":"https:\/\/www.europesays.com\/de\/wp-json\/wp\/v2\/comments?post=610502"}],"version-history":[{"count":0,"href":"https:\/\/www.europesays.com\/de\/wp-json\/wp\/v2\/posts\/610502\/revisions"}],"wp:featuredmedia":[{"embeddable":true,"href":"https:\/\/www.europesays.com\/de\/wp-json\/wp\/v2\/media\/610503"}],"wp:attachment":[{"href":"https:\/\/www.europesays.com\/de\/wp-json\/wp\/v2\/media?parent=610502"}],"wp:term":[{"taxonomy":"category","embeddable":true,"href":"https:\/\/www.europesays.com\/de\/wp-json\/wp\/v2\/categories?post=610502"},{"taxonomy":"post_tag","embeddable":true,"href":"https:\/\/www.europesays.com\/de\/wp-json\/wp\/v2\/tags?post=610502"}],"curies":[{"name":"wp","href":"https:\/\/api.w.org\/{rel}","templated":true}]}}