{"id":610521,"date":"2025-11-29T08:34:12","date_gmt":"2025-11-29T08:34:12","guid":{"rendered":"https:\/\/www.europesays.com\/de\/610521\/"},"modified":"2025-11-29T08:34:12","modified_gmt":"2025-11-29T08:34:12","slug":"triumphale-rueckkehr-mother-tongue-bringen-das-substage-zum-brodeln-karlsruhe","status":"publish","type":"post","link":"https:\/\/www.europesays.com\/de\/610521\/","title":{"rendered":"Triumphale R\u00fcckkehr: Mother Tongue bringen das Substage zum Brodeln &#8211; Karlsruhe"},"content":{"rendered":"<p class=\"rhp-dpa-teaser\"><b>Sie gelten als ewiger Geheimtipp: Im Karlsruher Substage beweisen die Kalifornier von Mother Tongue, warum sie weiterhin zu den besten Livebands unserer Zeit geh\u00f6ren.<\/b><\/p>\n<p>Als ein Konzert, das bis dahin schon von einer au\u00dfergew\u00f6hnlichen Qualit\u00e4t und Stimmung gepr\u00e4gt ist, zu Ende scheint, passiert Denkw\u00fcrdiges. Die Zuschauer str\u00f6men schon in Richtung Ausgang, \u00fcber die Boxen im Karlsruher Substage l\u00e4uft \u201eAce Of Spades\u201c von Motorhead als<\/p>\n<p class=\"\">Bitte loggen Sie sich ein um den Artikel im Klartext zu sehen.<\/p>\n<p class=\"\"> sla tohrMe uneTog cohn lmeina afu ide  me.knom  wri cehilr:h reW  ob irw jmlase   satg rtsGaitir aBynr u.oTal  bhnae wir setcenn,hied end Memtno mit cehu euazsmnm zu  sE gbti inene nspnotean tewiezn b,cnuakZlboeg und hrie  zjtte ejedr rtenu dne 050 sMennehc mi al,Sa adss re eTil ensie gnaz nbeoenerds ndAbse <\/p>\n","protected":false},"excerpt":{"rendered":"Sie gelten als ewiger Geheimtipp: Im Karlsruher Substage beweisen die Kalifornier von Mother Tongue, warum sie weiterhin zu&hellip;\n","protected":false},"author":2,"featured_media":610522,"comment_status":"","ping_status":"","sticky":false,"template":"","format":"standard","meta":{"footnotes":""},"categories":[1844],"tags":[46024,1634,145159,145160,3364,29,145161,30,8903,4060,7893,113883,82868,64],"class_list":{"0":"post-610521","1":"post","2":"type-post","3":"status-publish","4":"format-standard","5":"has-post-thumbnail","7":"category-karlsruhe","8":"tag-alexander-mueller","9":"tag-baden-wuerttemberg","10":"tag-bryan-tulao","11":"tag-davo-gould","12":"tag-de","13":"tag-deutschland","14":"tag-geoff-haba","15":"tag-germany","16":"tag-karlsruhe","17":"tag-lokal","18":"tag-los-angeles","19":"tag-pearl-jam","20":"tag-seattle","21":"tag-usa"},"share_on_mastodon":{"url":"https:\/\/pubeurope.com\/@de\/115632070029111610","error":""},"_links":{"self":[{"href":"https:\/\/www.europesays.com\/de\/wp-json\/wp\/v2\/posts\/610521","targetHints":{"allow":["GET"]}}],"collection":[{"href":"https:\/\/www.europesays.com\/de\/wp-json\/wp\/v2\/posts"}],"about":[{"href":"https:\/\/www.europesays.com\/de\/wp-json\/wp\/v2\/types\/post"}],"author":[{"embeddable":true,"href":"https:\/\/www.europesays.com\/de\/wp-json\/wp\/v2\/users\/2"}],"replies":[{"embeddable":true,"href":"https:\/\/www.europesays.com\/de\/wp-json\/wp\/v2\/comments?post=610521"}],"version-history":[{"count":0,"href":"https:\/\/www.europesays.com\/de\/wp-json\/wp\/v2\/posts\/610521\/revisions"}],"wp:featuredmedia":[{"embeddable":true,"href":"https:\/\/www.europesays.com\/de\/wp-json\/wp\/v2\/media\/610522"}],"wp:attachment":[{"href":"https:\/\/www.europesays.com\/de\/wp-json\/wp\/v2\/media?parent=610521"}],"wp:term":[{"taxonomy":"category","embeddable":true,"href":"https:\/\/www.europesays.com\/de\/wp-json\/wp\/v2\/categories?post=610521"},{"taxonomy":"post_tag","embeddable":true,"href":"https:\/\/www.europesays.com\/de\/wp-json\/wp\/v2\/tags?post=610521"}],"curies":[{"name":"wp","href":"https:\/\/api.w.org\/{rel}","templated":true}]}}