{"id":610542,"date":"2025-11-29T08:48:16","date_gmt":"2025-11-29T08:48:16","guid":{"rendered":"https:\/\/www.europesays.com\/de\/610542\/"},"modified":"2025-11-29T08:48:16","modified_gmt":"2025-11-29T08:48:16","slug":"trump-und-maduro-besprechen-offenbar-moegliches-treffen-in-den-usa","status":"publish","type":"post","link":"https:\/\/www.europesays.com\/de\/610542\/","title":{"rendered":"Trump und Maduro besprechen offenbar m\u00f6gliches Treffen in den USA"},"content":{"rendered":"<p class=\"tspANhu tspANhv\">Inmitten<strong> wachsender milit\u00e4rischer Spannungen zwischen Washington und Caracas<\/strong> haben US-Pr\u00e4sident Donald Trump und sein venezolanischer Kollege Nicol\u00e1s Maduro einem US-Medienbericht zufolge miteinander telefoniert. Die beiden Staatschefs h\u00e4tten bei dem Telefonat ein<strong> m\u00f6gliches Treffen in den USA<\/strong> besprochen, berichtete die \u201eNew York Times\u201c am Freitag. US-Au\u00dfenminister Marco Rubio nahm demnach ebenfalls an dem Telefongespr\u00e4ch teil.<\/p>\n<p class=\"tspANhu\"><a href=\"https:\/\/www.tagesspiegel.de\/internationales\/kampf-gegen-drogen-oder-drohgebarde-us-flugzeugtrager-in-der-karibik-angekommen-14857625.html?icid=in-text-link_14986460\" class=\"link link--internal\" data-gtm-class=\"article-text-link\" data-gtm-val=\"internal\" rel=\"nofollow noopener\" target=\"_blank\">Die USA hatten in den vergangenen Wochen mehrere Kriegsschiffe und Kampfflugzeuge in die Karibik entsandt<\/a>\u00a0\u2013 nach eigenen Angaben, um den Drogenhandel zu bek\u00e4mpfen.\u00a0<strong>Washington wirft insbesondere Venezuela vor, Drogenbanden zu kontrollieren und gezielt gegen die USA einzusetzen<\/strong> und damit die Sicherheit der USA und ihrer B\u00fcrger zu gef\u00e4hrden. Venezuelas linksnationalistischer Pr\u00e4sident Maduro vermutet dagegen US-Pl\u00e4ne zu seinem Sturz.<\/p>\n<p class=\"tspANhu\"><a href=\"https:\/\/www.tagesspiegel.de\/internationales\/pentagon-meldet-drei-tote-usa-greifen-erneut-angebliches-drogenschmugglerboot-an-14859413.html?icid=in-text-link_14986460\" class=\"link link--internal\" data-gtm-class=\"article-text-link\" data-gtm-val=\"internal\" rel=\"nofollow noopener\" target=\"_blank\">Seit September greifen US-Streitkr\u00e4fte immer wieder Boote angeblicher Drogenschmuggler in der Karibik und im Ostpazifik an.<\/a> Dabei wurden nach US-Angaben bislang <strong>mehr als 80 Menschen get\u00f6tet und mehr als 20 Schiffe versenkt<\/strong>.<\/p>\n<p><a href=\"https:\/\/www.tagesspiegel.de\/internationales\/zwolf-schiffe-und-12000-soldaten-wie-trump-die-us-militarprasenz-in-lateinamerika-ausbaut-14883779.html?icid=single-topic_14986460___\" data-gtm-class=\"article-mzt-link\" class=\"tspBRlx\" rel=\"nofollow noopener\" target=\"_blank\">Zw\u00f6lf Schiffe und 12.000 Soldaten So baut Trump die US-Milit\u00e4rpr\u00e4senz in Lateinamerika aus <\/a><\/p>\n<p class=\"tspANhu\">Am Donnerstag hatte Trump angek\u00fcndigt, <a href=\"https:\/\/www.tagesspiegel.de\/internationales\/wir-werden-sehr-bald-damit-beginnen-trump-will-auch-an-land-gegen-venezolanische-drogenhandler-vorgehen-14974790.html?icid=in-text-link_14986460\" class=\"link link--internal\" data-gtm-class=\"article-text-link\" data-gtm-val=\"internal\" rel=\"nofollow noopener\" target=\"_blank\">in K\u00fcrze auch an Land gegen mutma\u00dfliche venezolanische Drogenh\u00e4ndler vorzugehen<\/a>. \u201eWir werden damit beginnen, sie auf dem Landweg zu stoppen\u201c, dies werde \u201esehr bald\u201c beginnen, sagte Trump bei einer Videokonferenz mit Truppen der US-Luftwaffe. (AFP)<\/p>\n","protected":false},"excerpt":{"rendered":"Inmitten wachsender milit\u00e4rischer Spannungen zwischen Washington und Caracas haben US-Pr\u00e4sident Donald Trump und sein venezolanischer Kollege Nicol\u00e1s Maduro&hellip;\n","protected":false},"author":2,"featured_media":610543,"comment_status":"","ping_status":"","sticky":false,"template":"","format":"standard","meta":{"footnotes":""},"categories":[3977],"tags":[331,332,106,13,14,15,12,4017,4018,4016,64,4019,4020],"class_list":{"0":"post-610542","1":"post","2":"type-post","3":"status-publish","4":"format-standard","5":"has-post-thumbnail","7":"category-usa","8":"tag-aktuelle-nachrichten","9":"tag-aktuelle-news","10":"tag-donald-trump","11":"tag-headlines","12":"tag-nachrichten","13":"tag-news","14":"tag-schlagzeilen","15":"tag-united-states","16":"tag-united-states-of-america","17":"tag-us","18":"tag-usa","19":"tag-vereinigte-staaten","20":"tag-vereinigte-staaten-von-amerika"},"share_on_mastodon":{"url":"https:\/\/pubeurope.com\/@de\/115632124964759409","error":""},"_links":{"self":[{"href":"https:\/\/www.europesays.com\/de\/wp-json\/wp\/v2\/posts\/610542","targetHints":{"allow":["GET"]}}],"collection":[{"href":"https:\/\/www.europesays.com\/de\/wp-json\/wp\/v2\/posts"}],"about":[{"href":"https:\/\/www.europesays.com\/de\/wp-json\/wp\/v2\/types\/post"}],"author":[{"embeddable":true,"href":"https:\/\/www.europesays.com\/de\/wp-json\/wp\/v2\/users\/2"}],"replies":[{"embeddable":true,"href":"https:\/\/www.europesays.com\/de\/wp-json\/wp\/v2\/comments?post=610542"}],"version-history":[{"count":0,"href":"https:\/\/www.europesays.com\/de\/wp-json\/wp\/v2\/posts\/610542\/revisions"}],"wp:featuredmedia":[{"embeddable":true,"href":"https:\/\/www.europesays.com\/de\/wp-json\/wp\/v2\/media\/610543"}],"wp:attachment":[{"href":"https:\/\/www.europesays.com\/de\/wp-json\/wp\/v2\/media?parent=610542"}],"wp:term":[{"taxonomy":"category","embeddable":true,"href":"https:\/\/www.europesays.com\/de\/wp-json\/wp\/v2\/categories?post=610542"},{"taxonomy":"post_tag","embeddable":true,"href":"https:\/\/www.europesays.com\/de\/wp-json\/wp\/v2\/tags?post=610542"}],"curies":[{"name":"wp","href":"https:\/\/api.w.org\/{rel}","templated":true}]}}