{"id":610615,"date":"2025-11-29T09:34:22","date_gmt":"2025-11-29T09:34:22","guid":{"rendered":"https:\/\/www.europesays.com\/de\/610615\/"},"modified":"2025-11-29T09:34:22","modified_gmt":"2025-11-29T09:34:22","slug":"einsamkeit-war-schon-immer-ein-thema-der-menschheit","status":"publish","type":"post","link":"https:\/\/www.europesays.com\/de\/610615\/","title":{"rendered":"Einsamkeit war schon immer ein Thema der Menschheit"},"content":{"rendered":"<p><b>rbb: Wie ist es in der Advents- oder Weihnachtszeit?<\/b><\/p>\n<p><b>M\u00fcller: <\/b>Gerade in den Weihnachtstagen sind die Dienste immer ausgebucht, weil so viele positive R\u00fcckmeldungen kommen. Man denkt eigentlich, Weihnachten kommen immer ganz traurige Anrufe. Die kommen \u2013 aber meistens erst am zweiten Weihnachtsfeiertag, wenn der Stress in den Familien beginnt. Aber viele Menschen halten R\u00fcckschau, was in dem Jahr war. Und Anrufende erinnern sich an Krisensituationen, und dass sie die Telefonsaison damals angerufen hatten und eine Idee f\u00fcr sich entwickeln konnten. Da kriegen wir ganz viel Dankesch\u00f6n.<\/p>\n<p>Wir haben mal einen Brief von einer Frau bekommen, die Anfang des Jahres angerufen hatte, weil sie ungewollt schwanger war. Nach dem Gespr\u00e4ch hat sie entschieden, dass sie das Kind haben will. Sie hat sich in ihren Sorgen und N\u00f6ten verstanden gef\u00fchlt, und f\u00fchlte sich ermutigt. Und sie hat sich bedankt und ein Foto geschickt und geschrieben, das ist \u00fcberhaupt das Gl\u00fccklichste, das Sch\u00f6nste \u00fcberhaupt in meinem Leben, dass ich dieses Kind bekommen habe. Und da, finde ich, da lohnt es, das ist toll, wenn man sowas erleben kann.<\/p>\n","protected":false},"excerpt":{"rendered":"rbb: Wie ist es in der Advents- oder Weihnachtszeit? M\u00fcller: Gerade in den Weihnachtstagen sind die Dienste immer&hellip;\n","protected":false},"author":2,"featured_media":610616,"comment_status":"","ping_status":"","sticky":false,"template":"","format":"standard","meta":{"footnotes":""},"categories":[1825],"tags":[296,29,30,134295,134296],"class_list":{"0":"post-610615","1":"post","2":"type-post","3":"status-publish","4":"format-standard","5":"has-post-thumbnail","7":"category-berlin","8":"tag-berlin","9":"tag-deutschland","10":"tag-germany","11":"tag-rbb24interview","12":"tag-rbb24tagesschau"},"share_on_mastodon":{"url":"https:\/\/pubeurope.com\/@de\/115632305978820986","error":""},"_links":{"self":[{"href":"https:\/\/www.europesays.com\/de\/wp-json\/wp\/v2\/posts\/610615","targetHints":{"allow":["GET"]}}],"collection":[{"href":"https:\/\/www.europesays.com\/de\/wp-json\/wp\/v2\/posts"}],"about":[{"href":"https:\/\/www.europesays.com\/de\/wp-json\/wp\/v2\/types\/post"}],"author":[{"embeddable":true,"href":"https:\/\/www.europesays.com\/de\/wp-json\/wp\/v2\/users\/2"}],"replies":[{"embeddable":true,"href":"https:\/\/www.europesays.com\/de\/wp-json\/wp\/v2\/comments?post=610615"}],"version-history":[{"count":0,"href":"https:\/\/www.europesays.com\/de\/wp-json\/wp\/v2\/posts\/610615\/revisions"}],"wp:featuredmedia":[{"embeddable":true,"href":"https:\/\/www.europesays.com\/de\/wp-json\/wp\/v2\/media\/610616"}],"wp:attachment":[{"href":"https:\/\/www.europesays.com\/de\/wp-json\/wp\/v2\/media?parent=610615"}],"wp:term":[{"taxonomy":"category","embeddable":true,"href":"https:\/\/www.europesays.com\/de\/wp-json\/wp\/v2\/categories?post=610615"},{"taxonomy":"post_tag","embeddable":true,"href":"https:\/\/www.europesays.com\/de\/wp-json\/wp\/v2\/tags?post=610615"}],"curies":[{"name":"wp","href":"https:\/\/api.w.org\/{rel}","templated":true}]}}