{"id":610624,"date":"2025-11-29T09:40:18","date_gmt":"2025-11-29T09:40:18","guid":{"rendered":"https:\/\/www.europesays.com\/de\/610624\/"},"modified":"2025-11-29T09:40:18","modified_gmt":"2025-11-29T09:40:18","slug":"vanessa-verhindert-jans-reise-aus-diesem-furchtbaren-grund","status":"publish","type":"post","link":"https:\/\/www.europesays.com\/de\/610624\/","title":{"rendered":"Vanessa verhindert Jans Reise \u2013 aus diesem furchtbaren Grund!"},"content":{"rendered":"<p>Aus eigenn\u00fctzigen Gr\u00fcndenVanessa verhindert, dass Imani und Jan verreisen28. November 2025 um 09:56 UhrAWZ-Folge 4836 vom 24.11.25 auf RTL+ (am 01.12.25 im TV)<\/p>\n<p class=\"AnnotatedMarkup-module-scss-module__KC7sFW__paragraph\">Imani erz\u00e4hlt Vanessa, dass Jan gern die Polarlichter sehen w\u00fcrde und <a href=\"https:\/\/www.rtl.de\/sendungen\/alles-was-zaehlt\/awz-spoiler-vanessa-erfaehrt-von-jans-toedlicher-diagnose-id6755799.html\" target=\"_self\" rel=\"noopener\">da er nicht mehr viel Zeit hat<\/a>, sollte er das bald tun. Also will Imani mit ihm nach Lappland fahren, wo die Chancen besonders gut sein sollen, die Polarlichter zu sehen. Fr\u00fcher h\u00e4tte sich Vanessa f\u00fcr die beiden gefreut und ihnen eine tolle Reise gew\u00fcnscht, aber nun nicht mehr. Denn sie hat herausgefunden, dass <a href=\"https:\/\/www.rtl.de\/sendungen\/alles-was-zaehlt\/awz-folge-vom-20-november-im-tv-jans-tod-fuer-richards-leben-vanessa-ist-zerrissen-id6854818.html\" target=\"_self\" rel=\"noopener\">Jan als Herzspender f\u00fcr ihren Vater infrage kommt<\/a> und daher will sie ihn in der N\u00e4he haben \u2013 f\u00fcr den Fall der F\u00e4lle. Und so handelt sie eigenn\u00fctzig und setzt alles daran, Imanis und Jans Reise zu verhindern. Wie sie das genau macht, zeigt das Video oben.<\/p>\n<p>Vanessa hat herausgefunden, dass Jan als Organspender f\u00fcr ihren Vater infrage kommtAnzeige:<\/p>\n<p>Empfehlungen unserer Partner<\/p>\n<p>\u201eAlles was z\u00e4hlt\u201c vor TV-Ausstrahlung auf RTL+ anschauen<img alt=\"Alles was z\u00e4hlt\" fetchpriority=\"auto\" loading=\"lazy\" width=\"615\" height=\"346\" decoding=\"async\" data-nimg=\"1\" class=\"Image-module-scss-module__ad4lTq__image RtlPlusContent-module-scss-module__HqmqMa__image\" style=\"color:transparent\"   src=\"https:\/\/www.europesays.com\/de\/wp-content\/uploads\/2025\/11\/1764409218_367_alles-was-zaehlt.webp.webp\"\/><\/p>\n<p class=\"AnnotatedMarkup-module-scss-module__KC7sFW__paragraph\">Die ganze AWZ-Folge, die am 1. Dezember 2025 im TV l\u00e4uft, k\u00f6nnt ihr bereits eine Woche vorher, also am 24. November 2025 ab 19:40 <a href=\"https:\/\/plus.rtl.de\/video-tv\/serien\/alles-was-zaehlt-146430?utm_source=rtl&amp;utm_content=30003757&amp;utm_medium=owned&amp;utm_campaign=textlink&amp;utm_term=alles-was-zaehlt\" target=\"_blank\" rel=\"noopener\">auf RTL+ streamen<\/a>. Dort stehen neue Folgen von \u201eAlles was z\u00e4hlt\u201c bis zu sieben Tage vor TV-Ausstrahlung zur Verf\u00fcgung.<\/p>\n","protected":false},"excerpt":{"rendered":"Aus eigenn\u00fctzigen Gr\u00fcndenVanessa verhindert, dass Imani und Jan verreisen28. November 2025 um 09:56 UhrAWZ-Folge 4836 vom 24.11.25 auf&hellip;\n","protected":false},"author":2,"featured_media":610625,"comment_status":"","ping_status":"","sticky":false,"template":"","format":"standard","meta":{"footnotes":""},"categories":[1773],"tags":[2303,6261,6259,6262,113217,29,214,59265,30,86333,1806,471,1780,1808,6260,684,215],"class_list":{"0":"post-610624","1":"post","2":"type-post","3":"status-publish","4":"format-standard","5":"has-post-thumbnail","7":"category-serien","8":"tag-alles-was-zaehlt","9":"tag-alles-was-zaehlt-vorschau","10":"tag-awz","11":"tag-awz-vorschau","12":"tag-daniel-noah","13":"tag-deutschland","14":"tag-entertainment","15":"tag-fereba-kone","16":"tag-germany","17":"tag-julia-augustin","18":"tag-serie","19":"tag-serien","20":"tag-series","21":"tag-soap","22":"tag-steinkamp-zentrum","23":"tag-tv","24":"tag-unterhaltung"},"share_on_mastodon":{"url":"https:\/\/pubeurope.com\/@de\/115632331834123005","error":""},"_links":{"self":[{"href":"https:\/\/www.europesays.com\/de\/wp-json\/wp\/v2\/posts\/610624","targetHints":{"allow":["GET"]}}],"collection":[{"href":"https:\/\/www.europesays.com\/de\/wp-json\/wp\/v2\/posts"}],"about":[{"href":"https:\/\/www.europesays.com\/de\/wp-json\/wp\/v2\/types\/post"}],"author":[{"embeddable":true,"href":"https:\/\/www.europesays.com\/de\/wp-json\/wp\/v2\/users\/2"}],"replies":[{"embeddable":true,"href":"https:\/\/www.europesays.com\/de\/wp-json\/wp\/v2\/comments?post=610624"}],"version-history":[{"count":0,"href":"https:\/\/www.europesays.com\/de\/wp-json\/wp\/v2\/posts\/610624\/revisions"}],"wp:featuredmedia":[{"embeddable":true,"href":"https:\/\/www.europesays.com\/de\/wp-json\/wp\/v2\/media\/610625"}],"wp:attachment":[{"href":"https:\/\/www.europesays.com\/de\/wp-json\/wp\/v2\/media?parent=610624"}],"wp:term":[{"taxonomy":"category","embeddable":true,"href":"https:\/\/www.europesays.com\/de\/wp-json\/wp\/v2\/categories?post=610624"},{"taxonomy":"post_tag","embeddable":true,"href":"https:\/\/www.europesays.com\/de\/wp-json\/wp\/v2\/tags?post=610624"}],"curies":[{"name":"wp","href":"https:\/\/api.w.org\/{rel}","templated":true}]}}