{"id":610626,"date":"2025-11-29T09:41:44","date_gmt":"2025-11-29T09:41:44","guid":{"rendered":"https:\/\/www.europesays.com\/de\/610626\/"},"modified":"2025-11-29T09:41:44","modified_gmt":"2025-11-29T09:41:44","slug":"live-ticker-zu-demos-in-giessen-erste-zwischenfaelle","status":"publish","type":"post","link":"https:\/\/www.europesays.com\/de\/610626\/","title":{"rendered":"Live-Ticker zu Demos in Gie\u00dfen: Erste Zwischenf\u00e4lle"},"content":{"rendered":"<p>\n29.11.2025, 10:01 Uhr\n<\/p>\n<p>Live-Ticker zu Demos in Gie\u00dfen &#8211;<br \/>\nErste Zwischenf\u00e4lle bei Protest gegen AfD<\/p>\n<p>\n{&#8222;aspectratio&#8220;:&#8220;9:16&#8243;,&#8220;height&#8220;:&#8220;100%&#8220;,&#8220;width&#8220;:&#8220;100%&#8220;,&#8220;autostart&#8220;:&#8220;false&#8220;,&#8220;primary&#8220;:&#8220;html5&#8243;,&#8220;sources&#8220;:[{&#8222;file&#8220;:&#8220;https:\/\/video.ffh.de\/free\/hdpt\/20251129_afd_jugen_giessen_mini_reel_01_d28.mp4&#8243;,&#8220;label&#8220;:&#8220;HD 720p Portrait&#8220;,&#8220;type&#8220;:&#8220;video\/mp4&#8243;,&#8220;default&#8220;:true},{&#8222;file&#8220;:&#8220;https:\/\/video.ffh.de\/free\/sdpt\/20251129_afd_jugen_giessen_mini_reel_01_d28.mp4&#8243;,&#8220;label&#8220;:&#8220;SD 360p Portrait&#8220;,&#8220;type&#8220;:&#8220;video\/mp4&#8243;,&#8220;default&#8220;:false},{&#8222;file&#8220;:&#8220;https:\/\/video.ffh.de\/free\/lqpt\/20251129_afd_jugen_giessen_mini_reel_01_d28.mp4&#8243;,&#8220;label&#8220;:&#8220;LQ 240p Portrait&#8220;,&#8220;type&#8220;:&#8220;video\/mp4&#8243;,&#8220;default&#8220;:false}],&#8220;preload&#8220;:&#8220;none&#8220;,&#8220;logo&#8220;:{&#8222;hide&#8220;:&#8220;false&#8220;,&#8220;position&#8220;:&#8220;top-left&#8220;,&#8220;file&#8220;:&#8220;https:\/\/static.ffh.de\/fileadmin\/templates\/ffh.de\/images\/layout\/watermark-top.png&#8220;},&#8220;image&#8220;:&#8220;https:\/\/static.ffh.de\/fileadmin\/_processed_\/0\/f\/csm_protest-giessen2-dpa_9a8cdfebec.jpg&#8220;,&#8220;portraitImage&#8220;:&#8220;https:\/\/static.ffh.de\/fileadmin\/_processed_\/f\/9\/csm_251129_afd_proteste_mini_reel_01_7c3832708b.jpg&#8220;,&#8220;stretching&#8220;:&#8220;fill&#8220;,&#8220;title&#8220;:&#8220;Live-Ticker zu Demos in Gie\\u00dfen: Erste Zwischenf\\u00e4lle&#8220;,&#8220;topic&#8220;:{&#8222;id&#8220;:&#8220;-1&#8243;,&#8220;headline&#8220;:&#8220;Live-Ticker zu Demos in Gie\\u00dfen&#8220;,&#8220;subline&#8220;:&#8220;Erste Zwischenf\\u00e4lle bei Protest gegen AfD&#8220;,&#8220;uid&#8220;:&#8220;452270&#8243;},&#8220;portrait&#8220;:true,&#8220;repeat&#8220;:&#8220;true&#8220;,&#8220;highlight&#8220;:[]}\n<\/p>\n<p>Proteste gegen die Gr\u00fcndung einer neuen AfD-Jugendorganisation am fr\u00fchen Samstagmorgen in Gie\u00dfen.<\/p>\n<p><strong>Am Wochenende herrscht Ausnahmezustand in Gie\u00dfen. Heute und morgen will die AfD ihre Jugendorganisation in den Hessenhallen in Gie\u00dfen gr\u00fcnden.<\/strong><\/p>\n<p>Bis zu 50.000 Menschen werden bei den Demos gegen die Neugr\u00fcndung der AfD-Jugendorganisation erwartet. Die Stadt Gie\u00dfen und die Polizei haben gro\u00dfe Sicherheitsbedenken und das ganze Wochenende \u00fcber im Einsatz.<\/p>\n<p>Sicherheitskonzept der Stadt und Polizei<\/p>\n<p>Aus gro\u00dfer Sorge vor Ausschreitungen w\u00e4hrend der Demonstrationen, hat die Stadt ein Sicherheitskonzept mit Fachleuten und der Polizei entwickelt. Verschiedene Situationen und m\u00f6gliche Szenarien werden durchgesprochen, um vorbereitet zu sein. Auch die Feuerwehr und Rettungsdienste sind im Einsatz.<\/p>\n<p>Wir sind live vor Ort und informieren euch \u00fcber alle Entwicklungen im hier Live-Ticker:<\/p>\n<p>+++ Viele friedliche Proteste +++<\/p>\n<p class=\"legalnote\">9:36 Uhr<\/p>\n<p>Neben den Zwischenf\u00e4llen gibt es auch viel friedlichen Protest. Dieses Foto hat unser Reporter in Gie\u00dfen Oswaldsgarten aufgenommen.<\/p>\n<p><img decoding=\"async\" class=\"wideImage lazyload\" src=\"https:\/\/www.europesays.com\/de\/wp-content\/uploads\/2025\/11\/csm_20251129_AfD_Protest_Oswaldsgarten_8ea0fcf1e4.jpeg\" alt=\"\"\/><\/p>\n<p>\n\u00a9 FFH\n<\/p>\n<p>Protest in Gie\u00dfen-Oswaldsgarten<\/p>\n<p>+++ Wasserwerfer im Einsatz +++<\/p>\n<p class=\"legalnote\">9:17 Uhr<\/p>\n<p>Eine Blockade mit rund 2000 Personen an der B49 ist ger\u00e4umt worden. Daf\u00fcr kam ein Wasserwerfer zum Einsatz, so die Polizei.<\/p>\n<p><img decoding=\"async\" class=\"wideImage lazyload\" src=\"https:\/\/www.europesays.com\/de\/wp-content\/uploads\/2025\/11\/csm_561102140_Wasserwerfer_AfDProtest_Giessen_687e673da9.jpg\" alt=\"\"\/><\/p>\n<p>\n\u00a9 dpa\n<\/p>\n<p>Blockade der B429 nahe der Lahnbr\u00fccke: Polizei setzt Wasserwerfer ein.<\/p>\n<p>+++ Autos angehalten und besch\u00e4digt +++<\/p>\n<p class=\"legalnote\">9:16 Uhr<\/p>\n<p>Autofahrer sollten die L3020 in Lahnau-Atzbach meiden. Nach Angaben der Polizei halten Personen aus einer Stra\u00dfenblockade heraus Fahrzeuge an und besch\u00e4digen diese.<\/p>\n<p>+++ Flaschenw\u00fcrfe auf Konrad-Adenauer-Br\u00fccke +++<\/p>\n<p class=\"legalnote\">9:13 Uhr<\/p>\n<p>Auf der Konrad-Adenauer-Br\u00fccke in Gie\u00dfen wurden Einsatzkr\u00e4fte nach eigenen Angaben mit Flaschen beworfen.<\/p>\n<p>+++ Gro\u00dfe DGB-Kundgebung gestartet +++<\/p>\n<p class=\"legalnote\">9:06 Uhr<\/p>\n<p>In der Innenstadt ist die voraussichtlich gr\u00f6\u00dfte Kundgebung des heutigen Tages gestartet. Angemeldet hat die Aktion der Deutsche Gewerkschaftsbund. Nach Angaben der Polizei werden rund 30.000 Teilnehmer erwartet.\u00a0<\/p>\n<p>+++ B<strong>esch\u00e4digte Fahrzeuge und Laternen<\/strong> in L\u00fctzellinden +++<\/p>\n<p class=\"legalnote\">9:04 Uhr<\/p>\n<p>Protestierende haben bei L\u00fctzellinden geparkte Fahrzeuge und Laternen besch\u00e4digt. Die Verantwortlichen kamen aus einer Gruppe von rund 2.000 Personen heraus, wie die Polizei mitteilte.\u00a0<\/p>\n<p><strong>+++ Zusammenst\u00f6\u00dfe mit der Polizei +++<\/strong><\/p>\n<p class=\"legalnote\">8:52 Uhr<\/p>\n<p>Inzwischen gibt es Berichte von kleineren Zusammenst\u00f6\u00dfen zwischen der Polizei und Demonstranten. Eine gr\u00f6\u00dfere Gruppe soll am Morgen versucht haben, eine Polizeiabsperrung an einem Umspannwerk vor Gie\u00dfen zu durchbrechen. Einsatzkr\u00e4fte h\u00e4tten das weitere Vordringen verhindert, dabei sei ein Beamter leicht verletzt worden. Teils seien Polizisten mit Steinen beworfen worden, sagt die Polizei.<\/p>\n<p><img decoding=\"async\" class=\"wideImage lazyload\" src=\"https:\/\/www.europesays.com\/de\/wp-content\/uploads\/2025\/11\/csm_protest-giessen-zusammenstoesse-dpa_b537d4b8d9.jpg\" alt=\"\"\/><\/p>\n<p>\n\u00a9 dpa\n<\/p>\n<p>Zusammenst\u00f6\u00dfe von Demonstranten und Polizei auf der Gie\u00dfener Stra\u00dfe in Heuchelheim, nachdem die Demonstranten von der angemeldeten Route abgewichen waren.<\/p>\n<p>+++ Bereits tausende Demonstranten +++<\/p>\n<p class=\"legalnote\">8:14 Uhr<\/p>\n<p>Die Polizei spricht heute Morgen bereits von mehreren tausend Demonstranten. Unsere Reporterin hat mit einigen gesprochen. Einige sind aus ganz Deutschland angereist.<\/p>\n<p class=\"audioHeadline\"><b>Demonstranten: &#8222;Wir wollen Toleranz, Offenheit&#8220;<\/b><\/p>\n<p>Am FFH-Mikro erz\u00e4hlen mehrere Menschen, warum Sie gegen die Neugr\u00fcndung der der neuen AfD-Jugendorganisation auf die Stra\u00dfe gehen.<\/p>\n<p class=\"legalnote\">Automatisch erstellte Abschrift des Audios:<\/p>\n<p>Wir kommen aus Reichesheim in der Wetterau und wir sind hier, um zu demonstrieren gegen die Gr\u00fcndung. Es ist wichtig, damit unsere Gesellschaft weiterhin vielf\u00e4ltig ist. Ich komme urspr\u00fcnglich aus Leipzig, aber sonst bin ich hier Studentin aus Gie\u00dfen. Wir wollen hier keine Rechtsradikalen, wir wollen Toleranz, Offenheit und daf\u00fcr steht die Neugr\u00fcndung nicht und daf\u00fcr sind wir dagegen. Es gab ja schon mal eine AfD-Jugend, die wurde danach aufgel\u00f6st, weil sie als gesichertes Rechtssystem eingestuft wurde. Ich komme aus Freiburg. F\u00fcr mich ist es immer ziemlich toll zu sehen, dass so viele zusammen hierher kommen und dagegen k\u00e4mpfen. Das ermutigt einen mega und ist irgendwie auch voll das empowernde Gef\u00fchl f\u00fcr mich.<\/p>\n<p>+++ So kommt ihr durch Gie\u00dfen +++<\/p>\n<p class=\"legalnote\">7:59 Uhr<\/p>\n<p>Wegen der geplanten Demonstrationen sind von der Polizei zahlreiche Stra\u00dfen in Gie\u00dfen gesperrt. Wie ihr trotzdem durch Gie\u00dfen kommt, <a href=\"https:\/\/www.ffh.de\/nachrichten\/hessen\/mittelhessen\/451935-demo-wochenende-in-giessen-das-muessen-sie-wissen.html\" rel=\"nofollow noopener\" target=\"_blank\">haben wir hier f\u00fcr euch zusammengefasst<\/a>.<\/p>\n<p><a href=\"https:\/\/www.ffh.de\/nachrichten\/hessen\/mittelhessen\/451935-demo-wochenende-in-giessen-das-muessen-sie-wissen.html\" rel=\"nofollow noopener\" target=\"_blank\"><\/p>\n<p><img decoding=\"async\" class=\"lazyload\" src=\"https:\/\/www.europesays.com\/de\/wp-content\/uploads\/2025\/11\/csm_polizei-strassensperre-symbolbild-dpa_2897061b1c.jpg\" alt=\"AfD Demo-Wochenende in Gie\u00dfen: Das m\u00fcsst ihr wissen\"\/><\/p>\n<p><\/a><\/p>\n<p>+++ Erste Stra\u00dfenblockaden in und rund um Gie\u00dfen +++<\/p>\n<p class=\"legalnote\">7:18 Uhr<\/p>\n<p>Rund um Gie\u00dfen haben Demonstranten einige Autobahnen, Bundes- und Landesstra\u00dfen \u201cmassiv\u201d blockiert, teilte die Polizei mit. In Gie\u00dfen selbst blockiere ein Bus einen Kreisverkehr.<\/p>\n<p>+++ Lage am Bahnhof friedlich +++<\/p>\n<p class=\"legalnote\">6:30 Uhr<\/p>\n<p>Der Bahnhof in Gie\u00dfen f\u00fcllt sich, besonders viele junge Menschen sind angereist, berichtet unsere Reporterin vor Ort. Die Stimmung ist friedlich.<\/p>\n<p><img decoding=\"async\" class=\"wideImage lazyload\" src=\"https:\/\/www.europesays.com\/de\/wp-content\/uploads\/2025\/11\/csm_20251129_Protest_gegen_AfD_Jugend_Giessen_FFH_97b22246be.jpeg\" alt=\"\"\/><\/p>\n<p>\n\u00a9 HIT RADIO FFH\n<\/p>\n<p>Schon am fr\u00fchen Morgen versammelten sich zahlreiche Protestierende in der Stadt.<\/p>\n<p>+++ Erste AfD-Gegner eingetroffen +++<\/p>\n<p class=\"legalnote\">6:00 Uhr<\/p>\n<p>Die ersten Menschen kommen in Gie\u00dfen an um gegen die Neugr\u00fcndung der AfD zu demonstrieren. Vereinzelt seien sie im Stadtgebiet unterwegs, so eine Polizeisprecherin. Die Nacht und der Morgen seien ansonsten bisher ruhig verlaufen.\u00a0<\/p>\n<p>Zuvor hatte die Polizei auf Verkehrsbehinderungen auf den Stra\u00dfen in Gie\u00dfen und Umgebung durch die Anreise hingewiesen. Es werde eine sehr gro\u00dfe Zahl von Reisebussen erwartet, f\u00fcr die ausreichend Busparkpl\u00e4tze in der Ringallee bereitst\u00fcnden, hie\u00df es weiter.<\/p>\n","protected":false},"excerpt":{"rendered":"29.11.2025, 10:01 Uhr Live-Ticker zu Demos in Gie\u00dfen &#8211; Erste Zwischenf\u00e4lle bei Protest gegen AfD {&#8222;aspectratio&#8220;:&#8220;9:16&#8243;,&#8220;height&#8220;:&#8220;100%&#8220;,&#8220;width&#8220;:&#8220;100%&#8220;,&#8220;autostart&#8220;:&#8220;false&#8220;,&#8220;primary&#8220;:&#8220;html5&#8243;,&#8220;sources&#8220;:[{&#8222;file&#8220;:&#8220;https:\/\/video.ffh.de\/free\/hdpt\/20251129_afd_jugen_giessen_mini_reel_01_d28.mp4&#8243;,&#8220;label&#8220;:&#8220;HD 720p Portrait&#8220;,&#8220;type&#8220;:&#8220;video\/mp4&#8243;,&#8220;default&#8220;:true},{&#8222;file&#8220;:&#8220;https:\/\/video.ffh.de\/free\/sdpt\/20251129_afd_jugen_giessen_mini_reel_01_d28.mp4&#8243;,&#8220;label&#8220;:&#8220;SD&hellip;\n","protected":false},"author":2,"featured_media":610627,"comment_status":"","ping_status":"","sticky":false,"template":"","format":"standard","meta":{"footnotes":""},"categories":[1772],"tags":[29,214,30,1779,810,215],"class_list":{"0":"post-610626","1":"post","2":"type-post","3":"status-publish","4":"format-standard","5":"has-post-thumbnail","7":"category-musik","8":"tag-deutschland","9":"tag-entertainment","10":"tag-germany","11":"tag-music","12":"tag-musik","13":"tag-unterhaltung"},"share_on_mastodon":{"url":"https:\/\/pubeurope.com\/@de\/115632337971097674","error":""},"_links":{"self":[{"href":"https:\/\/www.europesays.com\/de\/wp-json\/wp\/v2\/posts\/610626","targetHints":{"allow":["GET"]}}],"collection":[{"href":"https:\/\/www.europesays.com\/de\/wp-json\/wp\/v2\/posts"}],"about":[{"href":"https:\/\/www.europesays.com\/de\/wp-json\/wp\/v2\/types\/post"}],"author":[{"embeddable":true,"href":"https:\/\/www.europesays.com\/de\/wp-json\/wp\/v2\/users\/2"}],"replies":[{"embeddable":true,"href":"https:\/\/www.europesays.com\/de\/wp-json\/wp\/v2\/comments?post=610626"}],"version-history":[{"count":0,"href":"https:\/\/www.europesays.com\/de\/wp-json\/wp\/v2\/posts\/610626\/revisions"}],"wp:featuredmedia":[{"embeddable":true,"href":"https:\/\/www.europesays.com\/de\/wp-json\/wp\/v2\/media\/610627"}],"wp:attachment":[{"href":"https:\/\/www.europesays.com\/de\/wp-json\/wp\/v2\/media?parent=610626"}],"wp:term":[{"taxonomy":"category","embeddable":true,"href":"https:\/\/www.europesays.com\/de\/wp-json\/wp\/v2\/categories?post=610626"},{"taxonomy":"post_tag","embeddable":true,"href":"https:\/\/www.europesays.com\/de\/wp-json\/wp\/v2\/tags?post=610626"}],"curies":[{"name":"wp","href":"https:\/\/api.w.org\/{rel}","templated":true}]}}