{"id":610630,"date":"2025-11-29T09:47:34","date_gmt":"2025-11-29T09:47:34","guid":{"rendered":"https:\/\/www.europesays.com\/de\/610630\/"},"modified":"2025-11-29T09:47:34","modified_gmt":"2025-11-29T09:47:34","slug":"chikungunya-in-kuba-25-kinder-in-kritischem-zustand-epidemie-weitet-sich-aus","status":"publish","type":"post","link":"https:\/\/www.europesays.com\/de\/610630\/","title":{"rendered":"Chikungunya in Kuba: 25 Kinder in kritischem Zustand \u2013 Epidemie weitet sich aus"},"content":{"rendered":"<p>\n<strong>In Kuba breitet sich die Chikungunya-Epidemie weiter aus: 25 Kinder, vor allem S\u00e4uglinge und Neugeborene, befinden sich in kritischem Zustand, insgesamt 107 Personen liegen auf Intensivstationen. Die Zahl der best\u00e4tigten F\u00e4lle stieg auf \u00fcber 37.000, gleichzeitig stellt Dengue eine zus\u00e4tzliche Gesundheitsgefahr dar.\u00a0<\/strong>\n<\/p>\n<p>\n29.11.2025 09:40 Uhr\u00a0\n<\/p>\n<p><img loading=\"lazy\" decoding=\"async\" src=\"https:\/\/www.europesays.com\/de\/wp-content\/uploads\/2025\/11\/471d4e8104554a8c803836e40144e77c.gif\" width=\"1\" height=\"1\" alt=\"\"\/><\/p>\n<p><img decoding=\"async\" style=\"display: none\" src=\"https:\/\/www.europesays.com\/de\/wp-content\/uploads\/2025\/11\/1764409654_970_maxresdefault.jpg\"\/><\/p>\n<p>Die Gesundheitsbeh\u00f6rden Kubas stehen angesichts eines stark zunehmenden Ausbruchs von Chikungunya vor wachsenden Herausforderungen. Das Ministerium f\u00fcr \u00f6ffentliche Gesundheit (Minsap) best\u00e4tigte, dass bis zum 27. November 2025 insgesamt 25 Kinder unter 18 Jahren, vor allem S\u00e4uglinge und Neugeborene, in kritischem Zustand aufgrund der durch das Virus verursachten Erkrankung behandelt werden. Damit sind sie Teil der insgesamt 107 Personen, die derzeit auf Intensivstationen betreut werden, darunter 79 in schwerem Zustand, wozu auch 11 Erwachsene \u00fcber 18 Jahre z\u00e4hlen.<\/p>\n<p>Die Vizegesundheitsministerin Carilda Pe\u00f1a wies darauf hin, dass die Situation bei Kindern besonders besorgniserregend sei, da sie 28 Prozent der kritischen F\u00e4lle ausmachen. Neugeborene seien besonders gef\u00e4hrdet, da Komplikationen in den ersten Lebenstagen h\u00e4ufig eine intensive medizinische Betreuung erfordern.<\/p>\n<p>Insgesamt wurden bislang 37.194 Chikungunya-F\u00e4lle best\u00e4tigt, mit einem j\u00fcngsten Anstieg von 826 neuen Erkrankungen binnen eines Tages. Aufgrund begrenzter Testkapazit\u00e4ten konnten bislang lediglich 1.177 F\u00e4lle mittels PCR gesichert nachgewiesen werden. Besonders betroffen sind die Provinzen Santiago de Cuba und Ciego de \u00c1vila, in denen weiterhin eine hohe Zahl fieberhafter Patienten registriert wird. Allein am vergangenen Donnerstag wurden 6.793 neue F\u00e4lle gemeldet, von denen 88 Prozent medizinisch versorgt und 9,5 Prozent station\u00e4r behandelt wurden. Insgesamt zeigen derzeit 43.911 Menschen spezifische Fiebersymptome, was das Gesundheitssystem erheblich belastet.<\/p>\n<p>Die Bek\u00e4mpfung des Aedes-aegypti-Moskitos, des Haupt\u00fcbertr\u00e4gers des Virus, bleibt eine zentrale Ma\u00dfnahme zur Eind\u00e4mmung des Ausbruchs. Der Minsap berichtete von einer Erf\u00fcllung des Fumigationsplans von 96 Prozent, dennoch bleiben viele Moskitoherde aktiv: Am gestrigen Tag wurden 416 neue Brutst\u00e4tten identifiziert.<\/p>\n<p>Parallel dazu zirkuliert auch Dengue in Kuba. Zwar ist die Zahl der best\u00e4tigten Dengue-F\u00e4lle geringer als bei Chikungunya, jedoch stieg die Positivrate der Tests zuletzt auf 24,6 Prozent (vorher 18,5 Prozent). Besonders betroffen sind die Provinzen Pil\u00f3n del R\u00edo, Holgu\u00edn, Matanzas und Mayabeque mit insgesamt 351 kumulierten F\u00e4llen. Insgesamt wurden 1.844 Verdachtsf\u00e4lle gemeldet, wobei die Infektionslage regional stark variiert.<\/p>\n<p>Die Vizegesundheitsministerin versuchte, die Situation zu relativieren, indem sie auf die regionale Dimension des Ausbruchs hinwies: 18 L\u00e4nder in Lateinamerika und der Karibik melden derzeit Chikungunya-F\u00e4lle. Pe\u00f1a betonte jedoch die besondere Vulnerabilit\u00e4t der kubanischen Bev\u00f6lkerung, die bislang kaum Erfahrung mit dem Virus hat.<\/p>\n<p>Die aktuelle Lage verdeutlicht die Dringlichkeit koordinierter Pr\u00e4ventionsma\u00dfnahmen. Neben verst\u00e4rkten Fumigationen sind weiterhin Aufkl\u00e4rungskampagnen zur Vermeidung von Moskito-Kontakt und fr\u00fchzeitigen Arztbesuchen essenziell, um die Ausbreitung der beiden Arboviren einzud\u00e4mmen.\u200b<\/p>\n","protected":false},"excerpt":{"rendered":"In Kuba breitet sich die Chikungunya-Epidemie weiter aus: 25 Kinder, vor allem S\u00e4uglinge und Neugeborene, befinden sich in&hellip;\n","protected":false},"author":2,"featured_media":610631,"comment_status":"","ping_status":"","sticky":false,"template":"","format":"standard","meta":{"footnotes":""},"categories":[137],"tags":[1349,12960,29,30,141,12962,12961,232,6461,4047,12963,2249,14,2059,15],"class_list":{"0":"post-610630","1":"post","2":"type-post","3":"status-publish","4":"format-standard","5":"has-post-thumbnail","7":"category-gesundheit","8":"tag-aktuelles","9":"tag-cuba","10":"tag-deutschland","11":"tag-germany","12":"tag-gesundheit","13":"tag-havana","14":"tag-havanna","15":"tag-health","16":"tag-heute","17":"tag-kuba","18":"tag-la-habana","19":"tag-meldungen","20":"tag-nachrichten","21":"tag-neues","22":"tag-news"},"share_on_mastodon":{"url":"https:\/\/pubeurope.com\/@de\/115632357681291800","error":""},"_links":{"self":[{"href":"https:\/\/www.europesays.com\/de\/wp-json\/wp\/v2\/posts\/610630","targetHints":{"allow":["GET"]}}],"collection":[{"href":"https:\/\/www.europesays.com\/de\/wp-json\/wp\/v2\/posts"}],"about":[{"href":"https:\/\/www.europesays.com\/de\/wp-json\/wp\/v2\/types\/post"}],"author":[{"embeddable":true,"href":"https:\/\/www.europesays.com\/de\/wp-json\/wp\/v2\/users\/2"}],"replies":[{"embeddable":true,"href":"https:\/\/www.europesays.com\/de\/wp-json\/wp\/v2\/comments?post=610630"}],"version-history":[{"count":0,"href":"https:\/\/www.europesays.com\/de\/wp-json\/wp\/v2\/posts\/610630\/revisions"}],"wp:featuredmedia":[{"embeddable":true,"href":"https:\/\/www.europesays.com\/de\/wp-json\/wp\/v2\/media\/610631"}],"wp:attachment":[{"href":"https:\/\/www.europesays.com\/de\/wp-json\/wp\/v2\/media?parent=610630"}],"wp:term":[{"taxonomy":"category","embeddable":true,"href":"https:\/\/www.europesays.com\/de\/wp-json\/wp\/v2\/categories?post=610630"},{"taxonomy":"post_tag","embeddable":true,"href":"https:\/\/www.europesays.com\/de\/wp-json\/wp\/v2\/tags?post=610630"}],"curies":[{"name":"wp","href":"https:\/\/api.w.org\/{rel}","templated":true}]}}