{"id":610638,"date":"2025-11-29T09:52:16","date_gmt":"2025-11-29T09:52:16","guid":{"rendered":"https:\/\/www.europesays.com\/de\/610638\/"},"modified":"2025-11-29T09:52:16","modified_gmt":"2025-11-29T09:52:16","slug":"pleite-wegen-streit-start-up-fuer-getraenke-gegen-kater-insolvent-news","status":"publish","type":"post","link":"https:\/\/www.europesays.com\/de\/610638\/","title":{"rendered":"Pleite wegen Streit: Start-up f\u00fcr Getr\u00e4nke gegen Kater insolvent | News"},"content":{"rendered":"<p>M\u00fcnchen \u2013 <b>Das Energiegetr\u00e4nk soll nach k\u00f6rperlicher Anstrengung, Hitze, Alkoholkonsum oder einer wilden Partynacht den K\u00f6rper wieder mit wichtigen Mineralstoffen versorgen. Aber jetzt ist dem Hersteller nach langer Streiterei die Puste ausgegangen.<\/b><\/p>\n<p>Erst im September 2021 kamen Produkte des M\u00fcnchner Getr\u00e4nke-Start-ups \u201eHydr8\u201c auf den Markt. Firmengr\u00fcnder Benjamin Schwarz (29): \u201e2018 sa\u00df ich mit Kumpels zusammen und wir waren gerade dabei, ein paar Bier zu vernichten. Zu dem Zeitpunkt litt ich nach einer wilden Nacht immer an einem Dreitageskater.\u201c Gescherzt wurde \u00fcber ein Mittel, <a href=\"https:\/\/www.bild.de\/ratgeber\/2018\/gesundheit\/was-hilft-gegen-kater-mediziner-ueber-mythen-zum-trinken-von-alkohol-59278258.bild.html\" class=\"text-link\" target=\"_blank\" rel=\"noopener\">den Kater zu besiegen<\/a> \u2013 und in der Studentenbude eine Gesch\u00e4ftsidee geboren.<\/p>\n<p>Start-up sucht nach Investoren<\/p>\n<p>Mittlerweile werden nach Firmenangaben bundesweit \u00fcber 6000 Verkaufsstellen (unter anderem Rewe und Edeka) beliefert, mehr als 2,5 Millionen \u201eHydr8\u201c-Flaschen sollen verkauft worden sein. Nun droht auch schon wieder das Ende der Erfolgsgeschichte \u2013 <a href=\"https:\/\/www.bild.de\/themen\/specials\/insolvenz\/finanzen-nachrichten-news-fotos-videos-21175522.bild.html\" class=\"text-link\" target=\"_blank\" rel=\"noopener\">Insolvenz<\/a>!<\/p>\n<p><img decoding=\"async\" width=\"992\" height=\"1178\" alt=\"Viele deutsche Superm\u00e4rkte f\u00fchren das Getr\u00e4nk\" src=\"https:\/\/www.europesays.com\/de\/wp-content\/uploads\/2025\/11\/a0b8d4d85abcf2de540b0b10175b8bdc,48b54038\"   class=\"portrait\" loading=\"lazy\"\/><\/p>\n<p class=\"fig__caption__text\">Viele deutsche Superm\u00e4rkte f\u00fchren das Getr\u00e4nk<\/p>\n<p>Foto: picture alliance \/ M.i.S.<\/p>\n<p>Auf BILD-Anfrage best\u00e4tigte Schwarz als Grund \u201estrukturelle Spannungen\u201c im <a href=\"https:\/\/www.bild.de\/themen\/organisationen\/unternehmen\/news-fotos-videos-5n9Nevv68FAFS89DJteg\" class=\"text-link\" target=\"_blank\" rel=\"noopener\">Unternehmen<\/a>. Ihm geh\u00f6ren 51 Prozent der Anteile, der Rest der Bau Invest GmbH aus Bad Krozingen. Der 29-J\u00e4hrige: \u201eEs hat sich einfach ergeben, dass man nicht mehr auf einen gemeinsamen Nenner kam. Wir arbeiten aber an einer L\u00f6sung.\u201c<\/p>\n<p><img decoding=\"async\" width=\"992\" height=\"558\" alt=\"Beim Sport verliert der K\u00f6rper wertvolle Mineralien. Energydrinks soll den K\u00f6rper wieder damit auff\u00fcllen\" src=\"https:\/\/www.europesays.com\/de\/wp-content\/uploads\/2025\/11\/2f22b2fc1313d9a9db94e3ce84c91d4b,76c73a8a\"   class=\"landscape\" loading=\"lazy\"\/><\/p>\n<p class=\"fig__caption__text\">Beim Sport verliert der K\u00f6rper wertvolle Mineralien, der Elektrolyte-Drink soll gegensteuern<\/p>\n<p>Foto: Getty Images<\/p>\n<p>Derzeit sind zwei Wege aus der Misere denkbar: entweder neue Geldgeber oder die geordnete Abwicklung \u00fcber das Insolvenzverfahren. Produktion und Lieferketten sollen aber vorerst normal weiterlaufen.<\/p>\n<p>Mehr zum ThemaSo soll es nach der Insolvenz weitergehen<\/p>\n<p>Bei der Suche nach Geldgebern steht dem Unternehmen Rechtsanwalt Robert H\u00e4nel aus Augsburg zur Seite. Er wurde vom Amtsgericht als Insolvenzverwalter eingesetzt. Der zeigt sich optimistisch, erkl\u00e4rte gegen\u00fcber BILD: \u201eDas Produkt ist zukunftsf\u00e4hig.\u201c Gesucht werden neue Investoren, um ein tragf\u00e4higes Konzept f\u00fcr das <a href=\"https:\/\/www.bild.de\/themen\/specials\/getraenke\/news-fotos-videos-17007662.bild.html\" class=\"text-link\" target=\"_blank\" rel=\"noopener\">Getr\u00e4nk<\/a> mit aktuell drei Geschmacksrichtungen zu finden.<\/p>\n<p>Sechs Mitarbeiter bangen am Standort in <a href=\"https:\/\/www.bild.de\/regional\/muenchen\/muenchen-regional\/home-16344438.bild.html\" class=\"text-link\" target=\"_blank\" rel=\"noopener\">M\u00fcnchen<\/a> dennoch um ihre Jobs. Firmengr\u00fcnder Schwarz will nicht kampflos aufgeben, glaubt fest an seine Gesch\u00e4ftsidee und sein Produkt: \u201eMein Ziel ist es, das Unternehmen selbst fortzuf\u00fchren.\u201c Beim Durchhalten k\u00f6nnte ihm jetzt vielleicht der eigene Energydrink helfen\u00a0\u2026<\/p>\n<p>Frank Thelen gesteht: Ich k\u00e4mpfte mit der Privatinsolvenz<a class=\"anchor video-teaser__anchor\" href=\"https:\/\/www.bild.de\/leben-wissen\/mein-geld-finanzportal\/frank-thelens-privatinsolvenz-gestaendnis-682cce15ab6dcf6ccbb956e7\" target=\"_blank\" rel=\"noopener\"><img decoding=\"async\" width=\"992\" height=\"558\" alt=\"Frank Thelen gesteht: Ich k\u00e4mpfte mit der Privatinsolvenz\" src=\"https:\/\/www.europesays.com\/de\/wp-content\/uploads\/2025\/08\/358a4efab7442b7b62cb3c25604b95ce,d98b6d83\"   class=\"landscape teaser__image\" loading=\"lazy\"\/><\/a><\/p>\n<p>Quelle: BILD 11.11.2025<\/p>\n","protected":false},"excerpt":{"rendered":"M\u00fcnchen \u2013 Das Energiegetr\u00e4nk soll nach k\u00f6rperlicher Anstrengung, Hitze, Alkoholkonsum oder einer wilden Partynacht den K\u00f6rper wieder mit&hellip;\n","protected":false},"author":2,"featured_media":610639,"comment_status":"","ping_status":"","sticky":false,"template":"","format":"standard","meta":{"footnotes":""},"categories":[134],"tags":[175,170,169,29,1024,117548,30,141,10903,1551,171,174,23512,1268,1371,872,265,16652,428,2127,925,45,173,172],"class_list":{"0":"post-610638","1":"post","2":"type-post","3":"status-publish","4":"format-standard","5":"has-post-thumbnail","7":"category-unternehmen-maerkte","8":"tag-business","9":"tag-companies","10":"tag-companies-markets","11":"tag-deutschland","12":"tag-edeka","13":"tag-energy-drink","14":"tag-germany","15":"tag-gesundheit","16":"tag-getraenke","17":"tag-insolvenz","18":"tag-markets","19":"tag-maerkte","20":"tag-mineralstoffe","21":"tag-muenchen","22":"tag-pleite","23":"tag-rewe","24":"tag-sport","25":"tag-stanger-ralph","26":"tag-start-up","27":"tag-streit","28":"tag-supermarkt","29":"tag-texttospeech","30":"tag-unternehmen","31":"tag-unternehmen-maerkte"},"share_on_mastodon":{"url":"https:\/\/pubeurope.com\/@de\/115632378217055110","error":""},"_links":{"self":[{"href":"https:\/\/www.europesays.com\/de\/wp-json\/wp\/v2\/posts\/610638","targetHints":{"allow":["GET"]}}],"collection":[{"href":"https:\/\/www.europesays.com\/de\/wp-json\/wp\/v2\/posts"}],"about":[{"href":"https:\/\/www.europesays.com\/de\/wp-json\/wp\/v2\/types\/post"}],"author":[{"embeddable":true,"href":"https:\/\/www.europesays.com\/de\/wp-json\/wp\/v2\/users\/2"}],"replies":[{"embeddable":true,"href":"https:\/\/www.europesays.com\/de\/wp-json\/wp\/v2\/comments?post=610638"}],"version-history":[{"count":0,"href":"https:\/\/www.europesays.com\/de\/wp-json\/wp\/v2\/posts\/610638\/revisions"}],"wp:featuredmedia":[{"embeddable":true,"href":"https:\/\/www.europesays.com\/de\/wp-json\/wp\/v2\/media\/610639"}],"wp:attachment":[{"href":"https:\/\/www.europesays.com\/de\/wp-json\/wp\/v2\/media?parent=610638"}],"wp:term":[{"taxonomy":"category","embeddable":true,"href":"https:\/\/www.europesays.com\/de\/wp-json\/wp\/v2\/categories?post=610638"},{"taxonomy":"post_tag","embeddable":true,"href":"https:\/\/www.europesays.com\/de\/wp-json\/wp\/v2\/tags?post=610638"}],"curies":[{"name":"wp","href":"https:\/\/api.w.org\/{rel}","templated":true}]}}