{"id":610640,"date":"2025-11-29T09:53:11","date_gmt":"2025-11-29T09:53:11","guid":{"rendered":"https:\/\/www.europesays.com\/de\/610640\/"},"modified":"2025-11-29T09:53:11","modified_gmt":"2025-11-29T09:53:11","slug":"tuerkei-papst-besucht-die-blaue-moschee-in-istanbul","status":"publish","type":"post","link":"https:\/\/www.europesays.com\/de\/610640\/","title":{"rendered":"T\u00fcrkei: Papst besucht die Blaue Moschee in Istanbul"},"content":{"rendered":"<p class=\"paragraph article__item\"><a class=\"rtr-entity\" href=\"https:\/\/www.zeit.de\/thema\/papst-leo\" target=\"_blank\" rel=\"noopener\">Papst Leo<\/a> XIV.<br \/>\nhat bei seinem <a href=\"https:\/\/www.zeit.de\/politik\/ausland\/2025-11\/papst-leo-xiv-tuerkei-lob-erdogan\" class=\"\" target=\"_blank\" rel=\"noopener\">Besuch in der T\u00fcrkei<\/a> die Sultan-Ahmet-Moschee in<br \/>\n<a href=\"https:\/\/www.zeit.de\/thema\/istanbul\" class=\"\" target=\"_blank\" rel=\"noopener\">Istanbul<\/a> besichtigt. Der Chef der staatlichen Religionsbeh\u00f6rde Diyanet<br \/>\nempfing das Oberhaupt der katholischen Kirche. Der Papst betrat das Geb\u00e4ude vorschriftsgem\u00e4\u00df ohne Schuhe.<br \/>\n Der Besuch fand unter hohen Sicherheitsvorkehrungen statt.\u00a0\n<\/p>\n<p class=\"paragraph article__item\">Der <a href=\"https:\/\/www.zeit.de\/thema\/vatikan\" class=\"\" target=\"_blank\" rel=\"noopener\">Vatikan<\/a> hatte vorab bekannt gegeben, dass der Papst auch &#8222;ein stilles Gebet&#8220; in der <a class=\"rtr-entity\" href=\"https:\/\/www.zeit.de\/thema\/moschee\" target=\"_blank\" rel=\"noopener\">Moschee<\/a> abhalten wolle. Dazu ist es laut Berichten aber nicht gekommen. Der oberste Muezzin der Moschee f\u00fchrte den Papst durch das Gotteshaus. Leo habe ihm gesagt, er w\u00fcrde es bevorzugen, die Moschee nur zu besichtigen und nicht zu beten. Der Besuch dauerte etwa 20 Minuten.\n<\/p>\n<p class=\"paragraph article__item\">Die Vorg\u00e4nger von Leo, Benedikt XVI. und <a href=\"https:\/\/www.zeit.de\/thema\/papst-franziskus\" class=\"\" target=\"_blank\" rel=\"noopener\">Franziskus<\/a>, waren w\u00e4hrend ihrer Besuche in dem<br \/>\nislamischen Gotteshaus damals jeweils f\u00fcr einen Moment des stillen<br \/>\nGebets in sich gekehrt. Franziskus sorgte 2014 etwa f\u00fcr Aufsehen, als er sein Haupt gen<br \/>\nMekka neigte und damit demonstrativ seinen Respekt vor dem Islam<br \/>\nbekundete.\n<\/p>\n<p>        Leo XIV. l\u00e4sst die Hagia Sophia aus        <\/p>\n<p class=\"paragraph article__item\">Die Sultan-Ahmet-Moschee, auch Blaue Moschee genannt, ist eine der<br \/>\nber\u00fchmtesten Moscheen <a class=\"rtr-entity\" href=\"https:\/\/www.zeit.de\/thema\/istanbul\" target=\"_blank\" rel=\"noopener\">Istanbuls<\/a> und eine der bedeutendsten in der<br \/>\nislamischen Welt. Sie liegt in unmittelbarer N\u00e4he zur Hagia Sophia. Im<br \/>\nGegensatz zu seinen zwei Vorg\u00e4ngern Benedikt XVI. (2006) und Franziskus<br \/>\n(2014) besucht Leo letztere w\u00e4hrend seines T\u00fcrkeibesuchs jedoch nicht.<br \/>\nDie fr\u00fchere Kathedrale wurde 2020 in eine Moschee umgewandelt, nachdem<br \/>\nsie seit 1934 ein Museum gewesen war.\n<\/p>\n<p class=\"paragraph article__item\">Der Vatikan \u00e4u\u00dferte sich nicht zur Entscheidung des Papstes, die Hagia Sophia nicht zu besuchen. Der verstorbene Papst Franziskus sagte 2020, er sei &#8222;sehr betr\u00fcbt&#8220; dar\u00fcber, dass sie wieder zu einer Moschee umgewandelt worden sei.\u00a0\n<\/p>\n<p>        Heilige Messe in Arena        <\/p>\n<p class=\"paragraph article__item\">Im weiteren Verlauf seines Besuchs will der Papst den Sitz des<br \/>\northodoxen Ehrenoberhaupts, Patriarch Bartholomaios I., besuchen. Nach einem<br \/>\nGebetstreffen in dessen Hauptkirche ist die Unterzeichnung einer<br \/>\ngemeinsamen Erkl\u00e4rung zur Einheit der Christen geplant.\u00a0\n<\/p>\n<p class=\"paragraph article__item\">Danach will Leo XIV. in einer gro\u00dfen Arena eine katholische<br \/>\nMesse feiern. Dazu werden rund 4.000 bis 5.000 Menschen erwartet. Etwa 33.000<br \/>\n der 85,5 Millionen Einwohner der <a class=\"rtr-entity\" href=\"https:\/\/www.zeit.de\/thema\/tuerkei\" target=\"_blank\" rel=\"noopener\">T\u00fcrkei<\/a> sind Katholiken.\n<\/p>\n<p class=\"paragraph article__item\">Der Papst befindet sich noch bis Anfang kommender Woche auf <a href=\"https:\/\/www.zeit.de\/gesellschaft\/zeitgeschehen\/2025-10\/vatikan-tuerkei-libanon-papst-leo-xiv-auslandsreise\" class=\"\" target=\"_blank\" rel=\"noopener\">seiner ersten Auslandsreise<\/a>. Neben der T\u00fcrkei <a href=\"https:\/\/www.zeit.de\/2025\/50\/auslandsreise-papst-leo-xiv-libanon-hisbollah-tuerkei\" class=\"\" target=\"_blank\" rel=\"noopener\">besucht er ab Sonntag auch den Libanon<\/a>.\n<\/p>\n<p>            Papst Leo XIV.        <\/p>\n<p>Mehr dazu<\/p>\n<p>                <a href=\"https:\/\/www.zeit.de\/2025\/50\/papstreise-leo-xiv-tuerkei-istanbul-blaue-moschee-muslime\" data-ct-label=\"Papstreise : Mitten hinein in religi\u00f6se Konflikte\" target=\"_blank\" rel=\"noopener\"><\/p>\n<p>                        Papstreise :<br \/>\n                        Mitten hinein in religi\u00f6se Konflikte<\/p>\n<p>                <\/a><\/p>\n<p>                <a href=\"https:\/\/www.zeit.de\/2025\/50\/auslandsreise-papst-leo-xiv-libanon-hisbollah-tuerkei\" data-ct-label=\"Auslandsreise von Papst Leo XIV.: Nun schauen alle auf die Hisbollah\" target=\"_blank\" rel=\"noopener\"><\/p>\n<p>        Z+ (abopflichtiger Inhalt);<\/p>\n<p>    Auslandsreise von Papst Leo XIV.:<br \/>\n                        Nun schauen alle auf die Hisbollah<\/p>\n<p>                <\/a><\/p>\n<p>                <a href=\"https:\/\/www.zeit.de\/kultur\/2025-05\/ordensbruder-papst-leo-xiv-augustiner-wuerzburg-lukas-schmidkunz\" data-ct-label=\"Ordensbruder von Papst Leo XIV.: &quot;Bob hat \u00e4sthetisches Gesp\u00fcr&quot;\" target=\"_blank\" rel=\"noopener\"><\/p>\n<p>        Z+ (abopflichtiger Inhalt);<\/p>\n<p>    Ordensbruder von Papst Leo XIV.:<br \/>\n                        &#8222;Bob hat \u00e4sthetisches Gesp\u00fcr&#8220;<\/p>\n<p>                <\/a><\/p>\n","protected":false},"excerpt":{"rendered":"Papst Leo XIV. hat bei seinem Besuch in der T\u00fcrkei die Sultan-Ahmet-Moschee in Istanbul besichtigt. Der Chef der&hellip;\n","protected":false},"author":2,"featured_media":610641,"comment_status":"","ping_status":"","sticky":false,"template":"","format":"standard","meta":{"footnotes":""},"categories":[3],"tags":[1724,88497,13,145,5531,14,15,39775,12,6053,145187,10,8,9,11,143,103,104],"class_list":{"0":"post-610640","1":"post","2":"type-post","3":"status-publish","4":"format-standard","5":"has-post-thumbnail","7":"category-welt","8":"tag-gesellschaft","9":"tag-gotteshaus","10":"tag-headlines","11":"tag-istanbul","12":"tag-moschee","13":"tag-nachrichten","14":"tag-news","15":"tag-papst-leo","16":"tag-schlagzeilen","17":"tag-stadtteil","18":"tag-sultanahmet","19":"tag-top-news","20":"tag-top-meldungen","21":"tag-topmeldungen","22":"tag-topnews","23":"tag-tuerkei","24":"tag-welt","25":"tag-world"},"share_on_mastodon":{"url":"https:\/\/pubeurope.com\/@de\/115632380477415394","error":""},"_links":{"self":[{"href":"https:\/\/www.europesays.com\/de\/wp-json\/wp\/v2\/posts\/610640","targetHints":{"allow":["GET"]}}],"collection":[{"href":"https:\/\/www.europesays.com\/de\/wp-json\/wp\/v2\/posts"}],"about":[{"href":"https:\/\/www.europesays.com\/de\/wp-json\/wp\/v2\/types\/post"}],"author":[{"embeddable":true,"href":"https:\/\/www.europesays.com\/de\/wp-json\/wp\/v2\/users\/2"}],"replies":[{"embeddable":true,"href":"https:\/\/www.europesays.com\/de\/wp-json\/wp\/v2\/comments?post=610640"}],"version-history":[{"count":0,"href":"https:\/\/www.europesays.com\/de\/wp-json\/wp\/v2\/posts\/610640\/revisions"}],"wp:featuredmedia":[{"embeddable":true,"href":"https:\/\/www.europesays.com\/de\/wp-json\/wp\/v2\/media\/610641"}],"wp:attachment":[{"href":"https:\/\/www.europesays.com\/de\/wp-json\/wp\/v2\/media?parent=610640"}],"wp:term":[{"taxonomy":"category","embeddable":true,"href":"https:\/\/www.europesays.com\/de\/wp-json\/wp\/v2\/categories?post=610640"},{"taxonomy":"post_tag","embeddable":true,"href":"https:\/\/www.europesays.com\/de\/wp-json\/wp\/v2\/tags?post=610640"}],"curies":[{"name":"wp","href":"https:\/\/api.w.org\/{rel}","templated":true}]}}