{"id":610720,"date":"2025-11-29T10:43:19","date_gmt":"2025-11-29T10:43:19","guid":{"rendered":"https:\/\/www.europesays.com\/de\/610720\/"},"modified":"2025-11-29T10:43:19","modified_gmt":"2025-11-29T10:43:19","slug":"zu-wenig-kitaplaetze-in-bremen-und-niedersachsen-2","status":"publish","type":"post","link":"https:\/\/www.europesays.com\/de\/610720\/","title":{"rendered":"Zu wenig Kitapl\u00e4tze in Bremen und Niedersachsen"},"content":{"rendered":"<p>    &#13;<br \/>\n      29.11.2025, 10:34 \/ Lesedauer: ca. 2min Studie zu Kitapl\u00e4tzen <\/p>\n<p class=\"intro\">In vielen Bundesl\u00e4ndern herrscht gro\u00dfer Kitaplatz-Mangel, auch Bremen und Niedersachsen sind betroffen. Das zeigt eine neue Studie. <\/p>\n<p>      &#13;<br \/>\n        <img decoding=\"async\"   src=\"https:\/\/www.europesays.com\/de\/wp-content\/uploads\/2025\/11\/die-planung-von-kitaplaetzen-sind-keine-sandkastenspiele-1147887.jpg\" title=\"Zu wenig Kitapl\u00e4tze in Bremen und Niedersachsen \" alt=\"Die Planung von Kitapl\u00e4tzen sind keine Sandkastenspiele. (Symbolbild) Foto: Christoph Soeder\/dpa\" class=\"img-responsive\"\/>&#13;<\/p>\n<p class=\"image-credit\">&#13;<br \/>\n\t\t\t\t\t\u00a9 Christoph Soeder\/dpa<\/p>\n<p>&#13;<br \/>\n        &#13;<br \/>\n        &#13;<\/p>\n<p>Die Planung von Kitapl\u00e4tzen sind keine Sandkastenspiele. (Symbolbild) Foto: Christoph Soeder\/dpa <\/p>\n<p>&#13;<br \/>\n        &#13;<\/p>\n<p class=\"author\">&#13;<br \/>\n      Von dpa<\/p>\n","protected":false},"excerpt":{"rendered":"&#13; 29.11.2025, 10:34 \/ Lesedauer: ca. 2min Studie zu Kitapl\u00e4tzen In vielen Bundesl\u00e4ndern herrscht gro\u00dfer Kitaplatz-Mangel, auch Bremen&hellip;\n","protected":false},"author":2,"featured_media":610721,"comment_status":"","ping_status":"","sticky":false,"template":"","format":"standard","meta":{"footnotes":""},"categories":[1824],"tags":[620,2420,3364,29,553,30,1114,14430,1411,1458],"class_list":{"0":"post-610720","1":"post","2":"type-post","3":"status-publish","4":"format-standard","5":"has-post-thumbnail","7":"category-bremen","8":"tag-arbeitsmarkt","9":"tag-bremen","10":"tag-de","11":"tag-deutschland","12":"tag-familie","13":"tag-germany","14":"tag-kinder","15":"tag-kindergrten","16":"tag-niedersachsen","17":"tag-soziales"},"share_on_mastodon":{"url":"https:\/\/pubeurope.com\/@de\/115632577651933084","error":""},"_links":{"self":[{"href":"https:\/\/www.europesays.com\/de\/wp-json\/wp\/v2\/posts\/610720","targetHints":{"allow":["GET"]}}],"collection":[{"href":"https:\/\/www.europesays.com\/de\/wp-json\/wp\/v2\/posts"}],"about":[{"href":"https:\/\/www.europesays.com\/de\/wp-json\/wp\/v2\/types\/post"}],"author":[{"embeddable":true,"href":"https:\/\/www.europesays.com\/de\/wp-json\/wp\/v2\/users\/2"}],"replies":[{"embeddable":true,"href":"https:\/\/www.europesays.com\/de\/wp-json\/wp\/v2\/comments?post=610720"}],"version-history":[{"count":0,"href":"https:\/\/www.europesays.com\/de\/wp-json\/wp\/v2\/posts\/610720\/revisions"}],"wp:featuredmedia":[{"embeddable":true,"href":"https:\/\/www.europesays.com\/de\/wp-json\/wp\/v2\/media\/610721"}],"wp:attachment":[{"href":"https:\/\/www.europesays.com\/de\/wp-json\/wp\/v2\/media?parent=610720"}],"wp:term":[{"taxonomy":"category","embeddable":true,"href":"https:\/\/www.europesays.com\/de\/wp-json\/wp\/v2\/categories?post=610720"},{"taxonomy":"post_tag","embeddable":true,"href":"https:\/\/www.europesays.com\/de\/wp-json\/wp\/v2\/tags?post=610720"}],"curies":[{"name":"wp","href":"https:\/\/api.w.org\/{rel}","templated":true}]}}