{"id":610737,"date":"2025-11-29T10:52:12","date_gmt":"2025-11-29T10:52:12","guid":{"rendered":"https:\/\/www.europesays.com\/de\/610737\/"},"modified":"2025-11-29T10:52:12","modified_gmt":"2025-11-29T10:52:12","slug":"vorfall-an-der-koenigstrasse-mann-und-frau-stehlen-kleidung-und-bespruehen-mitarbeiter-mit-pfefferspray","status":"publish","type":"post","link":"https:\/\/www.europesays.com\/de\/610737\/","title":{"rendered":"Vorfall an der K\u00f6nigstra\u00dfe: Mann und Frau stehlen Kleidung und bespr\u00fchen Mitarbeiter mit Pfefferspray"},"content":{"rendered":"<p>Ein Mann und eine Frau haben offenbar am Freitagnachmittag in einem Gesch\u00e4ft an der K\u00f6nigstra\u00dfe in <a href=\"https:\/\/www.stuttgarter-zeitung.de\/thema\/Stuttgart\" title=\"Stuttgart\" class=\"art_thema\" rel=\"nofollow noopener\" target=\"_blank\">Stuttgart<\/a> geklaut und einem Mitarbeiter <a href=\"https:\/\/www.stuttgarter-zeitung.de\/thema\/Pfefferspray\" title=\"Pfefferspray\" class=\"art_thema\" rel=\"nofollow noopener\" target=\"_blank\">Pfefferspray<\/a> ins Gesicht gespr\u00fcht. Gegen 18.10 Uhr beobachtete der 29-J\u00e4hrige Mitarbeiter laut einer Mitteilung der <a href=\"https:\/\/www.stuttgarter-zeitung.de\/thema\/Polizei\" title=\"Polizei\" class=\"art_thema\" rel=\"nofollow noopener\" target=\"_blank\">Polizei<\/a> einen Mann und eine Frau, wie diese das Ladengesch\u00e4ft verlie\u00dfen, als der Alarm beim Ausgang ansprang. Der Mitarbeiter forderte den Mann auf, seinen Rucksack zu \u00f6ffnen. Beim Blick in den Rucksack entdeckte der Mitarbeiter der Polizei zufolge mehrere neuwertige T-Shirts und Schuhe, bei denen es sich um mutma\u00dfliches Diebesgut handelte.<\/p>\n<p>Der 29-J\u00e4hrige forderte beide Personen auf, zur Kl\u00e4rung des Sachverhalts mit ins B\u00fcro zu kommen. Der Mann versuchte zu fl\u00fcchten und wurde von dem Mitarbeiter festgehalten. Die Frau spr\u00fchte dem 29-J\u00e4hrigen daraufhin Pfefferspray ins Gesicht und fl\u00fcchtete gemeinsam mit dem Mann. <\/p>\n<p>Beide Tatverd\u00e4chtige waren der Polizei zufolge zwischen 35 und 40 Jahre alt. Der Mann war demnach zirka 1,90 Meter gro\u00df und d\u00fcnn, hatte lichtes Haar und war bekleidet mit einer schwarzen Jacke, hellen Jeans und schwarzen Schuhen. Er hatte den Angaben zufolge einen schwarzen Rucksack dabei. Die Frau trug schwarze Kleidung. Zeugen werden gebeten, sich unter der Telefonnummer 0711 89905778 mit der Kriminalpolizei in Verbindung zu setzten.<\/p>\n","protected":false},"excerpt":{"rendered":"Ein Mann und eine Frau haben offenbar am Freitagnachmittag in einem Gesch\u00e4ft an der K\u00f6nigstra\u00dfe in Stuttgart geklaut&hellip;\n","protected":false},"author":2,"featured_media":610738,"comment_status":"","ping_status":"","sticky":false,"template":"","format":"standard","meta":{"footnotes":""},"categories":[1830],"tags":[1634,3364,29,1686,30,3905,121,8248,1441],"class_list":{"0":"post-610737","1":"post","2":"type-post","3":"status-publish","4":"format-standard","5":"has-post-thumbnail","7":"category-stuttgart","8":"tag-baden-wuerttemberg","9":"tag-de","10":"tag-deutschland","11":"tag-diebstahl","12":"tag-germany","13":"tag-pfefferspray","14":"tag-polizei","15":"tag-polizeibericht-stuttgart","16":"tag-stuttgart"},"share_on_mastodon":{"url":"https:\/\/pubeurope.com\/@de\/115632612615443475","error":""},"_links":{"self":[{"href":"https:\/\/www.europesays.com\/de\/wp-json\/wp\/v2\/posts\/610737","targetHints":{"allow":["GET"]}}],"collection":[{"href":"https:\/\/www.europesays.com\/de\/wp-json\/wp\/v2\/posts"}],"about":[{"href":"https:\/\/www.europesays.com\/de\/wp-json\/wp\/v2\/types\/post"}],"author":[{"embeddable":true,"href":"https:\/\/www.europesays.com\/de\/wp-json\/wp\/v2\/users\/2"}],"replies":[{"embeddable":true,"href":"https:\/\/www.europesays.com\/de\/wp-json\/wp\/v2\/comments?post=610737"}],"version-history":[{"count":0,"href":"https:\/\/www.europesays.com\/de\/wp-json\/wp\/v2\/posts\/610737\/revisions"}],"wp:featuredmedia":[{"embeddable":true,"href":"https:\/\/www.europesays.com\/de\/wp-json\/wp\/v2\/media\/610738"}],"wp:attachment":[{"href":"https:\/\/www.europesays.com\/de\/wp-json\/wp\/v2\/media?parent=610737"}],"wp:term":[{"taxonomy":"category","embeddable":true,"href":"https:\/\/www.europesays.com\/de\/wp-json\/wp\/v2\/categories?post=610737"},{"taxonomy":"post_tag","embeddable":true,"href":"https:\/\/www.europesays.com\/de\/wp-json\/wp\/v2\/tags?post=610737"}],"curies":[{"name":"wp","href":"https:\/\/api.w.org\/{rel}","templated":true}]}}