{"id":610768,"date":"2025-11-29T11:10:20","date_gmt":"2025-11-29T11:10:20","guid":{"rendered":"https:\/\/www.europesays.com\/de\/610768\/"},"modified":"2025-11-29T11:10:20","modified_gmt":"2025-11-29T11:10:20","slug":"gottschalk-geraet-bei-preisverleihung-ins-stammeln","status":"publish","type":"post","link":"https:\/\/www.europesays.com\/de\/610768\/","title":{"rendered":"Gottschalk ger\u00e4t bei Preisverleihung ins Stammeln"},"content":{"rendered":"<p>&#8222;Romy, Romys f\u00fcr Tommy, viele Romys&#8220; <\/p>\n<p>Thomas Gottschalk verliert auf der B\u00fchne den Faden<\/p>\n<p>Aktualisiert am 29.11.2025 &#8211; 06:57 UhrLesedauer: 2 Min.<\/p>\n<p><a href=\"#focus-0\" class=\"transition-colors duration-200 block text-current relative\" data-sctrack=\"FocusGalleryImage.Reference\"><img fetchpriority=\"high\" data-testid=\"Opener.Image\" style=\"--lqipURL:url('https:\/\/images.t-online.de\/2025\/11\/EocSgCcYYsLb\/0x240:1639x922\/fit-in\/150x0\/filters:blur(25)\/thomas-gottschalk-nach-der-preisverleihung-der-oesterreichischen-film-und-fernsehpreise-romy.jpg')\"   loading=\"eager\" src=\"https:\/\/www.europesays.com\/de\/wp-content\/uploads\/2025\/11\/thomas-gottschalk-nach-der-preisverleihung-der-oesterreichischen-film-und-fernsehpreise-romy.jpg\" alt=\"Thomas Gottschalk nach der Preisverleihung der \u00f6sterreichischen Film- und Fernsehpreise &quot;Romy&quot;.\" title=\"Thomas Gottschalk nach der Preisverleihung der \u00f6sterreichischen Film- und Fernsehpreise &quot;Romy&quot;.\" width=\"1639\" height=\"922\" class=\"bg-[url:var(--lqipURL)] bg-cover bg-center flex h-full w-full max-w-full\" decoding=\"async\"\/><img style=\"--width:32;--height:32\" loading=\"lazy\" src=\"https:\/\/www.t-online.de\/s\/paper\/_next\/static\/media\/zoom-in.f7dae02f.svg\" alt=\"Vergr\u00f6\u00dfern des Bildes\" title=\"Vergr\u00f6\u00dfern des Bildes\" class=\"block h-[calc(var(--height)_\/_16_*_1rem)] w-[calc(var(--width)_\/_16_*_1rem)] max-w-none absolute bottom-8 right-8 rounded-4 bg-snow p-8\" decoding=\"async\"\/><\/a><\/p>\n<p>Thomas Gottschalk nach der Preisverleihung der \u00f6sterreichischen Film- und Fernsehpreise &#8222;Romy&#8220;. (Quelle: Barbara Gindl)<\/p>\n<p class=\"font-bold text-18 leading-17\">In Kitzb\u00fchel erh\u00e4lt Thomas Gottschalk einen Preis f\u00fcr sein Lebenswerk. Bei der \u00dcbergabe wirkt er erneut verwirrt. Er selbst sieht sich als fit.<\/p>\n<p class=\"text-18 leading-17\">Moderator <a class=\"transition-colors duration-200 cursor-pointer text-inherit no-underline text-salemsfur md:hover:text-magenta md:hover:border-magenta md:focus:text-magenta border-current border-b border-solid break-words\" href=\"https:\/\/www.t-online.de\/themen\/thomas-gottschalk\/\" data-sctrack=\"BodyAnchor\" rel=\"nofollow noopener\" target=\"_blank\">Thomas Gottschalk<\/a> ist mit dem \u00f6sterreichischen TV-Preis Diamant-Romy ausgezeichnet worden. Er erhielt die Auszeichnung in Kitzb\u00fchel in Anerkennung seiner TV-Leistungen.<\/p>\n<p class=\"text-18 leading-17\">Bei seiner Dankesrede zittert seine Stimme zeitweise, er scheint sogar leicht zu lallen. &#8222;Ich werde mich morgen wieder entschuldigen m\u00fcssen. In Deutschland, weil ich gesagt habe, mir liegt der \u00f6sterreichische Humor ein bisschen mehr als der deutsche. Aber das ist einfach so&#8220;, sagt er gleich zu Beginn. Und er f\u00fcgt an: &#8222;Eigentlich muss ich mich immer f\u00fcr das entschuldigen, was ich gesagt habe, aber ich wei\u00df auch nicht, wie ich das schaffe.&#8220; Daf\u00fcr gab es noch Applaus.<\/p>\n<p class=\"text-18 leading-17\">Dann beschwert er sich \u00fcber die H\u00f6he des Mikrofonst\u00e4nders. &#8222;Wir haben in Deutschland die Mikrofone, die so weit aus dem Boden kommen, wie gro\u00df der Laudator gerade ist.&#8220; Als N\u00e4chstes wendet er sich an den neben ihm stehenden \u00f6sterreichischen Regisseur Otto Retzer und beginnt zu witzeln. &#8222;Otto, f\u00fcr dich w\u00e4re das sogar ein Tipp f\u00fcr einen Film, eine Romy f\u00fcr Tommy, aber ich glaube, in dem Fall w\u00e4re es eine Serie besser, die vielen Romys f\u00fcr Tommy.&#8220;<\/p>\n<p class=\"text-18 leading-17\">Dann f\u00e4ngt er an zu stammeln, und wiederholt mehrfach die Worte &#8222;Romy&#8220; und &#8222;Tommy&#8220;. Gottschalk f\u00fcgt hinzu: &#8222;Ich habe mir das nicht so genau \u00fcberlegt!&#8220; Schlie\u00dflich z\u00e4hlt er den Timer herunter, der vor ihm steht. &#8222;Hier l\u00e4uft die Zeit runter&#8220;, sagt Gottschalk und ruft: &#8222;Wo ist die Romy?&#8220; Als der &#8222;Bergdoktor&#8220; <a class=\"transition-colors duration-200 cursor-pointer text-inherit no-underline text-salemsfur md:hover:text-magenta md:hover:border-magenta md:focus:text-magenta border-current border-b border-solid break-words\" href=\"https:\/\/www.t-online.de\/themen\/hans-sigl\/\" data-sctrack=\"BodyAnchor\" rel=\"nofollow noopener\" target=\"_blank\">Hans Sigl<\/a> zu ihm auf die B\u00fchne kommt, r\u00e4t dieser Gottschalk als Erstes: &#8222;Entspann Dich, Tommy&#8220;.<\/p>\n<p class=\"text-18 leading-17\">Als Gottschalk dann die goldene Figur, die einen diamantenbesetzten G\u00fcrtel tr\u00e4gt, erhielt, sagt der 75-J\u00e4hrige: &#8222;Der hat &#8217;ne <a class=\"transition-colors duration-200 cursor-pointer text-inherit no-underline text-salemsfur md:hover:text-magenta md:hover:border-magenta md:focus:text-magenta border-current border-b border-solid break-words\" href=\"https:\/\/www.t-online.de\/gesundheit\/krankheiten-symptome\/guertelrose\/id_44450514\/guertelrose-ansteckung-symptome-ursache-dauer-von-herpes-zoster.html\" data-sctrack=\"BodyAnchor\" rel=\"nofollow noopener\" target=\"_blank\">G\u00fcrtelrose<\/a>, eine G\u00fcrtelrose&#8220;. Eine fr\u00fcher an ihn verliehene Romy war beim Feuer in seinem Haus im kalifornischen Malibu geschmolzen. Sollte noch einmal so eine Katastrophe eintreten, hoffe er, dass diesmal zumindest die Diamanten \u00fcbrigblieben, sagt Gottschalk.<\/p>\n<p class=\"text-18 leading-17\">Fans zeigten sich verwundert: &#8222;Muss man sich um ihn Sorgen machen?&#8220;, hie\u00df es in einem Beitrag auf der Plattform X. &#8222;Irgendwie wieder sehr eigenartiger Auftritt \u2026&#8220;, schrieb ein Nutzer.<\/p>\n<p class=\"text-18 leading-17\">Gottschalk selbst sagte nach der Preisverleihung laut &#8222;Bild&#8220;: &#8222;Mir geht es so gut, wie es einem 75-J\u00e4hrigen gehen kann und ich bin so fit, wie man mit 75 fit sein kann.&#8220;<\/p>\n<p class=\"text-18 leading-17\">Der fr\u00fchere &#8222;Wetten dass..?&#8220;-Moderator hatte vergangene Woche angek\u00fcndigt, sich mit einer wohl letzten Samstagabendshow bei RTL am 6. Dezember aus dem TV-Gesch\u00e4ft zu verabschieden. Die Romy ist ein von der Tageszeitung &#8222;Kurier&#8220; vergebener \u00f6sterreichischer TV- und Filmpreis. Er wird in zahlreichen Kategorien durch Publikums-Voting vergeben.<\/p>\n","protected":false},"excerpt":{"rendered":"&#8222;Romy, Romys f\u00fcr Tommy, viele Romys&#8220; Thomas Gottschalk verliert auf der B\u00fchne den Faden Aktualisiert am 29.11.2025 &#8211;&hellip;\n","protected":false},"author":2,"featured_media":610769,"comment_status":"","ping_status":"","sticky":false,"template":"","format":"standard","meta":{"footnotes":""},"categories":[1776],"tags":[1217,1801,29,214,30,34775,9290,145206,1802,8266,215],"class_list":{"0":"post-610768","1":"post","2":"type-post","3":"status-publish","4":"format-standard","5":"has-post-thumbnail","7":"category-prominente","8":"tag-1217","9":"tag-celebrities","10":"tag-deutschland","11":"tag-entertainment","12":"tag-germany","13":"tag-guertelrose","14":"tag-kitzbuehel","15":"tag-otto-retzer","16":"tag-prominente","17":"tag-thomas-gottschalk","18":"tag-unterhaltung"},"share_on_mastodon":{"url":"https:\/\/pubeurope.com\/@de\/115632685418866346","error":""},"_links":{"self":[{"href":"https:\/\/www.europesays.com\/de\/wp-json\/wp\/v2\/posts\/610768","targetHints":{"allow":["GET"]}}],"collection":[{"href":"https:\/\/www.europesays.com\/de\/wp-json\/wp\/v2\/posts"}],"about":[{"href":"https:\/\/www.europesays.com\/de\/wp-json\/wp\/v2\/types\/post"}],"author":[{"embeddable":true,"href":"https:\/\/www.europesays.com\/de\/wp-json\/wp\/v2\/users\/2"}],"replies":[{"embeddable":true,"href":"https:\/\/www.europesays.com\/de\/wp-json\/wp\/v2\/comments?post=610768"}],"version-history":[{"count":0,"href":"https:\/\/www.europesays.com\/de\/wp-json\/wp\/v2\/posts\/610768\/revisions"}],"wp:featuredmedia":[{"embeddable":true,"href":"https:\/\/www.europesays.com\/de\/wp-json\/wp\/v2\/media\/610769"}],"wp:attachment":[{"href":"https:\/\/www.europesays.com\/de\/wp-json\/wp\/v2\/media?parent=610768"}],"wp:term":[{"taxonomy":"category","embeddable":true,"href":"https:\/\/www.europesays.com\/de\/wp-json\/wp\/v2\/categories?post=610768"},{"taxonomy":"post_tag","embeddable":true,"href":"https:\/\/www.europesays.com\/de\/wp-json\/wp\/v2\/tags?post=610768"}],"curies":[{"name":"wp","href":"https:\/\/api.w.org\/{rel}","templated":true}]}}